{"id":28891,"date":"2025-07-10T21:56:10","date_gmt":"2025-07-11T00:56:10","guid":{"rendered":"https:\/\/noticiasnoface.com.br\/?p=28891"},"modified":"2025-07-10T21:56:10","modified_gmt":"2025-07-11T00:56:10","slug":"irma-rita-de-cassia-recebe-titulo-de-cidada-natalense-em-solenidade-3","status":"publish","type":"post","link":"https:\/\/noticiasnoface.com.br\/index.php\/2025\/07\/10\/irma-rita-de-cassia-recebe-titulo-de-cidada-natalense-em-solenidade-3\/","title":{"rendered":"Irm\u00e3 Rita de C\u00e1ssia recebe T\u00edtulo de Cidad\u00e3 Natalense em solenidade&nbsp;"},"content":{"rendered":"\n<figure class=\"wp-block-image foto-noticia\"><img data-opt-id=665367506  fetchpriority=\"high\" decoding=\"async\" src=\"https:\/\/www.cmnat.rn.gov.br\/_ups\/noticias\/2025\/06\/28\/c18ae9e87d3afb0122b6fdae4384b240.jpg\" alt=\"\"\/><\/figure>\n\n\n\n<p>Em uma tarde marcada por gratid\u00e3o e reconhecimento, o vereador Tony Henrique promoveu, nesta sexta-feira (27), a entrega do T\u00edtulo de Cidad\u00e3 Natalense \u00e0 Irm\u00e3 Rita de C\u00e1ssia Cerqueira, diretora do Instituto Juvino Barreto, uma das institui\u00e7\u00f5es mais tradicionais no cuidado com a pessoa idosa em Natal.<\/p>\n\n\n\n<p>A solenidade aconteceu na pr\u00f3pria sede do instituto, reunindo autoridades, idosos residentes, funcion\u00e1rios, volunt\u00e1rios e amigos da homenageada. O momento foi embalado pela apresenta\u00e7\u00e3o do grupo musical Violoukos, que contribuiu para a beleza da cerim\u00f4nia.<\/p>\n\n\n\n<p>Representando o Prefeito Paulinho Freire esteve Luciana Dantas, Secret\u00e1ria Municipal da Igualdade Racial, Direitos Humanos, Diversidade, Pessoas Idosas e Pessoas com Defici\u00eancia (SEMIHD), refor\u00e7ando a import\u00e2ncia da atua\u00e7\u00e3o da Irm\u00e3 Rita para a promo\u00e7\u00e3o dos direitos da pessoa idosa em Natal.<\/p>\n\n\n\n<p>Durante seu discurso, o vereador Tony Henrique destacou o legado da religiosa e a for\u00e7a do seu testemunho:<br \/>&#8220;A Irm\u00e3 Rita vive a f\u00e9 com coer\u00eancia. Faz de sua vida um exemplo para os outros. Sua miss\u00e3o \u00e9 feita com o cora\u00e7\u00e3o, como nos ensina a Palavra em Colossenses 3:23: &#8216;Tudo o que fizerem, fa\u00e7am de todo o cora\u00e7\u00e3o, como para o Senhor.'&#8221;<\/p>\n\n\n\n<p>Natural de Feira de Santana (BA), Irm\u00e3 Rita chegou ao Instituto em 2014 e assumiu sua dire\u00e7\u00e3o em 2017. Desde ent\u00e3o, tem liderado com sensibilidade e garra uma profunda reestrutura\u00e7\u00e3o da entidade, fortalecendo seus servi\u00e7os e seu papel social na cidade.<\/p>\n\n\n\n<p>A entrega do t\u00edtulo representa o reconhecimento p\u00fablico de Natal \u00e0 sua trajet\u00f3ria de amor ao pr\u00f3ximo, dedica\u00e7\u00e3o \u00e0 causa dos idosos e compromisso com a dignidade humana.<\/p>\n\n\n\n<p><\/p>\n","protected":false},"excerpt":{"rendered":"<p>Em uma tarde marcada por gratid\u00e3o e reconhecimento, o vereador Tony Henrique promoveu, nesta sexta-feira (27), a entrega do T\u00edtulo [&hellip;]<\/p>\n","protected":false},"author":1,"featured_media":0,"comment_status":"closed","ping_status":"","sticky":false,"template":"","format":"image","meta":{"site-sidebar-layout":"default","site-content-layout":"","ast-site-content-layout":"default","site-content-style":"default","site-sidebar-style":"default","ast-global-header-display":"","ast-banner-title-visibility":"","ast-main-header-display":"","ast-hfb-above-header-display":"","ast-hfb-below-header-display":"","ast-hfb-mobile-header-display":"","site-post-title":"","ast-breadcrumbs-content":"","ast-featured-img":"","footer-sml-layout":"","ast-disable-related-posts":"","theme-transparent-header-meta":"","adv-header-id-meta":"","stick-header-meta":"","header-above-stick-meta":"","header-main-stick-meta":"","header-below-stick-meta":"","astra-migrate-meta-layouts":"default","ast-page-background-enabled":"default","ast-page-background-meta":{"desktop":{"background-color":"var(--ast-global-color-4)","background-image":"","background-repeat":"repeat","background-position":"center center","background-size":"auto","background-attachment":"scroll","background-type":"","background-media":"","overlay-type":"","overlay-color":"","overlay-opacity":"","overlay-gradient":""},"tablet":{"background-color":"","background-image":"","background-repeat":"repeat","background-position":"center center","background-size":"auto","background-attachment":"scroll","background-type":"","background-media":"","overlay-type":"","overlay-color":"","overlay-opacity":"","overlay-gradient":""},"mobile":{"background-color":"","background-image":"","background-repeat":"repeat","background-position":"center center","background-size":"auto","background-attachment":"scroll","background-type":"","background-media":"","overlay-type":"","overlay-color":"","overlay-opacity":"","overlay-gradient":""}},"ast-content-background-meta":{"desktop":{"background-color":"var(--ast-global-color-5)","background-image":"","background-repeat":"repeat","background-position":"center center","background-size":"auto","background-attachment":"scroll","background-type":"","background-media":"","overlay-type":"","overlay-color":"","overlay-opacity":"","overlay-gradient":""},"tablet":{"background-color":"var(--ast-global-color-5)","background-image":"","background-repeat":"repeat","background-position":"center center","background-size":"auto","background-attachment":"scroll","background-type":"","background-media":"","overlay-type":"","overlay-color":"","overlay-opacity":"","overlay-gradient":""},"mobile":{"background-color":"var(--ast-global-color-5)","background-image":"","background-repeat":"repeat","background-position":"center center","background-size":"auto","background-attachment":"scroll","background-type":"","background-media":"","overlay-type":"","overlay-color":"","overlay-opacity":"","overlay-gradient":""}},"footnotes":""},"categories":[3816],"tags":[],"class_list":["post-28891","post","type-post","status-publish","format-image","hentry","category-camara-municipal-de-natal","post_format-post-format-image"],"_links":{"self":[{"href":"https:\/\/noticiasnoface.com.br\/index.php\/wp-json\/wp\/v2\/posts\/28891","targetHints":{"allow":["GET"]}}],"collection":[{"href":"https:\/\/noticiasnoface.com.br\/index.php\/wp-json\/wp\/v2\/posts"}],"about":[{"href":"https:\/\/noticiasnoface.com.br\/index.php\/wp-json\/wp\/v2\/types\/post"}],"author":[{"embeddable":true,"href":"https:\/\/noticiasnoface.com.br\/index.php\/wp-json\/wp\/v2\/users\/1"}],"replies":[{"embeddable":true,"href":"https:\/\/noticiasnoface.com.br\/index.php\/wp-json\/wp\/v2\/comments?post=28891"}],"version-history":[{"count":1,"href":"https:\/\/noticiasnoface.com.br\/index.php\/wp-json\/wp\/v2\/posts\/28891\/revisions"}],"predecessor-version":[{"id":28892,"href":"https:\/\/noticiasnoface.com.br\/index.php\/wp-json\/wp\/v2\/posts\/28891\/revisions\/28892"}],"wp:attachment":[{"href":"https:\/\/noticiasnoface.com.br\/index.php\/wp-json\/wp\/v2\/media?parent=28891"}],"wp:term":[{"taxonomy":"category","embeddable":true,"href":"https:\/\/noticiasnoface.com.br\/index.php\/wp-json\/wp\/v2\/categories?post=28891"},{"taxonomy":"post_tag","embeddable":true,"href":"https:\/\/noticiasnoface.com.br\/index.php\/wp-json\/wp\/v2\/tags?post=28891"}],"curies":[{"name":"wp","href":"https:\/\/api.w.org\/{rel}","templated":true}]}}