{"id":28896,"date":"2025-07-11T21:18:02","date_gmt":"2025-07-12T00:18:02","guid":{"rendered":"https:\/\/noticiasnoface.com.br\/?p=28896"},"modified":"2025-07-11T21:18:02","modified_gmt":"2025-07-12T00:18:02","slug":"tarcisio-nega-ter-pedido-ao-stf-que-autorizasse-bolsonaro-a-ir-aos-eua","status":"publish","type":"post","link":"https:\/\/noticiasnoface.com.br\/index.php\/2025\/07\/11\/tarcisio-nega-ter-pedido-ao-stf-que-autorizasse-bolsonaro-a-ir-aos-eua\/","title":{"rendered":"Tarc\u00edsio nega ter pedido ao STF que autorizasse Bolsonaro a ir aos EUA"},"content":{"rendered":"\n<p><\/p>\n\n\n\n<p>\u200b<\/p>\n\n\n\n<h2 class=\"wp-block-heading subhead\">&#8220;N\u00e3o houve isso&#8221;, disse o governador sobre suposta tentativa de interceder na Suprema Corte<\/h2>\n\n\n\n<p>11\/07\/25 \u00e0s 20:56&nbsp;|&nbsp;Atualizado&nbsp;11\/07\/25 \u00e0s 20:59<\/p>\n\n\n\n<figure class=\"wp-block-image\"><img data-opt-id=762443687  fetchpriority=\"high\" decoding=\"async\" src=\"https:\/\/admin.cnnbrasil.com.br\/wp-content\/uploads\/sites\/12\/2025\/07\/54646345408_1f3e193f04_k-e1752277451303.jpg?w=419&amp;h=283&amp;crop=0\" alt=\"\"\/><figcaption class=\"wp-element-caption\">Tarc\u00edsio de Freitas, governador de S\u00e3o Paulo&nbsp; \u2022&nbsp;Pablo Jacob\/Governo do Estado de SP<\/figcaption><\/figure>\n\n\n\n<p>ouvir not\u00edcia<\/p>\n\n\n\n<p>0:00&nbsp;1.0x<\/p>\n\n\n\n<p>O governador de S\u00e3o Paulo,&nbsp;<strong>Tarc\u00edsio de Freitas<\/strong>(Republicanos), negou ter procurado ministros do&nbsp;<strong>STF (Supremo Tribunal Federal)<\/strong>&nbsp;a fim de pedir autoriza\u00e7\u00e3o para que o ex-presidente&nbsp;<strong>Jair Bolsonaro<\/strong>&nbsp;(PL) viajasse aos&nbsp;<strong>Estados Unidos<\/strong>com o objetivo de negociar diretamente com&nbsp;<strong>Donald Trump<\/strong>&nbsp;a suspens\u00e3o da sobretaxa imposta a produtos brasileiros.<\/p>\n\n\n\n<p>&#8220;N\u00e3o houve isso&#8221;, afirmou o governador \u00e0&nbsp;<strong>CNN<\/strong>.<\/p>\n\n\n\n<p>A informa\u00e7\u00e3o sobre a suposta articula\u00e7\u00e3o partiu de interlocutores do Judici\u00e1rio, mas foi rebatida pelo governador.<\/p>\n\n\n\n<p>Segundo Tarc\u00edsio, n\u00e3o houve qualquer contato com ministros da Corte sobre o tema, tampouco pedido para interceder pela libera\u00e7\u00e3o do passaporte de Bolsonaro, que segue apreendido por decis\u00e3o do STF no \u00e2mbito das investiga\u00e7\u00f5es sobre a&nbsp;<strong>tentativa de golpe de Estado<\/strong>.<\/p>\n\n\n\n<p>A declara\u00e7\u00e3o do governador ocorre ap\u00f3s reportagem indicar que ele teria feito um apelo \u201csurpreendente\u201d a magistrados da Suprema Corte, defendendo que Bolsonaro poderia convencer Trump a recuar da taxa\u00e7\u00e3o de 50% sobre produtos brasileiros \u2014 medida anunciada na \u00faltima quarta-feira (9).<\/p>\n\n\n\n<p>A medida foi justificada por Trump como uma resposta ao julgamento de Bolsonaro no STF, classificando o caso como uma &#8220;vergonha internacional&#8221;.<\/p>\n\n\n\n<p>Em resposta, o presidente Luiz In\u00e1cio Lula da Silva (PT)&nbsp;<a href=\"https:\/\/www.cnnbrasil.com.br\/politica\/lula-diz-que-tarifas-de-trump-serao-respondidas-com-reciprocidade\/\" target=\"_blank\" rel=\"noopener\">afirmou que o Brasil n\u00e3o aceitar\u00e1 retalia\u00e7\u00f5es pol\u00edticas e prometeu reagir com base na Lei de Reciprocidade Econ\u00f4mica<\/a>. O governo brasileiro tem discutido, em reuni\u00f5es com ministros e empres\u00e1rios, estrat\u00e9gias para mitigar os efeitos do tarifa\u00e7o.<\/p>\n\n\n\n<h2 class=\"wp-block-heading\">Repercuss\u00f5es<\/h2>\n\n\n\n<p>O PT acionou o ministro Alexandre de Moraes, do STF, nesta sexta,&nbsp;<a href=\"https:\/\/www.cnnbrasil.com.br\/blogs\/caio-junqueira\/politica\/pt-pede-para-stf-investigar-tarcisio-por-obstrucao-de-justica\/\" target=\"_blank\" rel=\"noopener\">pedindo que seja apurada a atua\u00e7\u00e3o de Tarc\u00edsio no caso<\/a>.<\/p>\n\n\n\n<p>O deputado federal Guilherme Boulos (PSOL-SP), por sua vez,&nbsp;<a href=\"https:\/\/www.cnnbrasil.com.br\/politica\/boulos-aciona-pgr-por-suposta-ajuda-de-tarcisio-a-fuga-de-bolsonaro\/\" target=\"_blank\" rel=\"noopener\">acionou a PGR (Procuradoria-Geral da Rep\u00fablica) pedindo a investiga\u00e7\u00e3o do governador<\/a>.<\/p>\n","protected":false},"excerpt":{"rendered":"<p>\u200b &#8220;N\u00e3o houve isso&#8221;, disse o governador sobre suposta tentativa de interceder na Suprema Corte 11\/07\/25 \u00e0s 20:56&nbsp;|&nbsp;Atualizado&nbsp;11\/07\/25 \u00e0s 20:59 [&hellip;]<\/p>\n","protected":false},"author":1,"featured_media":0,"comment_status":"closed","ping_status":"","sticky":false,"template":"","format":"image","meta":{"site-sidebar-layout":"default","site-content-layout":"","ast-site-content-layout":"default","site-content-style":"default","site-sidebar-style":"default","ast-global-header-display":"","ast-banner-title-visibility":"","ast-main-header-display":"","ast-hfb-above-header-display":"","ast-hfb-below-header-display":"","ast-hfb-mobile-header-display":"","site-post-title":"","ast-breadcrumbs-content":"","ast-featured-img":"","footer-sml-layout":"","ast-disable-related-posts":"","theme-transparent-header-meta":"","adv-header-id-meta":"","stick-header-meta":"","header-above-stick-meta":"","header-main-stick-meta":"","header-below-stick-meta":"","astra-migrate-meta-layouts":"default","ast-page-background-enabled":"default","ast-page-background-meta":{"desktop":{"background-color":"var(--ast-global-color-4)","background-image":"","background-repeat":"repeat","background-position":"center center","background-size":"auto","background-attachment":"scroll","background-type":"","background-media":"","overlay-type":"","overlay-color":"","overlay-opacity":"","overlay-gradient":""},"tablet":{"background-color":"","background-image":"","background-repeat":"repeat","background-position":"center center","background-size":"auto","background-attachment":"scroll","background-type":"","background-media":"","overlay-type":"","overlay-color":"","overlay-opacity":"","overlay-gradient":""},"mobile":{"background-color":"","background-image":"","background-repeat":"repeat","background-position":"center center","background-size":"auto","background-attachment":"scroll","background-type":"","background-media":"","overlay-type":"","overlay-color":"","overlay-opacity":"","overlay-gradient":""}},"ast-content-background-meta":{"desktop":{"background-color":"var(--ast-global-color-5)","background-image":"","background-repeat":"repeat","background-position":"center center","background-size":"auto","background-attachment":"scroll","background-type":"","background-media":"","overlay-type":"","overlay-color":"","overlay-opacity":"","overlay-gradient":""},"tablet":{"background-color":"var(--ast-global-color-5)","background-image":"","background-repeat":"repeat","background-position":"center center","background-size":"auto","background-attachment":"scroll","background-type":"","background-media":"","overlay-type":"","overlay-color":"","overlay-opacity":"","overlay-gradient":""},"mobile":{"background-color":"var(--ast-global-color-5)","background-image":"","background-repeat":"repeat","background-position":"center center","background-size":"auto","background-attachment":"scroll","background-type":"","background-media":"","overlay-type":"","overlay-color":"","overlay-opacity":"","overlay-gradient":""}},"footnotes":""},"categories":[517],"tags":[],"class_list":["post-28896","post","type-post","status-publish","format-image","hentry","category-aconteceu","post_format-post-format-image"],"_links":{"self":[{"href":"https:\/\/noticiasnoface.com.br\/index.php\/wp-json\/wp\/v2\/posts\/28896","targetHints":{"allow":["GET"]}}],"collection":[{"href":"https:\/\/noticiasnoface.com.br\/index.php\/wp-json\/wp\/v2\/posts"}],"about":[{"href":"https:\/\/noticiasnoface.com.br\/index.php\/wp-json\/wp\/v2\/types\/post"}],"author":[{"embeddable":true,"href":"https:\/\/noticiasnoface.com.br\/index.php\/wp-json\/wp\/v2\/users\/1"}],"replies":[{"embeddable":true,"href":"https:\/\/noticiasnoface.com.br\/index.php\/wp-json\/wp\/v2\/comments?post=28896"}],"version-history":[{"count":1,"href":"https:\/\/noticiasnoface.com.br\/index.php\/wp-json\/wp\/v2\/posts\/28896\/revisions"}],"predecessor-version":[{"id":28897,"href":"https:\/\/noticiasnoface.com.br\/index.php\/wp-json\/wp\/v2\/posts\/28896\/revisions\/28897"}],"wp:attachment":[{"href":"https:\/\/noticiasnoface.com.br\/index.php\/wp-json\/wp\/v2\/media?parent=28896"}],"wp:term":[{"taxonomy":"category","embeddable":true,"href":"https:\/\/noticiasnoface.com.br\/index.php\/wp-json\/wp\/v2\/categories?post=28896"},{"taxonomy":"post_tag","embeddable":true,"href":"https:\/\/noticiasnoface.com.br\/index.php\/wp-json\/wp\/v2\/tags?post=28896"}],"curies":[{"name":"wp","href":"https:\/\/api.w.org\/{rel}","templated":true}]}}