{"id":28909,"date":"2025-07-12T22:19:19","date_gmt":"2025-07-13T01:19:19","guid":{"rendered":"https:\/\/noticiasnoface.com.br\/?p=28909"},"modified":"2025-07-12T22:19:19","modified_gmt":"2025-07-13T01:19:19","slug":"tarifas-anunciadas-por-trump-podem-fortalecer-relacao-entre-brasil-e-china-afirmam-especialistas","status":"publish","type":"post","link":"https:\/\/noticiasnoface.com.br\/index.php\/2025\/07\/12\/tarifas-anunciadas-por-trump-podem-fortalecer-relacao-entre-brasil-e-china-afirmam-especialistas\/","title":{"rendered":"Tarifas anunciadas por Trump podem fortalecer rela\u00e7\u00e3o entre Brasil e China, afirmam especialistas"},"content":{"rendered":"\n<p><\/p>\n\n\n\n<p>\u200b<\/p>\n\n\n\n<h2 class=\"wp-block-heading subhead\">Chineses j\u00e1 s\u00e3o o maior parceiro comercial do Brasil desde 2009. Setor automobil\u00edstico \u00e9 um dos principais na rela\u00e7\u00e3o entre os pa\u00edses.<\/h2>\n\n\n\n<figure class=\"wp-block-image\"><img data-opt-id=1777625891  fetchpriority=\"high\" decoding=\"async\" src=\"https:\/\/s02.video.glbimg.com\/x240\/13753825.jpg\" alt=\"Segundo especialistas, taxas dos EUA devem aproximar mais o Brasil da China\" title=\"Segundo especialistas, taxas dos EUA devem aproximar mais o Brasil da China\"\/><\/figure>\n\n\n\n<p>Segundo especialistas, taxas dos EUA devem aproximar mais o Brasil da China&nbsp;<\/p>\n\n\n\n<p>Especialistas em rela\u00e7\u00f5es internacionais dizem que as&nbsp;<a href=\"https:\/\/g1.globo.com\/economia\/noticia\/2025\/07\/09\/carta-de-trump-leia-integra-do-texto-que-alega-motivos-politicos-e-comerciais-para-tarifa-de-50percent-brasil.ghtml\" target=\"_blank\" rel=\"noopener\">tarifas anunciadas por Donald Trump<\/a>podem acabar<strong>&nbsp;fortalecendo ainda mais os la\u00e7os do Brasil com a China<\/strong>. Os chineses j\u00e1 s\u00e3o o maior parceiro comercial do Brasil desde 2009.&nbsp;<\/p>\n\n\n\n<p>Dist\u00e2ncias s\u00e3o relativas, no mundo dos neg\u00f3cios. Enquanto os Estados Unidos se afastam do Brasil, a China se aproxima. Um caminho percorrido, em parte, sobre quatro rodas.&nbsp;<\/p>\n\n\n\n<p>A&nbsp;<strong>importa\u00e7\u00e3o de carros chineses pelo Brasil deu um salto em 2023 e atingiu US$ 1 bilh\u00e3o<\/strong>. No ano passado, US$ 3 bilh\u00f5es.&nbsp;Neste ano, s\u00f3 at\u00e9 junho, o valor j\u00e1 passa de US$ 2 bilh\u00f5es.&nbsp;<\/p>\n\n\n\n<figure class=\"wp-block-image\"><img data-opt-id=90234030  fetchpriority=\"high\" decoding=\"async\" src=\"https:\/\/s2-g1.glbimg.com\/HGxNEyXRca9TkbSpo447UORRa2E=\/0x0:1490x833\/984x0\/smart\/filters:strip_icc()\/i.s3.glbimg.com\/v1\/AUTH_59edd422c0c84a879bd37670ae4f538a\/internal_photos\/bs\/2025\/Z\/l\/Y85diqR0GjuYMcKhICRg\/captura-de-tela-2025-07-12-205440.png\" alt=\"Setor automobil\u00edstico \u00e9 um dos mais importantes na rela\u00e7\u00e3o entre Brasil e China. \u2014 Foto: Reprodu\u00e7\u00e3o\/Jornal Nacional\"\/><\/figure>\n\n\n\n<p>Setor automobil\u00edstico \u00e9 um dos mais importantes na rela\u00e7\u00e3o entre Brasil e China. \u2014 Foto: Reprodu\u00e7\u00e3o\/Jornal Nacional&nbsp;<\/p>\n\n\n\n<p>Mas o desembarque n\u00e3o \u00e9 mais s\u00f3 de carro pronto. F\u00e1bricas inteiras t\u00eam vindo da China para o Brasil.&nbsp;<\/p>\n\n\n\n<p>E ocupando espa\u00e7os que j\u00e1 foram de montadoras ocidentais \u2014 seja na Bahia, seja no interior de S\u00e3o Paulo.&nbsp;<\/p>\n\n\n\n<p>Em S\u00e3o Paulo, a linha de produ\u00e7\u00e3o ser\u00e1 inaugurada no m\u00eas que vem, pouco mais de dois anos depois da venda do primeiro carro da marca no Brasil.&nbsp;<\/p>\n\n\n\n<blockquote class=\"wp-block-quote is-layout-flow wp-block-quote-is-layout-flow\">\n<p>&#8220;Nossa estrat\u00e9gia sempre foi olhar o Brasil, come\u00e7ar a fazer as primeiras vendas, trazer novas tecnologias, mas tamb\u00e9m preparar uma estrat\u00e9gia para fazer do Brasil uma base de produ\u00e7\u00e3o para o Brasil, para a Am\u00e9rica do Sul e para a Am\u00e9rica Latina&#8221;, afirma Ricardo Bastos, diretor de rela\u00e7\u00f5es institucionais da GWM.<\/p>\n<\/blockquote>\n\n\n\n<p>Investimento significa&nbsp;<strong>avan\u00e7o nas rela\u00e7\u00f5es entre dois pa\u00edses<\/strong>. \u00c9 como se as duas partes assumissem um compromisso maior, para al\u00e9m da compra e venda de produtos.<\/p>\n\n\n\n<p><\/p>\n","protected":false},"excerpt":{"rendered":"<p>\u200b Chineses j\u00e1 s\u00e3o o maior parceiro comercial do Brasil desde 2009. Setor automobil\u00edstico \u00e9 um dos principais na rela\u00e7\u00e3o [&hellip;]<\/p>\n","protected":false},"author":1,"featured_media":0,"comment_status":"closed","ping_status":"","sticky":false,"template":"","format":"image","meta":{"site-sidebar-layout":"default","site-content-layout":"","ast-site-content-layout":"default","site-content-style":"default","site-sidebar-style":"default","ast-global-header-display":"","ast-banner-title-visibility":"","ast-main-header-display":"","ast-hfb-above-header-display":"","ast-hfb-below-header-display":"","ast-hfb-mobile-header-display":"","site-post-title":"","ast-breadcrumbs-content":"","ast-featured-img":"","footer-sml-layout":"","ast-disable-related-posts":"","theme-transparent-header-meta":"","adv-header-id-meta":"","stick-header-meta":"","header-above-stick-meta":"","header-main-stick-meta":"","header-below-stick-meta":"","astra-migrate-meta-layouts":"default","ast-page-background-enabled":"default","ast-page-background-meta":{"desktop":{"background-color":"var(--ast-global-color-4)","background-image":"","background-repeat":"repeat","background-position":"center center","background-size":"auto","background-attachment":"scroll","background-type":"","background-media":"","overlay-type":"","overlay-color":"","overlay-opacity":"","overlay-gradient":""},"tablet":{"background-color":"","background-image":"","background-repeat":"repeat","background-position":"center center","background-size":"auto","background-attachment":"scroll","background-type":"","background-media":"","overlay-type":"","overlay-color":"","overlay-opacity":"","overlay-gradient":""},"mobile":{"background-color":"","background-image":"","background-repeat":"repeat","background-position":"center center","background-size":"auto","background-attachment":"scroll","background-type":"","background-media":"","overlay-type":"","overlay-color":"","overlay-opacity":"","overlay-gradient":""}},"ast-content-background-meta":{"desktop":{"background-color":"var(--ast-global-color-5)","background-image":"","background-repeat":"repeat","background-position":"center center","background-size":"auto","background-attachment":"scroll","background-type":"","background-media":"","overlay-type":"","overlay-color":"","overlay-opacity":"","overlay-gradient":""},"tablet":{"background-color":"var(--ast-global-color-5)","background-image":"","background-repeat":"repeat","background-position":"center center","background-size":"auto","background-attachment":"scroll","background-type":"","background-media":"","overlay-type":"","overlay-color":"","overlay-opacity":"","overlay-gradient":""},"mobile":{"background-color":"var(--ast-global-color-5)","background-image":"","background-repeat":"repeat","background-position":"center center","background-size":"auto","background-attachment":"scroll","background-type":"","background-media":"","overlay-type":"","overlay-color":"","overlay-opacity":"","overlay-gradient":""}},"footnotes":""},"categories":[517],"tags":[],"class_list":["post-28909","post","type-post","status-publish","format-image","hentry","category-aconteceu","post_format-post-format-image"],"_links":{"self":[{"href":"https:\/\/noticiasnoface.com.br\/index.php\/wp-json\/wp\/v2\/posts\/28909","targetHints":{"allow":["GET"]}}],"collection":[{"href":"https:\/\/noticiasnoface.com.br\/index.php\/wp-json\/wp\/v2\/posts"}],"about":[{"href":"https:\/\/noticiasnoface.com.br\/index.php\/wp-json\/wp\/v2\/types\/post"}],"author":[{"embeddable":true,"href":"https:\/\/noticiasnoface.com.br\/index.php\/wp-json\/wp\/v2\/users\/1"}],"replies":[{"embeddable":true,"href":"https:\/\/noticiasnoface.com.br\/index.php\/wp-json\/wp\/v2\/comments?post=28909"}],"version-history":[{"count":1,"href":"https:\/\/noticiasnoface.com.br\/index.php\/wp-json\/wp\/v2\/posts\/28909\/revisions"}],"predecessor-version":[{"id":28910,"href":"https:\/\/noticiasnoface.com.br\/index.php\/wp-json\/wp\/v2\/posts\/28909\/revisions\/28910"}],"wp:attachment":[{"href":"https:\/\/noticiasnoface.com.br\/index.php\/wp-json\/wp\/v2\/media?parent=28909"}],"wp:term":[{"taxonomy":"category","embeddable":true,"href":"https:\/\/noticiasnoface.com.br\/index.php\/wp-json\/wp\/v2\/categories?post=28909"},{"taxonomy":"post_tag","embeddable":true,"href":"https:\/\/noticiasnoface.com.br\/index.php\/wp-json\/wp\/v2\/tags?post=28909"}],"curies":[{"name":"wp","href":"https:\/\/api.w.org\/{rel}","templated":true}]}}