{"id":28926,"date":"2025-07-13T20:12:10","date_gmt":"2025-07-13T23:12:10","guid":{"rendered":"https:\/\/noticiasnoface.com.br\/?p=28926"},"modified":"2025-07-13T20:12:29","modified_gmt":"2025-07-13T23:12:29","slug":"pl-segue-crescendo-no-rn-e-recebe-filiacao-do-prefeito-e-vice-de-senador-georgino-avelino","status":"publish","type":"post","link":"https:\/\/noticiasnoface.com.br\/index.php\/2025\/07\/13\/pl-segue-crescendo-no-rn-e-recebe-filiacao-do-prefeito-e-vice-de-senador-georgino-avelino\/","title":{"rendered":"PL segue crescendo no RN e recebe filia\u00e7\u00e3o do prefeito e vice de Senador Georgino Avelino"},"content":{"rendered":"\n<figure class=\"wp-block-image size-large\"><img data-opt-id=296899149  fetchpriority=\"high\" decoding=\"async\" width=\"1024\" height=\"576\" src=\"https:\/\/mlbfrsat7ahr.i.optimole.com\/w:1024\/h:576\/q:mauto\/ig:avif\/https:\/\/noticiasnoface.com.br\/wp-content\/uploads\/2025\/07\/3219ddb5-0c04-4903-8606-df1739fc2bb2-1.jpg\" alt=\"\" class=\"wp-image-28924\" srcset=\"https:\/\/mlbfrsat7ahr.i.optimole.com\/w:1024\/h:576\/q:mauto\/ig:avif\/https:\/\/noticiasnoface.com.br\/wp-content\/uploads\/2025\/07\/3219ddb5-0c04-4903-8606-df1739fc2bb2-1.jpg 1024w, https:\/\/mlbfrsat7ahr.i.optimole.com\/w:300\/h:169\/q:mauto\/ig:avif\/https:\/\/noticiasnoface.com.br\/wp-content\/uploads\/2025\/07\/3219ddb5-0c04-4903-8606-df1739fc2bb2-1.jpg 300w, https:\/\/mlbfrsat7ahr.i.optimole.com\/w:768\/h:432\/q:mauto\/ig:avif\/https:\/\/noticiasnoface.com.br\/wp-content\/uploads\/2025\/07\/3219ddb5-0c04-4903-8606-df1739fc2bb2-1.jpg 768w, https:\/\/mlbfrsat7ahr.i.optimole.com\/w:1536\/h:864\/q:mauto\/ig:avif\/https:\/\/noticiasnoface.com.br\/wp-content\/uploads\/2025\/07\/3219ddb5-0c04-4903-8606-df1739fc2bb2-1.jpg 1536w, https:\/\/mlbfrsat7ahr.i.optimole.com\/w:1600\/h:900\/q:mauto\/ig:avif\/https:\/\/noticiasnoface.com.br\/wp-content\/uploads\/2025\/07\/3219ddb5-0c04-4903-8606-df1739fc2bb2-1.jpg 1600w\" sizes=\"(max-width: 1000px) 100vw, 1000px\" \/><\/figure>\n\n\n\n<p>O prefeito de Senador Georgino Avelino, Antonio Freire, oficializou neste s\u00e1bado (12) sua filia\u00e7\u00e3o ao Partido Liberal (PL), durante evento realizado na C\u00e2mara Municipal da cidade. Na oportunidade, o vice-prefeito do munic\u00edpio, Jorge da Rocha, tamb\u00e9m se filiou ao maior partido do Brasil. A cerim\u00f4nia contou com a presen\u00e7a do senador Rog\u00e9rio Marinho, presidente do PL no Rio Grande do Norte, do deputado estadual coronel Azevedo (PL), e do presidente da Femurn, Bab\u00e1 Pereira (PL), al\u00e9m de diversas lideran\u00e7as pol\u00edticas da regi\u00e3o, como os prefeitos Bergson \u00cdduino (Arez); Luciano Cunha (Lajes Pintadas), Gustavo Santos (N\u00edsia Floresta) e Ant\u00f4nio Neto (Montanhas), e o ex-prefeito de N\u00edsia Floresta, Daniel Marinho.<\/p>\n\n\n\n<figure class=\"wp-block-image size-large\"><img data-opt-id=1200659186  fetchpriority=\"high\" decoding=\"async\" src=\"file:\/\/\/private\/var\/mobile\/Containers\/Data\/Application\/2B5F0EFA-9CD2-46DC-A2DC-74FE2949AB0E\/tmp\/org.automattic.MediaImageServiceSymlinks\/thumbnail-690b6441-086a-4b0f-b62b-e479a4467882-1600x900.jpeg\" alt=\"\" class=\"wp-image-439075148\"\/><\/figure>\n\n\n\n<p>A chegada de Antonio Freire ao PL refor\u00e7a o crescimento da legenda no Rio Grande do Norte, que vem ampliando sua representa\u00e7\u00e3o no Estado sob a condu\u00e7\u00e3o do senador Rog\u00e9rio Marinho. Com mais de 80% de aprova\u00e7\u00e3o popular, o prefeito destacou, em discurso, que sua decis\u00e3o foi tomada com responsabilidade e motivada pelo compromisso com o futuro do munic\u00edpio.<\/p>\n\n\n\n<p>Em seu pronunciamento, Rog\u00e9rio deu as boas-vindas ao prefeito, enfatizando o papel do PL no debate das pautas mais importantes do pa\u00eds. Al\u00e9m disso, ressaltou que a legenda tem se dedicado a ouvir a popula\u00e7\u00e3o com o projeto Rota 22, com o objetivo de apresentar propostas para todas as regi\u00f5es do Estado. &#8220;\u00c9 grave a situa\u00e7\u00e3o do RN. Temos estradas destru\u00eddas, hospitais sem insumos b\u00e1sicos, filas intermin\u00e1veis de cirurgias, escolas p\u00fablicas deterioradas&#8221;, disse o senador.<\/p>\n\n\n\n<p>Rog\u00e9rio ainda destacou os n\u00fameros divulgados pelo Centro de Lideran\u00e7a P\u00fablica, que mostram o Rio Grande do Norte como o 27\u00ba do pa\u00eds em competitividade no ano de 2024 \u2013 era o 16\u00ba em 2018. No Nordeste, era o 4\u00ba, hoje est\u00e1 na \u00faltima posi\u00e7\u00e3o. O RN tamb\u00e9m \u00e9 o 27\u00ba do Brasil em solidez fiscal, Ideb (qualidade do ensino), sustentabilidade ambiental e taxa de investimento p\u00fablico. Al\u00e9m disso, ainda acumulamos maus resultados em efici\u00eancia da m\u00e1quina p\u00fablica e potencial de mercado, ambos na 22\u00aa posi\u00e7\u00e3o.<\/p>\n\n\n\n<p>\u201c\u00c9 hora de estar ao lado de um partido que tem for\u00e7a no estado e em Bras\u00edlia, com capacidade de abrir portas para investimentos e conquistas reais para o povo de Senador Georgino Avelino\u201d, afirmou o prefeito Antonio Freire. Ele tamb\u00e9m ressaltou o papel de Rog\u00e9rio Marinho no fortalecimento das cidades do interior. \u201cRog\u00e9rio \u00e9 um parceiro de verdade, que caminha junto, escuta e apoia. \u00c9 com esse esp\u00edrito que queremos seguir.\u201d ROTA 22<\/p>\n\n\n\n<p>O prefeito reafirmou ainda que seguir\u00e1 investindo em \u00e1reas essenciais como sa\u00fade, educa\u00e7\u00e3o, infraestrutura e agricultura, e concluiu destacando a expectativa para o novo ciclo: \u201cVamos juntos escrever um novo cap\u00edtulo para nossa cidade, com trabalho, respeito e esperan\u00e7a.\u201d<\/p>\n","protected":false},"excerpt":{"rendered":"<p>O prefeito de Senador Georgino Avelino, Antonio Freire, oficializou neste s\u00e1bado (12) sua filia\u00e7\u00e3o ao Partido Liberal (PL), durante evento [&hellip;]<\/p>\n","protected":false},"author":1,"featured_media":0,"comment_status":"closed","ping_status":"","sticky":false,"template":"","format":"image","meta":{"site-sidebar-layout":"default","site-content-layout":"","ast-site-content-layout":"default","site-content-style":"default","site-sidebar-style":"default","ast-global-header-display":"","ast-banner-title-visibility":"","ast-main-header-display":"","ast-hfb-above-header-display":"","ast-hfb-below-header-display":"","ast-hfb-mobile-header-display":"","site-post-title":"","ast-breadcrumbs-content":"","ast-featured-img":"","footer-sml-layout":"","ast-disable-related-posts":"","theme-transparent-header-meta":"","adv-header-id-meta":"","stick-header-meta":"","header-above-stick-meta":"","header-main-stick-meta":"","header-below-stick-meta":"","astra-migrate-meta-layouts":"default","ast-page-background-enabled":"default","ast-page-background-meta":{"desktop":{"background-color":"var(--ast-global-color-4)","background-image":"","background-repeat":"repeat","background-position":"center center","background-size":"auto","background-attachment":"scroll","background-type":"","background-media":"","overlay-type":"","overlay-color":"","overlay-opacity":"","overlay-gradient":""},"tablet":{"background-color":"","background-image":"","background-repeat":"repeat","background-position":"center center","background-size":"auto","background-attachment":"scroll","background-type":"","background-media":"","overlay-type":"","overlay-color":"","overlay-opacity":"","overlay-gradient":""},"mobile":{"background-color":"","background-image":"","background-repeat":"repeat","background-position":"center center","background-size":"auto","background-attachment":"scroll","background-type":"","background-media":"","overlay-type":"","overlay-color":"","overlay-opacity":"","overlay-gradient":""}},"ast-content-background-meta":{"desktop":{"background-color":"var(--ast-global-color-5)","background-image":"","background-repeat":"repeat","background-position":"center center","background-size":"auto","background-attachment":"scroll","background-type":"","background-media":"","overlay-type":"","overlay-color":"","overlay-opacity":"","overlay-gradient":""},"tablet":{"background-color":"var(--ast-global-color-5)","background-image":"","background-repeat":"repeat","background-position":"center center","background-size":"auto","background-attachment":"scroll","background-type":"","background-media":"","overlay-type":"","overlay-color":"","overlay-opacity":"","overlay-gradient":""},"mobile":{"background-color":"var(--ast-global-color-5)","background-image":"","background-repeat":"repeat","background-position":"center center","background-size":"auto","background-attachment":"scroll","background-type":"","background-media":"","overlay-type":"","overlay-color":"","overlay-opacity":"","overlay-gradient":""}},"footnotes":""},"categories":[517],"tags":[],"class_list":["post-28926","post","type-post","status-publish","format-image","hentry","category-aconteceu","post_format-post-format-image"],"_links":{"self":[{"href":"https:\/\/noticiasnoface.com.br\/index.php\/wp-json\/wp\/v2\/posts\/28926","targetHints":{"allow":["GET"]}}],"collection":[{"href":"https:\/\/noticiasnoface.com.br\/index.php\/wp-json\/wp\/v2\/posts"}],"about":[{"href":"https:\/\/noticiasnoface.com.br\/index.php\/wp-json\/wp\/v2\/types\/post"}],"author":[{"embeddable":true,"href":"https:\/\/noticiasnoface.com.br\/index.php\/wp-json\/wp\/v2\/users\/1"}],"replies":[{"embeddable":true,"href":"https:\/\/noticiasnoface.com.br\/index.php\/wp-json\/wp\/v2\/comments?post=28926"}],"version-history":[{"count":2,"href":"https:\/\/noticiasnoface.com.br\/index.php\/wp-json\/wp\/v2\/posts\/28926\/revisions"}],"predecessor-version":[{"id":28928,"href":"https:\/\/noticiasnoface.com.br\/index.php\/wp-json\/wp\/v2\/posts\/28926\/revisions\/28928"}],"wp:attachment":[{"href":"https:\/\/noticiasnoface.com.br\/index.php\/wp-json\/wp\/v2\/media?parent=28926"}],"wp:term":[{"taxonomy":"category","embeddable":true,"href":"https:\/\/noticiasnoface.com.br\/index.php\/wp-json\/wp\/v2\/categories?post=28926"},{"taxonomy":"post_tag","embeddable":true,"href":"https:\/\/noticiasnoface.com.br\/index.php\/wp-json\/wp\/v2\/tags?post=28926"}],"curies":[{"name":"wp","href":"https:\/\/api.w.org\/{rel}","templated":true}]}}