{"id":28937,"date":"2025-07-14T21:04:49","date_gmt":"2025-07-15T00:04:49","guid":{"rendered":"https:\/\/noticiasnoface.com.br\/?p=28937"},"modified":"2025-07-14T21:04:49","modified_gmt":"2025-07-15T00:04:49","slug":"papa-leao-xiv-abencoa-livro-educativo-sobre-a-cop30-nas-escolas","status":"publish","type":"post","link":"https:\/\/noticiasnoface.com.br\/index.php\/2025\/07\/14\/papa-leao-xiv-abencoa-livro-educativo-sobre-a-cop30-nas-escolas\/","title":{"rendered":"Papa Le\u00e3o XIV aben\u00e7oa livro educativo sobre a COP30 nas escolas"},"content":{"rendered":"\n<h2 class=\"wp-block-heading subhead\">Publica\u00e7\u00e3o voltada \u00e0 educa\u00e7\u00e3o ambiental \u00e9 reconhecida pelo Vaticano como contribui\u00e7\u00e3o relevante para a preserva\u00e7\u00e3o do meio ambiente<\/h2>\n\n\n\n<p>14\/07\/25 \u00e0s 20:43&nbsp;|&nbsp;Atualizado&nbsp;14\/07\/25 \u00e0s 20:43<\/p>\n\n\n\n<figure class=\"wp-block-image\"><img data-opt-id=42229487  fetchpriority=\"high\" decoding=\"async\" src=\"https:\/\/admin.cnnbrasil.com.br\/wp-content\/uploads\/sites\/12\/2025\/07\/cop30-1.png?w=419&amp;h=283&amp;crop=0\" alt=\"\"\/><figcaption class=\"wp-element-caption\">Segunda edi\u00e7\u00e3o do livro digital COP30 nas Escolas: Amigos da Casa Comum&nbsp; \u2022&nbsp;Divulga\u00e7\u00e3o<\/figcaption><\/figure>\n\n\n\n<p>Em carta oficial enviada pela Nunciatura Apost\u00f3lica no Brasil, o papa Le\u00e3o XIV manifestou sua b\u00ean\u00e7\u00e3o e reconhecimento \u00e0 segunda edi\u00e7\u00e3o do livro digital COP30 nas Escolas: Amigos da Casa Comum.<\/p>\n\n\n\n<p>A obra educativa tem como foco conscientizar crian\u00e7as e adolescentes sobre a import\u00e2ncia da preserva\u00e7\u00e3o ambiental, em sintonia com os princ\u00edpios da 30\u00aa Confer\u00eancia das Na\u00e7\u00f5es Unidas sobre Mudan\u00e7as Clim\u00e1ticas (COP30), que ser\u00e1 realizada em novembro de 2025, em Bel\u00e9m, no Par\u00e1.<\/p>\n\n\n\n<p>Datado de 9 de julho de 2025 e assinado pelo Cardeal Pietro Parolin, Secret\u00e1rio de Estado do Vaticano, o documento transmite \u201co prazer do Santo Padre com a publica\u00e7\u00e3o\u201d, destacando o papel fundamental da educa\u00e7\u00e3o ambiental para o futuro do planeta.<\/p>\n\n\n\n<p>A mensagem pontif\u00edcia enfatiza ainda a inspira\u00e7\u00e3o do livro nos ensinamentos do Papa Francisco, especialmente na enc\u00edclica Laudato Si\u2019, que trata do cuidado com a Casa Comum.<\/p>\n\n\n\n<p>\u201cO Santo Padre ficou muito contente ao receber a not\u00edcia da publica\u00e7\u00e3o da segunda edi\u00e7\u00e3o do livro digital COP30 nas Escolas: Amigos da Casa Comum, obra voltada para a educa\u00e7\u00e3o dos jovens sobre as quest\u00f5es ambientais [&#8230;] A todos concedendo a implorada B\u00ean\u00e7\u00e3o Apost\u00f3lica\u201d, escreveu Parolin, em nome de Le\u00e3o XIV.<\/p>\n\n\n\n<p>A iniciativa foi celebrada pelo representante da Igreja na Amaz\u00f4nia, Dom Vital Corbellini, bispo de Marab\u00e1 e referencial para a Educa\u00e7\u00e3o no Regional Norte 2 da CNBB (Par\u00e1 e Amap\u00e1).<\/p>\n\n\n\n<p>Segundo o bisco, a mensagem do papa fortalece a atua\u00e7\u00e3o da Pastoral da Educa\u00e7\u00e3o e legitima o engajamento da Igreja com a pauta ambiental.<\/p>\n\n\n\n<p>\u201cA aprova\u00e7\u00e3o do Pont\u00edfice \u00e0 publica\u00e7\u00e3o refor\u00e7a a import\u00e2ncia do di\u00e1logo e da constru\u00e7\u00e3o de pontes entre culturas e realidades. A mensagem de solidariedade e fraternidade nos convida a pensar no futuro de nossas gera\u00e7\u00f5es e do nosso planeta\u201d, declarou o bispo.<\/p>\n","protected":false},"excerpt":{"rendered":"<p>Publica\u00e7\u00e3o voltada \u00e0 educa\u00e7\u00e3o ambiental \u00e9 reconhecida pelo Vaticano como contribui\u00e7\u00e3o relevante para a preserva\u00e7\u00e3o do meio ambiente 14\/07\/25 \u00e0s [&hellip;]<\/p>\n","protected":false},"author":1,"featured_media":0,"comment_status":"closed","ping_status":"","sticky":false,"template":"","format":"image","meta":{"site-sidebar-layout":"default","site-content-layout":"","ast-site-content-layout":"default","site-content-style":"default","site-sidebar-style":"default","ast-global-header-display":"","ast-banner-title-visibility":"","ast-main-header-display":"","ast-hfb-above-header-display":"","ast-hfb-below-header-display":"","ast-hfb-mobile-header-display":"","site-post-title":"","ast-breadcrumbs-content":"","ast-featured-img":"","footer-sml-layout":"","ast-disable-related-posts":"","theme-transparent-header-meta":"","adv-header-id-meta":"","stick-header-meta":"","header-above-stick-meta":"","header-main-stick-meta":"","header-below-stick-meta":"","astra-migrate-meta-layouts":"default","ast-page-background-enabled":"default","ast-page-background-meta":{"desktop":{"background-color":"var(--ast-global-color-4)","background-image":"","background-repeat":"repeat","background-position":"center center","background-size":"auto","background-attachment":"scroll","background-type":"","background-media":"","overlay-type":"","overlay-color":"","overlay-opacity":"","overlay-gradient":""},"tablet":{"background-color":"","background-image":"","background-repeat":"repeat","background-position":"center center","background-size":"auto","background-attachment":"scroll","background-type":"","background-media":"","overlay-type":"","overlay-color":"","overlay-opacity":"","overlay-gradient":""},"mobile":{"background-color":"","background-image":"","background-repeat":"repeat","background-position":"center center","background-size":"auto","background-attachment":"scroll","background-type":"","background-media":"","overlay-type":"","overlay-color":"","overlay-opacity":"","overlay-gradient":""}},"ast-content-background-meta":{"desktop":{"background-color":"var(--ast-global-color-5)","background-image":"","background-repeat":"repeat","background-position":"center center","background-size":"auto","background-attachment":"scroll","background-type":"","background-media":"","overlay-type":"","overlay-color":"","overlay-opacity":"","overlay-gradient":""},"tablet":{"background-color":"var(--ast-global-color-5)","background-image":"","background-repeat":"repeat","background-position":"center center","background-size":"auto","background-attachment":"scroll","background-type":"","background-media":"","overlay-type":"","overlay-color":"","overlay-opacity":"","overlay-gradient":""},"mobile":{"background-color":"var(--ast-global-color-5)","background-image":"","background-repeat":"repeat","background-position":"center center","background-size":"auto","background-attachment":"scroll","background-type":"","background-media":"","overlay-type":"","overlay-color":"","overlay-opacity":"","overlay-gradient":""}},"footnotes":""},"categories":[517],"tags":[],"class_list":["post-28937","post","type-post","status-publish","format-image","hentry","category-aconteceu","post_format-post-format-image"],"_links":{"self":[{"href":"https:\/\/noticiasnoface.com.br\/index.php\/wp-json\/wp\/v2\/posts\/28937","targetHints":{"allow":["GET"]}}],"collection":[{"href":"https:\/\/noticiasnoface.com.br\/index.php\/wp-json\/wp\/v2\/posts"}],"about":[{"href":"https:\/\/noticiasnoface.com.br\/index.php\/wp-json\/wp\/v2\/types\/post"}],"author":[{"embeddable":true,"href":"https:\/\/noticiasnoface.com.br\/index.php\/wp-json\/wp\/v2\/users\/1"}],"replies":[{"embeddable":true,"href":"https:\/\/noticiasnoface.com.br\/index.php\/wp-json\/wp\/v2\/comments?post=28937"}],"version-history":[{"count":1,"href":"https:\/\/noticiasnoface.com.br\/index.php\/wp-json\/wp\/v2\/posts\/28937\/revisions"}],"predecessor-version":[{"id":28938,"href":"https:\/\/noticiasnoface.com.br\/index.php\/wp-json\/wp\/v2\/posts\/28937\/revisions\/28938"}],"wp:attachment":[{"href":"https:\/\/noticiasnoface.com.br\/index.php\/wp-json\/wp\/v2\/media?parent=28937"}],"wp:term":[{"taxonomy":"category","embeddable":true,"href":"https:\/\/noticiasnoface.com.br\/index.php\/wp-json\/wp\/v2\/categories?post=28937"},{"taxonomy":"post_tag","embeddable":true,"href":"https:\/\/noticiasnoface.com.br\/index.php\/wp-json\/wp\/v2\/tags?post=28937"}],"curies":[{"name":"wp","href":"https:\/\/api.w.org\/{rel}","templated":true}]}}