{"id":28964,"date":"2025-07-16T20:57:04","date_gmt":"2025-07-16T23:57:04","guid":{"rendered":"https:\/\/noticiasnoface.com.br\/?p=28964"},"modified":"2025-07-16T20:57:04","modified_gmt":"2025-07-16T23:57:04","slug":"animais-de-estimacao-poderao-ser-sepultados-com-seus-tutores-em-parnamirim-projeto-aprovado-segue-para-sancao","status":"publish","type":"post","link":"https:\/\/noticiasnoface.com.br\/index.php\/2025\/07\/16\/animais-de-estimacao-poderao-ser-sepultados-com-seus-tutores-em-parnamirim-projeto-aprovado-segue-para-sancao\/","title":{"rendered":"Animais de estima\u00e7\u00e3o poder\u00e3o ser sepultados com seus tutores em Parnamirim; projeto aprovado segue para san\u00e7\u00e3o"},"content":{"rendered":"\n<figure class=\"wp-block-image size-large\"><img data-opt-id=1150680953  fetchpriority=\"high\" decoding=\"async\" width=\"828\" height=\"956\" src=\"https:\/\/mlbfrsat7ahr.i.optimole.com\/w:auto\/h:auto\/q:mauto\/ig:avif\/https:\/\/noticiasnoface.com.br\/wp-content\/uploads\/2025\/07\/89970b2e-1039-441d-b329-0f7d13bb9d5b-1.jpg\" class=\"wp-image-28963\" srcset=\"https:\/\/mlbfrsat7ahr.i.optimole.com\/w:828\/h:956\/q:mauto\/ig:avif\/https:\/\/noticiasnoface.com.br\/wp-content\/uploads\/2025\/07\/89970b2e-1039-441d-b329-0f7d13bb9d5b-1.jpg 828w, https:\/\/mlbfrsat7ahr.i.optimole.com\/w:260\/h:300\/q:mauto\/ig:avif\/https:\/\/noticiasnoface.com.br\/wp-content\/uploads\/2025\/07\/89970b2e-1039-441d-b329-0f7d13bb9d5b-1.jpg 260w, https:\/\/mlbfrsat7ahr.i.optimole.com\/w:768\/h:887\/q:mauto\/ig:avif\/https:\/\/noticiasnoface.com.br\/wp-content\/uploads\/2025\/07\/89970b2e-1039-441d-b329-0f7d13bb9d5b-1.jpg 768w\" sizes=\"(max-width: 828px) 100vw, 828px\" \/><\/figure>\n\n\n\n<p><em>Proposta \u00e9 de autoria do vereador Michael Borges e agora segue para san\u00e7\u00e3o do Executivo<\/em><\/p>\n\n\n\n<p>Foi aprovado em \u00fanica vota\u00e7\u00e3o, nesta quarta-feira (16), o Projeto de Lei n\u00ba 60\/2025, de autoria do vereador Michael Borges (PP), que autoriza o sepultamento e a crema\u00e7\u00e3o de animais dom\u00e9sticos em cemit\u00e9rios p\u00fablicos e privados do munic\u00edpio de Parnamirim. A proposta estabelece crit\u00e9rios t\u00e9cnicos, sanit\u00e1rios e ambientais para garantir que o tratamento p\u00f3s-morte de animais de estima\u00e7\u00e3o seja realizado com dignidade, respeito e seguran\u00e7a.<\/p>\n\n\n\n<p>A mat\u00e9ria foi aprovada por unanimidade, com 16 votos favor\u00e1veis. De acordo com o parlamentar, a iniciativa atende a uma demanda crescente das fam\u00edlias que reconhecem seus animais como membros do n\u00facleo familiar e desejam prestar uma \u00faltima homenagem adequada.<\/p>\n\n\n\n<p>\u201cOs animais s\u00e3o parte da nossa fam\u00edlia. Este projeto \u00e9, antes de tudo, um ato de amor, mas tamb\u00e9m de justi\u00e7a. Ele busca permitir que nossos pets possam descansar pr\u00f3ximos aos nossos entes queridos, como merecem. Representa um avan\u00e7o importante n\u00e3o s\u00f3 no cuidado com o bem-estar animal, mas tamb\u00e9m com a sa\u00fade p\u00fablica. Precisamos oferecer alternativas seguras e regulamentadas para quem deseja se despedir do seu animal com respeito e dignidade\u201d, afirmou o vereador.<\/p>\n\n\n\n<p>Entre os pontos previstos no projeto est\u00e1 a exig\u00eancia de declara\u00e7\u00e3o veterin\u00e1ria atestando a aus\u00eancia de doen\u00e7as transmiss\u00edveis e a obriga\u00e7\u00e3o de que os corpos sejam acondicionados em urnas ou materiais resistentes, de forma a evitar danos mec\u00e2nicos e poss\u00edveis contamina\u00e7\u00f5es ambientais. A proposta tamb\u00e9m assegura o direito \u00e0 crema\u00e7\u00e3o com devolu\u00e7\u00e3o das cinzas e garante isen\u00e7\u00e3o de taxas para tutores em situa\u00e7\u00e3o de vulnerabilidade econ\u00f4mica.<\/p>\n\n\n\n<p>\u201cEssa proposta n\u00e3o trata apenas de respeito aos animais, mas tamb\u00e9m de sa\u00fade p\u00fablica e de preserva\u00e7\u00e3o ambiental. O uso de urnas ou embalagens seguras, por exemplo, evita contamina\u00e7\u00f5es no solo e garante que tudo ocorra dentro dos padr\u00f5es sanit\u00e1rios exigidos\u201d, explicou o parlamentar.<\/p>\n\n\n\n<p>\u201cA lei tamb\u00e9m se ampara na Constitui\u00e7\u00e3o Federal, que assegura o direito ao meio ambiente equilibrado, e est\u00e1 alinhada \u00e0 Lei Org\u00e2nica do Munic\u00edpio e a experi\u00eancias j\u00e1 consolidadas em outras cidades brasileiras\u201d, acrescentou.<\/p>\n\n\n\n<p>A proposta agora segue para san\u00e7\u00e3o do Executivo e posterior regulamenta\u00e7\u00e3o.<\/p>\n\n\n\n<p>Caso seja sancionada, Parnamirim se tornar\u00e1 a primeira cidade do Rio Grande do Norte a garantir, de forma oficial, o direito de sepultar os animais junto aos seus tutores \u2014 um gesto que une afeto, dignidade e respeito.<\/p>\n","protected":false},"excerpt":{"rendered":"<p>Proposta \u00e9 de autoria do vereador Michael Borges e agora segue para san\u00e7\u00e3o do Executivo Foi aprovado em \u00fanica vota\u00e7\u00e3o, [&hellip;]<\/p>\n","protected":false},"author":1,"featured_media":0,"comment_status":"closed","ping_status":"","sticky":false,"template":"","format":"image","meta":{"site-sidebar-layout":"default","site-content-layout":"","ast-site-content-layout":"default","site-content-style":"default","site-sidebar-style":"default","ast-global-header-display":"","ast-banner-title-visibility":"","ast-main-header-display":"","ast-hfb-above-header-display":"","ast-hfb-below-header-display":"","ast-hfb-mobile-header-display":"","site-post-title":"","ast-breadcrumbs-content":"","ast-featured-img":"","footer-sml-layout":"","ast-disable-related-posts":"","theme-transparent-header-meta":"","adv-header-id-meta":"","stick-header-meta":"","header-above-stick-meta":"","header-main-stick-meta":"","header-below-stick-meta":"","astra-migrate-meta-layouts":"default","ast-page-background-enabled":"default","ast-page-background-meta":{"desktop":{"background-color":"var(--ast-global-color-4)","background-image":"","background-repeat":"repeat","background-position":"center center","background-size":"auto","background-attachment":"scroll","background-type":"","background-media":"","overlay-type":"","overlay-color":"","overlay-opacity":"","overlay-gradient":""},"tablet":{"background-color":"","background-image":"","background-repeat":"repeat","background-position":"center center","background-size":"auto","background-attachment":"scroll","background-type":"","background-media":"","overlay-type":"","overlay-color":"","overlay-opacity":"","overlay-gradient":""},"mobile":{"background-color":"","background-image":"","background-repeat":"repeat","background-position":"center center","background-size":"auto","background-attachment":"scroll","background-type":"","background-media":"","overlay-type":"","overlay-color":"","overlay-opacity":"","overlay-gradient":""}},"ast-content-background-meta":{"desktop":{"background-color":"var(--ast-global-color-5)","background-image":"","background-repeat":"repeat","background-position":"center center","background-size":"auto","background-attachment":"scroll","background-type":"","background-media":"","overlay-type":"","overlay-color":"","overlay-opacity":"","overlay-gradient":""},"tablet":{"background-color":"var(--ast-global-color-5)","background-image":"","background-repeat":"repeat","background-position":"center center","background-size":"auto","background-attachment":"scroll","background-type":"","background-media":"","overlay-type":"","overlay-color":"","overlay-opacity":"","overlay-gradient":""},"mobile":{"background-color":"var(--ast-global-color-5)","background-image":"","background-repeat":"repeat","background-position":"center center","background-size":"auto","background-attachment":"scroll","background-type":"","background-media":"","overlay-type":"","overlay-color":"","overlay-opacity":"","overlay-gradient":""}},"footnotes":""},"categories":[3817],"tags":[],"class_list":["post-28964","post","type-post","status-publish","format-image","hentry","category-camara-municipal-de-parnamirim","post_format-post-format-image"],"_links":{"self":[{"href":"https:\/\/noticiasnoface.com.br\/index.php\/wp-json\/wp\/v2\/posts\/28964","targetHints":{"allow":["GET"]}}],"collection":[{"href":"https:\/\/noticiasnoface.com.br\/index.php\/wp-json\/wp\/v2\/posts"}],"about":[{"href":"https:\/\/noticiasnoface.com.br\/index.php\/wp-json\/wp\/v2\/types\/post"}],"author":[{"embeddable":true,"href":"https:\/\/noticiasnoface.com.br\/index.php\/wp-json\/wp\/v2\/users\/1"}],"replies":[{"embeddable":true,"href":"https:\/\/noticiasnoface.com.br\/index.php\/wp-json\/wp\/v2\/comments?post=28964"}],"version-history":[{"count":1,"href":"https:\/\/noticiasnoface.com.br\/index.php\/wp-json\/wp\/v2\/posts\/28964\/revisions"}],"predecessor-version":[{"id":28965,"href":"https:\/\/noticiasnoface.com.br\/index.php\/wp-json\/wp\/v2\/posts\/28964\/revisions\/28965"}],"wp:attachment":[{"href":"https:\/\/noticiasnoface.com.br\/index.php\/wp-json\/wp\/v2\/media?parent=28964"}],"wp:term":[{"taxonomy":"category","embeddable":true,"href":"https:\/\/noticiasnoface.com.br\/index.php\/wp-json\/wp\/v2\/categories?post=28964"},{"taxonomy":"post_tag","embeddable":true,"href":"https:\/\/noticiasnoface.com.br\/index.php\/wp-json\/wp\/v2\/tags?post=28964"}],"curies":[{"name":"wp","href":"https:\/\/api.w.org\/{rel}","templated":true}]}}