{"id":28968,"date":"2025-07-16T21:25:14","date_gmt":"2025-07-17T00:25:14","guid":{"rendered":"https:\/\/noticiasnoface.com.br\/?p=28968"},"modified":"2025-07-16T21:25:14","modified_gmt":"2025-07-17T00:25:14","slug":"rota-22-promoveu-20-eventos-no-rn-e-ja-passou-por-todos-os-167-municipios","status":"publish","type":"post","link":"https:\/\/noticiasnoface.com.br\/index.php\/2025\/07\/16\/rota-22-promoveu-20-eventos-no-rn-e-ja-passou-por-todos-os-167-municipios\/","title":{"rendered":"Rota 22 promoveu 20 eventos no RN e j\u00e1 passou por todos os 167 munic\u00edpios"},"content":{"rendered":"\n<figure class=\"wp-block-image size-large\"><img data-opt-id=1970906579  fetchpriority=\"high\" decoding=\"async\" width=\"576\" height=\"1024\" src=\"https:\/\/mlbfrsat7ahr.i.optimole.com\/w:576\/h:1024\/q:mauto\/ig:avif\/https:\/\/noticiasnoface.com.br\/wp-content\/uploads\/2025\/07\/eb501cc5-e003-4e68-ab58-59da198a8ae8-1.jpg\" class=\"wp-image-28966\" srcset=\"https:\/\/mlbfrsat7ahr.i.optimole.com\/w:576\/h:1024\/q:mauto\/ig:avif\/https:\/\/noticiasnoface.com.br\/wp-content\/uploads\/2025\/07\/eb501cc5-e003-4e68-ab58-59da198a8ae8-1.jpg 576w, https:\/\/mlbfrsat7ahr.i.optimole.com\/w:169\/h:300\/q:mauto\/ig:avif\/https:\/\/noticiasnoface.com.br\/wp-content\/uploads\/2025\/07\/eb501cc5-e003-4e68-ab58-59da198a8ae8-1.jpg 169w, https:\/\/mlbfrsat7ahr.i.optimole.com\/w:607\/h:1080\/q:mauto\/ig:avif\/https:\/\/noticiasnoface.com.br\/wp-content\/uploads\/2025\/07\/eb501cc5-e003-4e68-ab58-59da198a8ae8-1.jpg 768w, https:\/\/mlbfrsat7ahr.i.optimole.com\/w:607\/h:1080\/q:mauto\/ig:avif\/https:\/\/noticiasnoface.com.br\/wp-content\/uploads\/2025\/07\/eb501cc5-e003-4e68-ab58-59da198a8ae8-1.jpg 864w, https:\/\/mlbfrsat7ahr.i.optimole.com\/w:607\/h:1080\/q:mauto\/ig:avif\/https:\/\/noticiasnoface.com.br\/wp-content\/uploads\/2025\/07\/eb501cc5-e003-4e68-ab58-59da198a8ae8-1.jpg 900w\" sizes=\"(max-width: 576px) 100vw, 576px\" \/><\/figure>\n\n\n\n<p>O projeto Rota 22, uma iniciativa do Partido Liberal (PL) em parceria com o Instituto \u00c1lvaro Valle, fechou o primeiro semestre com 20 eventos realizados no Estado, sendo 16 oficinas e 4 semin\u00e1rios abrangendo todas as regi\u00f5es do estado. E agora em julho tem atividades nas regi\u00f5es Agreste, Trair\u00ed, Potengi e Metropolitana.<\/p>\n\n\n\n<p>&#8220;O modelo adotado no Rio Grande do Norte, com dezenas de encontros realizados em diferentes regi\u00f5es, al\u00e9m das equipes precursoras que visitaram todos os 167 munic\u00edpios, ser\u00e1 replicado em outros estados do pa\u00eds nos pr\u00f3ximos meses&#8221;, destaca Rog\u00e9rio Marinho, secret\u00e1rio-geral do PL nacional e presidente estadual da legenda, ressaltando que o Rota 22 tem sempre o foco em levantar os principais gargalos locais e propor solu\u00e7\u00f5es com base em evid\u00eancias, di\u00e1logo e experi\u00eancia administrativa.<\/p>\n\n\n\n<p>Com o prop\u00f3sito de fortalecer os la\u00e7os entre a sociedade civil e o partido, valorizando o di\u00e1logo e a constru\u00e7\u00e3o coletiva de propostas; o projeto possibilitou um diagn\u00f3stico detalhado das dificuldades do Estado, por regi\u00e3o. &#8220;\u00c9 uma base s\u00f3lida de informa\u00e7\u00f5es que elever\u00e1 o debate em torno de a\u00e7\u00f5es concretas que ir\u00e3o impactar na vida de quem mais precisa de pol\u00edticas p\u00fablicas&#8221;, disse Rog\u00e9rio Marinho.<\/p>\n\n\n\n<figure class=\"wp-block-image size-large\"><img data-opt-id=592097022  fetchpriority=\"high\" decoding=\"async\" src=\"file:\/\/\/private\/var\/mobile\/Containers\/Data\/Application\/2B5F0EFA-9CD2-46DC-A2DC-74FE2949AB0E\/tmp\/org.automattic.MediaImageServiceSymlinks\/thumbnail-c0719f4a-9043-407b-8e65-1d93a1137b45-1536x1024.jpeg\" class=\"wp-image-975946069\"\/><\/figure>\n\n\n\n<p>AGENDA<\/p>\n\n\n\n<p>Fique conectado com o Rota 22 \u2014 acesse o site plrota22.com.br e confira quando o projeto passar\u00e1 por sua regi\u00e3o. Mais informa\u00e7\u00f5es tamb\u00e9m est\u00e3o dispon\u00edveis nas redes sociais, pelos perfis @pl22rn e @plnacional22, e no canal de WhatsApp do Rota 22 no Rio Grande do Norte: canal.plrota22.com.br.<\/p>\n\n\n\n<p>Ainda neste m\u00eas de julho, ser\u00e3o realizadas as oficinas na regi\u00e3o Agreste no dia 22, em Passa e Fica, e no dia 23, em Goianinha. No dia 2 de agosto haver\u00e1 o grande Semin\u00e1rio, em Santo Ant\u00f4nio, reunindo lideran\u00e7as do Agreste, Trair\u00ed e Potengi.<\/p>\n\n\n\n<p>Na agenda do Projeto Rota 22, ainda tem oficina em Parnamirim, no dia 6 de agosto, em Extremoz, no dia 7 de agosto, e Semin\u00e1rio da Regi\u00e3o Metropolitana, em Natal, no dia 16 de agosto.<\/p>\n\n\n\n<p><\/p>\n","protected":false},"excerpt":{"rendered":"<p>O projeto Rota 22, uma iniciativa do Partido Liberal (PL) em parceria com o Instituto \u00c1lvaro Valle, fechou o primeiro [&hellip;]<\/p>\n","protected":false},"author":1,"featured_media":0,"comment_status":"closed","ping_status":"","sticky":false,"template":"","format":"image","meta":{"site-sidebar-layout":"default","site-content-layout":"","ast-site-content-layout":"default","site-content-style":"default","site-sidebar-style":"default","ast-global-header-display":"","ast-banner-title-visibility":"","ast-main-header-display":"","ast-hfb-above-header-display":"","ast-hfb-below-header-display":"","ast-hfb-mobile-header-display":"","site-post-title":"","ast-breadcrumbs-content":"","ast-featured-img":"","footer-sml-layout":"","ast-disable-related-posts":"","theme-transparent-header-meta":"","adv-header-id-meta":"","stick-header-meta":"","header-above-stick-meta":"","header-main-stick-meta":"","header-below-stick-meta":"","astra-migrate-meta-layouts":"default","ast-page-background-enabled":"default","ast-page-background-meta":{"desktop":{"background-color":"var(--ast-global-color-4)","background-image":"","background-repeat":"repeat","background-position":"center center","background-size":"auto","background-attachment":"scroll","background-type":"","background-media":"","overlay-type":"","overlay-color":"","overlay-opacity":"","overlay-gradient":""},"tablet":{"background-color":"","background-image":"","background-repeat":"repeat","background-position":"center center","background-size":"auto","background-attachment":"scroll","background-type":"","background-media":"","overlay-type":"","overlay-color":"","overlay-opacity":"","overlay-gradient":""},"mobile":{"background-color":"","background-image":"","background-repeat":"repeat","background-position":"center center","background-size":"auto","background-attachment":"scroll","background-type":"","background-media":"","overlay-type":"","overlay-color":"","overlay-opacity":"","overlay-gradient":""}},"ast-content-background-meta":{"desktop":{"background-color":"var(--ast-global-color-5)","background-image":"","background-repeat":"repeat","background-position":"center center","background-size":"auto","background-attachment":"scroll","background-type":"","background-media":"","overlay-type":"","overlay-color":"","overlay-opacity":"","overlay-gradient":""},"tablet":{"background-color":"var(--ast-global-color-5)","background-image":"","background-repeat":"repeat","background-position":"center center","background-size":"auto","background-attachment":"scroll","background-type":"","background-media":"","overlay-type":"","overlay-color":"","overlay-opacity":"","overlay-gradient":""},"mobile":{"background-color":"var(--ast-global-color-5)","background-image":"","background-repeat":"repeat","background-position":"center center","background-size":"auto","background-attachment":"scroll","background-type":"","background-media":"","overlay-type":"","overlay-color":"","overlay-opacity":"","overlay-gradient":""}},"footnotes":""},"categories":[517],"tags":[],"class_list":["post-28968","post","type-post","status-publish","format-image","hentry","category-aconteceu","post_format-post-format-image"],"_links":{"self":[{"href":"https:\/\/noticiasnoface.com.br\/index.php\/wp-json\/wp\/v2\/posts\/28968","targetHints":{"allow":["GET"]}}],"collection":[{"href":"https:\/\/noticiasnoface.com.br\/index.php\/wp-json\/wp\/v2\/posts"}],"about":[{"href":"https:\/\/noticiasnoface.com.br\/index.php\/wp-json\/wp\/v2\/types\/post"}],"author":[{"embeddable":true,"href":"https:\/\/noticiasnoface.com.br\/index.php\/wp-json\/wp\/v2\/users\/1"}],"replies":[{"embeddable":true,"href":"https:\/\/noticiasnoface.com.br\/index.php\/wp-json\/wp\/v2\/comments?post=28968"}],"version-history":[{"count":1,"href":"https:\/\/noticiasnoface.com.br\/index.php\/wp-json\/wp\/v2\/posts\/28968\/revisions"}],"predecessor-version":[{"id":28969,"href":"https:\/\/noticiasnoface.com.br\/index.php\/wp-json\/wp\/v2\/posts\/28968\/revisions\/28969"}],"wp:attachment":[{"href":"https:\/\/noticiasnoface.com.br\/index.php\/wp-json\/wp\/v2\/media?parent=28968"}],"wp:term":[{"taxonomy":"category","embeddable":true,"href":"https:\/\/noticiasnoface.com.br\/index.php\/wp-json\/wp\/v2\/categories?post=28968"},{"taxonomy":"post_tag","embeddable":true,"href":"https:\/\/noticiasnoface.com.br\/index.php\/wp-json\/wp\/v2\/tags?post=28968"}],"curies":[{"name":"wp","href":"https:\/\/api.w.org\/{rel}","templated":true}]}}