{"id":28976,"date":"2025-07-16T21:28:36","date_gmt":"2025-07-17T00:28:36","guid":{"rendered":"https:\/\/noticiasnoface.com.br\/?p=28976"},"modified":"2025-07-16T21:28:36","modified_gmt":"2025-07-17T00:28:36","slug":"lula-grava-pronunciamento-em-rede-nacional-sobre-tarifaco","status":"publish","type":"post","link":"https:\/\/noticiasnoface.com.br\/index.php\/2025\/07\/16\/lula-grava-pronunciamento-em-rede-nacional-sobre-tarifaco\/","title":{"rendered":"Lula grava pronunciamento em rede nacional sobre tarifa\u00e7o"},"content":{"rendered":"\n<p>&nbsp;<\/p>\n\n\n\n<p>\u200b<\/p>\n\n\n\n<h2 class=\"wp-block-heading subhead\">V\u00eddeo deve ser veiculado nesta quinta-feira (17)<\/h2>\n\n\n\n<p>16\/07\/25 \u00e0s 21:07&nbsp;|&nbsp;Atualizado&nbsp;16\/07\/25 \u00e0s 21:26<\/p>\n\n\n\n<figure class=\"wp-block-image\"><img data-opt-id=219130693  fetchpriority=\"high\" decoding=\"async\" src=\"https:\/\/admin.cnnbrasil.com.br\/wp-content\/uploads\/sites\/12\/2025\/07\/54646826322_787a5689e0_o.jpg?w=419&amp;h=283&amp;crop=0\" alt=\"\"\/><figcaption class=\"wp-element-caption\">O presidente Luiz In\u00e1cio Lula da Silva (PT) durante evento em Linhares (ES)&nbsp; \u2022&nbsp;Ricardo Stuckert \/ PR<\/figcaption><\/figure>\n\n\n\n<p><\/p>\n\n\n\n<p>O presidente Luiz In\u00e1cio Lula da Silva (PT) grava pronunciamento oficial na noite desta quarta-feira (16) sobre as tarifas impostas pelo presidente americano, Donald Trump.<\/p>\n\n\n\n<p>O v\u00eddeo deve ser veiculado na quinta-feira (17) em rede nacional de r\u00e1dio e televis\u00e3o.<\/p>\n\n\n\n<p>Na \u00faltima semana, a&nbsp;<strong>CNN<\/strong>&nbsp;antecipou a inten\u00e7\u00e3o do presidente em gravar um pronunciamento.<\/p>\n\n\n\n<p>Fontes no Pal\u00e1cio do Planalto afirmaram que o tom n\u00e3o dever\u00e1 fugir \u00e0 nota publicada por Lula em resposta a Trump. No comunicado oficial, o presidente defendeu a soberania brasileira e a aplica\u00e7\u00e3o de medidas rec\u00edprocas aos Estados Unidos.<\/p>\n\n\n\n<p>\u201cO Brasil \u00e9 um pa\u00eds soberano com institui\u00e7\u00f5es independentes que n\u00e3o aceitar\u00e1 ser tutelado por ningu\u00e9m\u201d, afirmou o presidente em publica\u00e7\u00e3o nas redes sociais.<\/p>\n\n\n\n<p>O decreto que regulamenta a Lei da Reciprocidade Econ\u00f4mica foi publicado no DOU (Di\u00e1rio Oficial da Uni\u00e3o) na ter\u00e7a-feira (15) com a assinatura de Lula.<\/p>\n\n\n\n<p>Aprovada pelo Congresso Nacional em 2 de abril, a Lei da Reciprocidade estabelece crit\u00e9rios de proporcionalidade para a ado\u00e7\u00e3o de medidas em resposta a barreiras impostas a produtos e interesses brasileiros. A norma deve ser usada como retalia\u00e7\u00e3o \u00e0s medidas&nbsp;de&nbsp;Trump.<\/p>\n\n\n\n<p><\/p>\n","protected":false},"excerpt":{"rendered":"<p>&nbsp; \u200b V\u00eddeo deve ser veiculado nesta quinta-feira (17) 16\/07\/25 \u00e0s 21:07&nbsp;|&nbsp;Atualizado&nbsp;16\/07\/25 \u00e0s 21:26 O presidente Luiz In\u00e1cio Lula da [&hellip;]<\/p>\n","protected":false},"author":1,"featured_media":0,"comment_status":"closed","ping_status":"","sticky":false,"template":"","format":"image","meta":{"site-sidebar-layout":"default","site-content-layout":"","ast-site-content-layout":"default","site-content-style":"default","site-sidebar-style":"default","ast-global-header-display":"","ast-banner-title-visibility":"","ast-main-header-display":"","ast-hfb-above-header-display":"","ast-hfb-below-header-display":"","ast-hfb-mobile-header-display":"","site-post-title":"","ast-breadcrumbs-content":"","ast-featured-img":"","footer-sml-layout":"","ast-disable-related-posts":"","theme-transparent-header-meta":"","adv-header-id-meta":"","stick-header-meta":"","header-above-stick-meta":"","header-main-stick-meta":"","header-below-stick-meta":"","astra-migrate-meta-layouts":"default","ast-page-background-enabled":"default","ast-page-background-meta":{"desktop":{"background-color":"var(--ast-global-color-4)","background-image":"","background-repeat":"repeat","background-position":"center center","background-size":"auto","background-attachment":"scroll","background-type":"","background-media":"","overlay-type":"","overlay-color":"","overlay-opacity":"","overlay-gradient":""},"tablet":{"background-color":"","background-image":"","background-repeat":"repeat","background-position":"center center","background-size":"auto","background-attachment":"scroll","background-type":"","background-media":"","overlay-type":"","overlay-color":"","overlay-opacity":"","overlay-gradient":""},"mobile":{"background-color":"","background-image":"","background-repeat":"repeat","background-position":"center center","background-size":"auto","background-attachment":"scroll","background-type":"","background-media":"","overlay-type":"","overlay-color":"","overlay-opacity":"","overlay-gradient":""}},"ast-content-background-meta":{"desktop":{"background-color":"var(--ast-global-color-5)","background-image":"","background-repeat":"repeat","background-position":"center center","background-size":"auto","background-attachment":"scroll","background-type":"","background-media":"","overlay-type":"","overlay-color":"","overlay-opacity":"","overlay-gradient":""},"tablet":{"background-color":"var(--ast-global-color-5)","background-image":"","background-repeat":"repeat","background-position":"center center","background-size":"auto","background-attachment":"scroll","background-type":"","background-media":"","overlay-type":"","overlay-color":"","overlay-opacity":"","overlay-gradient":""},"mobile":{"background-color":"var(--ast-global-color-5)","background-image":"","background-repeat":"repeat","background-position":"center center","background-size":"auto","background-attachment":"scroll","background-type":"","background-media":"","overlay-type":"","overlay-color":"","overlay-opacity":"","overlay-gradient":""}},"footnotes":""},"categories":[517],"tags":[],"class_list":["post-28976","post","type-post","status-publish","format-image","hentry","category-aconteceu","post_format-post-format-image"],"_links":{"self":[{"href":"https:\/\/noticiasnoface.com.br\/index.php\/wp-json\/wp\/v2\/posts\/28976","targetHints":{"allow":["GET"]}}],"collection":[{"href":"https:\/\/noticiasnoface.com.br\/index.php\/wp-json\/wp\/v2\/posts"}],"about":[{"href":"https:\/\/noticiasnoface.com.br\/index.php\/wp-json\/wp\/v2\/types\/post"}],"author":[{"embeddable":true,"href":"https:\/\/noticiasnoface.com.br\/index.php\/wp-json\/wp\/v2\/users\/1"}],"replies":[{"embeddable":true,"href":"https:\/\/noticiasnoface.com.br\/index.php\/wp-json\/wp\/v2\/comments?post=28976"}],"version-history":[{"count":1,"href":"https:\/\/noticiasnoface.com.br\/index.php\/wp-json\/wp\/v2\/posts\/28976\/revisions"}],"predecessor-version":[{"id":28977,"href":"https:\/\/noticiasnoface.com.br\/index.php\/wp-json\/wp\/v2\/posts\/28976\/revisions\/28977"}],"wp:attachment":[{"href":"https:\/\/noticiasnoface.com.br\/index.php\/wp-json\/wp\/v2\/media?parent=28976"}],"wp:term":[{"taxonomy":"category","embeddable":true,"href":"https:\/\/noticiasnoface.com.br\/index.php\/wp-json\/wp\/v2\/categories?post=28976"},{"taxonomy":"post_tag","embeddable":true,"href":"https:\/\/noticiasnoface.com.br\/index.php\/wp-json\/wp\/v2\/tags?post=28976"}],"curies":[{"name":"wp","href":"https:\/\/api.w.org\/{rel}","templated":true}]}}