{"id":28993,"date":"2025-07-18T06:47:02","date_gmt":"2025-07-18T09:47:02","guid":{"rendered":"https:\/\/noticiasnoface.com.br\/?p=28993"},"modified":"2025-07-18T06:47:02","modified_gmt":"2025-07-18T09:47:02","slug":"quase-96-do-publico-pretende-voltar-ao-sao-joao-de-natal-em-2026","status":"publish","type":"post","link":"https:\/\/noticiasnoface.com.br\/index.php\/2025\/07\/18\/quase-96-do-publico-pretende-voltar-ao-sao-joao-de-natal-em-2026\/","title":{"rendered":"Quase 96% do p\u00fablico pretende voltar ao S\u00e3o Jo\u00e3o de Natal em 2026"},"content":{"rendered":"\n<figure class=\"wp-block-image size-large\"><img data-opt-id=455007699  fetchpriority=\"high\" decoding=\"async\" src=\"file:\/\/\/private\/var\/mobile\/Containers\/Data\/Application\/2B5F0EFA-9CD2-46DC-A2DC-74FE2949AB0E\/tmp\/org.automattic.MediaImageServiceSymlinks\/thumbnail-82fd3968-17cf-4a46-9e63-86c7fe05f314-830x468.jpeg\" class=\"wp-image-1512880710\"\/><\/figure>\n\n\n\n<p>Evento reuniu 938,5 mil pessoas ao longo do m\u00eas de junho e movimentou quase R$ 190 milh\u00f5es<\/p>\n\n\n\n<p><strong>Reda\u00e7\u00e3o<\/strong><\/p>\n\n\n\n<p>18\/07\/2025&nbsp;|&nbsp;04:09<\/p>\n\n\n\n<p>Quase 96% do p\u00fablico que participou do S\u00e3o Jo\u00e3o de Natal deste ano pretende voltar \u00e0 festa em 2026. \u00c9 o que revela uma pesquisa divulgada pelo Instituto Fecom\u00e9rcio RN (IFC RN) nesta quinta-feira 17, que tamb\u00e9m aponta que o evento reuniu 938,5 mil pessoas ao longo do m\u00eas de junho, sendo 64,4% moradores de Natal e 35,6% turistas e demais visitantes.<\/p>\n\n\n\n<p>Neste ano, o evento movimentou R$\u202f188,6 milh\u00f5es na economia local. Em 2023, o total havia sido de R$\u202f34,4 milh\u00f5es. Entre os visitantes, o gasto m\u00e9dio di\u00e1rio chegou a R$\u202f272,24, enquanto os residentes desembolsaram, em m\u00e9dia, R$\u202f161,57 por dia. A renda m\u00e9dia mensal dos entrevistados ficou em R$\u202f5.161,20. A maioria dos participantes foi atra\u00edda pelas festas gratuitas e programa\u00e7\u00e3o. A nota m\u00e9dia geral foi de 9,29 e quase 96% do p\u00fablico ouvido diz que pretende voltar ao evento em 2026. Ao todo, foram entrevistadas 705 pessoas de diferentes faixas et\u00e1rias, origens e h\u00e1bitos de consumo.<\/p>\n","protected":false},"excerpt":{"rendered":"<p>Evento reuniu 938,5 mil pessoas ao longo do m\u00eas de junho e movimentou quase R$ 190 milh\u00f5es Reda\u00e7\u00e3o 18\/07\/2025&nbsp;|&nbsp;04:09 Quase [&hellip;]<\/p>\n","protected":false},"author":1,"featured_media":0,"comment_status":"closed","ping_status":"","sticky":false,"template":"","format":"image","meta":{"site-sidebar-layout":"default","site-content-layout":"","ast-site-content-layout":"default","site-content-style":"default","site-sidebar-style":"default","ast-global-header-display":"","ast-banner-title-visibility":"","ast-main-header-display":"","ast-hfb-above-header-display":"","ast-hfb-below-header-display":"","ast-hfb-mobile-header-display":"","site-post-title":"","ast-breadcrumbs-content":"","ast-featured-img":"","footer-sml-layout":"","ast-disable-related-posts":"","theme-transparent-header-meta":"","adv-header-id-meta":"","stick-header-meta":"","header-above-stick-meta":"","header-main-stick-meta":"","header-below-stick-meta":"","astra-migrate-meta-layouts":"default","ast-page-background-enabled":"default","ast-page-background-meta":{"desktop":{"background-color":"var(--ast-global-color-4)","background-image":"","background-repeat":"repeat","background-position":"center center","background-size":"auto","background-attachment":"scroll","background-type":"","background-media":"","overlay-type":"","overlay-color":"","overlay-opacity":"","overlay-gradient":""},"tablet":{"background-color":"","background-image":"","background-repeat":"repeat","background-position":"center center","background-size":"auto","background-attachment":"scroll","background-type":"","background-media":"","overlay-type":"","overlay-color":"","overlay-opacity":"","overlay-gradient":""},"mobile":{"background-color":"","background-image":"","background-repeat":"repeat","background-position":"center center","background-size":"auto","background-attachment":"scroll","background-type":"","background-media":"","overlay-type":"","overlay-color":"","overlay-opacity":"","overlay-gradient":""}},"ast-content-background-meta":{"desktop":{"background-color":"var(--ast-global-color-5)","background-image":"","background-repeat":"repeat","background-position":"center center","background-size":"auto","background-attachment":"scroll","background-type":"","background-media":"","overlay-type":"","overlay-color":"","overlay-opacity":"","overlay-gradient":""},"tablet":{"background-color":"var(--ast-global-color-5)","background-image":"","background-repeat":"repeat","background-position":"center center","background-size":"auto","background-attachment":"scroll","background-type":"","background-media":"","overlay-type":"","overlay-color":"","overlay-opacity":"","overlay-gradient":""},"mobile":{"background-color":"var(--ast-global-color-5)","background-image":"","background-repeat":"repeat","background-position":"center center","background-size":"auto","background-attachment":"scroll","background-type":"","background-media":"","overlay-type":"","overlay-color":"","overlay-opacity":"","overlay-gradient":""}},"footnotes":""},"categories":[517],"tags":[],"class_list":["post-28993","post","type-post","status-publish","format-image","hentry","category-aconteceu","post_format-post-format-image"],"_links":{"self":[{"href":"https:\/\/noticiasnoface.com.br\/index.php\/wp-json\/wp\/v2\/posts\/28993","targetHints":{"allow":["GET"]}}],"collection":[{"href":"https:\/\/noticiasnoface.com.br\/index.php\/wp-json\/wp\/v2\/posts"}],"about":[{"href":"https:\/\/noticiasnoface.com.br\/index.php\/wp-json\/wp\/v2\/types\/post"}],"author":[{"embeddable":true,"href":"https:\/\/noticiasnoface.com.br\/index.php\/wp-json\/wp\/v2\/users\/1"}],"replies":[{"embeddable":true,"href":"https:\/\/noticiasnoface.com.br\/index.php\/wp-json\/wp\/v2\/comments?post=28993"}],"version-history":[{"count":1,"href":"https:\/\/noticiasnoface.com.br\/index.php\/wp-json\/wp\/v2\/posts\/28993\/revisions"}],"predecessor-version":[{"id":28994,"href":"https:\/\/noticiasnoface.com.br\/index.php\/wp-json\/wp\/v2\/posts\/28993\/revisions\/28994"}],"wp:attachment":[{"href":"https:\/\/noticiasnoface.com.br\/index.php\/wp-json\/wp\/v2\/media?parent=28993"}],"wp:term":[{"taxonomy":"category","embeddable":true,"href":"https:\/\/noticiasnoface.com.br\/index.php\/wp-json\/wp\/v2\/categories?post=28993"},{"taxonomy":"post_tag","embeddable":true,"href":"https:\/\/noticiasnoface.com.br\/index.php\/wp-json\/wp\/v2\/tags?post=28993"}],"curies":[{"name":"wp","href":"https:\/\/api.w.org\/{rel}","templated":true}]}}