{"id":28996,"date":"2025-07-18T14:44:14","date_gmt":"2025-07-18T17:44:14","guid":{"rendered":"https:\/\/noticiasnoface.com.br\/?p=28996"},"modified":"2025-07-18T14:44:14","modified_gmt":"2025-07-18T17:44:14","slug":"nota-oficial","status":"publish","type":"post","link":"https:\/\/noticiasnoface.com.br\/index.php\/2025\/07\/18\/nota-oficial\/","title":{"rendered":"NOTA OFICIAL"},"content":{"rendered":"\n<figure class=\"wp-block-image size-large\"><img data-opt-id=177004959  fetchpriority=\"high\" decoding=\"async\" width=\"1024\" height=\"859\" src=\"https:\/\/mlbfrsat7ahr.i.optimole.com\/w:1024\/h:859\/q:mauto\/ig:avif\/https:\/\/noticiasnoface.com.br\/wp-content\/uploads\/2025\/07\/img_9955-1.jpg\" class=\"wp-image-28995\" srcset=\"https:\/\/mlbfrsat7ahr.i.optimole.com\/w:1024\/h:859\/q:mauto\/ig:avif\/https:\/\/noticiasnoface.com.br\/wp-content\/uploads\/2025\/07\/img_9955-1.jpg 1024w, https:\/\/mlbfrsat7ahr.i.optimole.com\/w:300\/h:252\/q:mauto\/ig:avif\/https:\/\/noticiasnoface.com.br\/wp-content\/uploads\/2025\/07\/img_9955-1.jpg 300w, https:\/\/mlbfrsat7ahr.i.optimole.com\/w:768\/h:644\/q:mauto\/ig:avif\/https:\/\/noticiasnoface.com.br\/wp-content\/uploads\/2025\/07\/img_9955-1.jpg 768w, https:\/\/mlbfrsat7ahr.i.optimole.com\/w:1287\/h:1080\/q:mauto\/ig:avif\/https:\/\/noticiasnoface.com.br\/wp-content\/uploads\/2025\/07\/img_9955-1.jpg 1320w\" sizes=\"(max-width: 1000px) 100vw, 1000px\" \/><\/figure>\n\n\n\n<p>O Brasil assiste, mais uma vez, a um grave epis\u00f3dio de persegui\u00e7\u00e3o pol\u00edtica disfar\u00e7ada de a\u00e7\u00e3o judicial. O ex-presidente Jair Bolsonaro foi novamente alvo de medidas cautelares arbitr\u00e1rias determinadas pelo ministro Alexandre de Moraes, que, em nome da autoridade, tenta impor o sil\u00eancio ao principal l\u00edder da oposi\u00e7\u00e3o no pa\u00eds. As medidas impostas \u2014 como a proibi\u00e7\u00e3o do uso das redes sociais, de comunica\u00e7\u00e3o com diplomatas estrangeiros, de manter contato com aliados pol\u00edticos e at\u00e9 com seu pr\u00f3prio filho, o deputado Eduardo Bolsonaro, al\u00e9m da imposi\u00e7\u00e3o de tornozeleira eletr\u00f4nica \u2014 n\u00e3o se sustentam juridicamente e ferem princ\u00edpios constitucionais fundamentais, como o devido processo legal, a dignidade da pessoa humana e a proporcionalidade.<\/p>\n\n\n\n<p>N\u00e3o h\u00e1 condena\u00e7\u00e3o. N\u00e3o h\u00e1 provas inequ\u00edvocas de crime. H\u00e1, sim, uma escalada autorit\u00e1ria e o uso do aparato judicial como instrumento de repress\u00e3o pol\u00edtica. Trata-se de um movimento perigoso, que amea\u00e7a as bases do Estado de Direito e transforma a diverg\u00eancia em delito. A criminaliza\u00e7\u00e3o de opini\u00f5es, o cerceamento da liberdade de express\u00e3o, o cerceamento do direito de defesa e de prerrogativas de advogados, tudo na tentativa de neutralizar lideran\u00e7as por vias judiciais, que colocam em risco a pr\u00f3pria democracia. Criticar autoridades, denunciar abusos e participar do debate p\u00fablico s\u00e3o direitos garantidos pela Constitui\u00e7\u00e3o \u2014 e n\u00e3o podem ser tratados como afrontas institucionais.<\/p>\n\n\n\n<p>O contraste com o passado recente \u00e9 evidente. Em 2016, Dilma Rousseff discursou na ONU para denunciar um suposto golpe. Em 2017, advogados de Lula foram \u00e0 Europa questionar decis\u00f5es do Judici\u00e1rio brasileiro. Em 2018, a defesa do ex-presidente recorreu \u00e0 ONU para impedir sua pris\u00e3o, enquanto ele pr\u00f3prio, mesmo condenado, p\u00f4de viajar ao exterior para fazer den\u00fancias contra institui\u00e7\u00f5es brasileiras \u2014 sem sofrer qualquer censura, pris\u00e3o domiciliar ou restri\u00e7\u00e3o de fala. Por que, ent\u00e3o, agora se trata com tamanha rigidez um ex-presidente que sequer foi condenado?<\/p>\n\n\n\n<p>Enquanto se restringem liberdades e se tenta calar advers\u00e1rios, vemos, ao mesmo tempo, a relativiza\u00e7\u00e3o da corrup\u00e7\u00e3o de r\u00e9us confessos da Lava Jato, o perd\u00e3o bilion\u00e1rio de esc\u00e2ndalos que drenaram os cofres p\u00fablicos, o abandono dos aposentados, o aumento do custo de vida e o avan\u00e7o do aparelhamento do Estado. Uma cortina de fuma\u00e7a encobre o caos econ\u00f4mico e moral instalado no pa\u00eds, desviando a aten\u00e7\u00e3o para persegui\u00e7\u00f5es pol\u00edticas seletivas.<\/p>\n\n\n\n<p>Diante desse cen\u00e1rio, o Congresso Nacional precisa reassumir seu papel constitucional. \u00c9 dever do Legislativo agir com independ\u00eancia e responsabilidade para conter os excessos de um Poder que, cada vez mais, ultrapassa os limites da legalidade e da razoabilidade. Quando decis\u00f5es individuais violam liberdades fundamentais, silenciam representantes eleitos e interferem diretamente na vida pol\u00edtica nacional, o Parlamento deve reagir com firmeza para restabelecer o equil\u00edbrio entre os Poderes e proteger os direitos do povo.<\/p>\n\n\n\n<p>\u00c9 hora de a sociedade brasileira se posicionar com coragem. O povo deve voltar \u00e0s ruas, de forma pac\u00edfica e ordeira, para exigir respeito \u00e0 Constitui\u00e7\u00e3o, \u00e0 liberdade e \u00e0 democracia. Nenhuma toga est\u00e1 acima da lei. Nenhum cargo autoriza a persegui\u00e7\u00e3o. Nenhum brasileiro deve ser silenciado por pensar diferente. Somos 213 milh\u00f5es de cidad\u00e3os livres. E a Constitui\u00e7\u00e3o \u00e9 clara: \u201cTodo o poder emana do povo, que o exerce por meio de representantes eleitos ou diretamente, nos termos desta Constitui\u00e7\u00e3o.\u201d<\/p>\n\n\n\n<p>Por tudo isso, reafirmamos nosso rep\u00fadio \u00e0 censura, \u00e0 intimida\u00e7\u00e3o e \u00e0 tentativa de humilha\u00e7\u00e3o de um ex-presidente da Rep\u00fablica. O sil\u00eancio jamais ser\u00e1 uma op\u00e7\u00e3o diante da injusti\u00e7a.<\/p>\n\n\n\n<p><em>Rog\u00e9rio Marinho<\/em><br \/>L\u00edder da Oposi\u00e7\u00e3o no Senado<\/p>\n\n\n\n<p><em>Carlos Portinho<\/em><br \/>L\u00edder do PL no Senado<\/p>\n\n\n\n<p><em>Izalci Lucas<\/em><br \/>L\u00edder da Oposi\u00e7\u00e3o no Congresso<\/p>\n\n\n\n<p><em>Zucco<\/em><br \/>L\u00edder da Oposi\u00e7\u00e3o na C\u00e2mara<\/p>\n\n\n\n<p><em>S\u00f3stenes Cavalcante<\/em><br \/>L\u00edder do PL na C\u00e2mara<\/p>\n","protected":false},"excerpt":{"rendered":"<p>O Brasil assiste, mais uma vez, a um grave epis\u00f3dio de persegui\u00e7\u00e3o pol\u00edtica disfar\u00e7ada de a\u00e7\u00e3o judicial. O ex-presidente Jair [&hellip;]<\/p>\n","protected":false},"author":1,"featured_media":0,"comment_status":"closed","ping_status":"","sticky":false,"template":"","format":"image","meta":{"site-sidebar-layout":"default","site-content-layout":"","ast-site-content-layout":"default","site-content-style":"default","site-sidebar-style":"default","ast-global-header-display":"","ast-banner-title-visibility":"","ast-main-header-display":"","ast-hfb-above-header-display":"","ast-hfb-below-header-display":"","ast-hfb-mobile-header-display":"","site-post-title":"","ast-breadcrumbs-content":"","ast-featured-img":"","footer-sml-layout":"","ast-disable-related-posts":"","theme-transparent-header-meta":"","adv-header-id-meta":"","stick-header-meta":"","header-above-stick-meta":"","header-main-stick-meta":"","header-below-stick-meta":"","astra-migrate-meta-layouts":"default","ast-page-background-enabled":"default","ast-page-background-meta":{"desktop":{"background-color":"var(--ast-global-color-4)","background-image":"","background-repeat":"repeat","background-position":"center center","background-size":"auto","background-attachment":"scroll","background-type":"","background-media":"","overlay-type":"","overlay-color":"","overlay-opacity":"","overlay-gradient":""},"tablet":{"background-color":"","background-image":"","background-repeat":"repeat","background-position":"center center","background-size":"auto","background-attachment":"scroll","background-type":"","background-media":"","overlay-type":"","overlay-color":"","overlay-opacity":"","overlay-gradient":""},"mobile":{"background-color":"","background-image":"","background-repeat":"repeat","background-position":"center center","background-size":"auto","background-attachment":"scroll","background-type":"","background-media":"","overlay-type":"","overlay-color":"","overlay-opacity":"","overlay-gradient":""}},"ast-content-background-meta":{"desktop":{"background-color":"var(--ast-global-color-5)","background-image":"","background-repeat":"repeat","background-position":"center center","background-size":"auto","background-attachment":"scroll","background-type":"","background-media":"","overlay-type":"","overlay-color":"","overlay-opacity":"","overlay-gradient":""},"tablet":{"background-color":"var(--ast-global-color-5)","background-image":"","background-repeat":"repeat","background-position":"center center","background-size":"auto","background-attachment":"scroll","background-type":"","background-media":"","overlay-type":"","overlay-color":"","overlay-opacity":"","overlay-gradient":""},"mobile":{"background-color":"var(--ast-global-color-5)","background-image":"","background-repeat":"repeat","background-position":"center center","background-size":"auto","background-attachment":"scroll","background-type":"","background-media":"","overlay-type":"","overlay-color":"","overlay-opacity":"","overlay-gradient":""}},"footnotes":""},"categories":[517],"tags":[],"class_list":["post-28996","post","type-post","status-publish","format-image","hentry","category-aconteceu","post_format-post-format-image"],"_links":{"self":[{"href":"https:\/\/noticiasnoface.com.br\/index.php\/wp-json\/wp\/v2\/posts\/28996","targetHints":{"allow":["GET"]}}],"collection":[{"href":"https:\/\/noticiasnoface.com.br\/index.php\/wp-json\/wp\/v2\/posts"}],"about":[{"href":"https:\/\/noticiasnoface.com.br\/index.php\/wp-json\/wp\/v2\/types\/post"}],"author":[{"embeddable":true,"href":"https:\/\/noticiasnoface.com.br\/index.php\/wp-json\/wp\/v2\/users\/1"}],"replies":[{"embeddable":true,"href":"https:\/\/noticiasnoface.com.br\/index.php\/wp-json\/wp\/v2\/comments?post=28996"}],"version-history":[{"count":1,"href":"https:\/\/noticiasnoface.com.br\/index.php\/wp-json\/wp\/v2\/posts\/28996\/revisions"}],"predecessor-version":[{"id":28997,"href":"https:\/\/noticiasnoface.com.br\/index.php\/wp-json\/wp\/v2\/posts\/28996\/revisions\/28997"}],"wp:attachment":[{"href":"https:\/\/noticiasnoface.com.br\/index.php\/wp-json\/wp\/v2\/media?parent=28996"}],"wp:term":[{"taxonomy":"category","embeddable":true,"href":"https:\/\/noticiasnoface.com.br\/index.php\/wp-json\/wp\/v2\/categories?post=28996"},{"taxonomy":"post_tag","embeddable":true,"href":"https:\/\/noticiasnoface.com.br\/index.php\/wp-json\/wp\/v2\/tags?post=28996"}],"curies":[{"name":"wp","href":"https:\/\/api.w.org\/{rel}","templated":true}]}}