{"id":28998,"date":"2025-07-18T15:21:11","date_gmt":"2025-07-18T18:21:11","guid":{"rendered":"https:\/\/noticiasnoface.com.br\/?p=28998"},"modified":"2025-07-18T15:32:31","modified_gmt":"2025-07-18T18:32:31","slug":"bomba-ministerio-publico-investiga-desvio-de-recursos-do-fundeb-em-sao-jose-de-campestre","status":"publish","type":"post","link":"https:\/\/noticiasnoface.com.br\/index.php\/2025\/07\/18\/bomba-ministerio-publico-investiga-desvio-de-recursos-do-fundeb-em-sao-jose-de-campestre\/","title":{"rendered":"BOMBA: Minist\u00e9rio P\u00fablico investiga desvio de recursos do FUNDEB em S\u00e3o Jos\u00e9 de Campestre"},"content":{"rendered":"\n<p><\/p>\n\n\n\n<figure class=\"wp-block-image\"><img data-opt-id=856052814  fetchpriority=\"high\" decoding=\"async\" src=\"https:\/\/gustavonegreiros.com.br\/storage\/2025\/07\/18\/01K0EQ81F5NMGK3S67AP3P9AHY.jpg\" alt=\"Minist\u00e9rio P\u00fablico investiga desvio de recursos do FUNDEB em S\u00e3o Jos\u00e9 de Campestre\"\/><\/figure>\n\n\n\n<p>A gest\u00e3o municipal de S\u00e3o Jos\u00e9 de Campestre, sob comando do prefeito Eribaldo Lima, est\u00e1 sendo investigada pelo Minist\u00e9rio P\u00fablico do Rio Grande do Norte (MPRN) ap\u00f3s o recebimento de diversas den\u00fancias envolvendo supostas irregularidades administrativas.<\/p>\n\n\n\n<p>Entre as principais apura\u00e7\u00f5es est\u00e1 o desvio de recursos do Fundo de Manuten\u00e7\u00e3o e Desenvolvimento da Educa\u00e7\u00e3o B\u00e1sica (Fundeb). De acordo com o Inqu\u00e9rito Civil n\u00ba 04.23.2171.0000101\/2025-81, instaurado em 24 de abril de 2025, h\u00e1 ind\u00edcios de que verbas destinadas exclusivamente \u00e0 educa\u00e7\u00e3o estariam sendo utilizadas para o pagamento de servidores em atividades fora do setor educacional.<\/p>\n\n\n\n<p>Mais de 30 den\u00fancias apuradas<\/p>\n\n\n\n<p>Al\u00e9m da suspeita de desvio de recursos do Fundeb, o Minist\u00e9rio P\u00fablico investiga outras mais de 30 den\u00fancias envolvendo diferentes setores da administra\u00e7\u00e3o municipal. Entre elas est\u00e3o casos de nepotismo, com relatos de contrata\u00e7\u00e3o de familiares de agentes p\u00fablicos, e problemas relacionados \u00e0 m\u00e1 gest\u00e3o de res\u00edduos hospitalares.<\/p>\n\n\n\n<p>Uma das informa\u00e7\u00f5es j\u00e1 analisadas pelo \u00f3rg\u00e3o aponta a presen\u00e7a de mais de 50 pessoas com v\u00ednculos familiares atuando direta ou indiretamente na administra\u00e7\u00e3o p\u00fablica, inclusive com poss\u00edvel liga\u00e7\u00e3o a empresas terceirizadas contratadas pelo munic\u00edpio.<\/p>\n\n\n\n<p><\/p>\n","protected":false},"excerpt":{"rendered":"<p>A gest\u00e3o municipal de S\u00e3o Jos\u00e9 de Campestre, sob comando do prefeito Eribaldo Lima, est\u00e1 sendo investigada pelo Minist\u00e9rio P\u00fablico [&hellip;]<\/p>\n","protected":false},"author":1,"featured_media":0,"comment_status":"closed","ping_status":"","sticky":false,"template":"","format":"image","meta":{"site-sidebar-layout":"default","site-content-layout":"","ast-site-content-layout":"default","site-content-style":"default","site-sidebar-style":"default","ast-global-header-display":"","ast-banner-title-visibility":"","ast-main-header-display":"","ast-hfb-above-header-display":"","ast-hfb-below-header-display":"","ast-hfb-mobile-header-display":"","site-post-title":"","ast-breadcrumbs-content":"","ast-featured-img":"","footer-sml-layout":"","ast-disable-related-posts":"","theme-transparent-header-meta":"","adv-header-id-meta":"","stick-header-meta":"","header-above-stick-meta":"","header-main-stick-meta":"","header-below-stick-meta":"","astra-migrate-meta-layouts":"default","ast-page-background-enabled":"default","ast-page-background-meta":{"desktop":{"background-color":"var(--ast-global-color-4)","background-image":"","background-repeat":"repeat","background-position":"center center","background-size":"auto","background-attachment":"scroll","background-type":"","background-media":"","overlay-type":"","overlay-color":"","overlay-opacity":"","overlay-gradient":""},"tablet":{"background-color":"","background-image":"","background-repeat":"repeat","background-position":"center center","background-size":"auto","background-attachment":"scroll","background-type":"","background-media":"","overlay-type":"","overlay-color":"","overlay-opacity":"","overlay-gradient":""},"mobile":{"background-color":"","background-image":"","background-repeat":"repeat","background-position":"center center","background-size":"auto","background-attachment":"scroll","background-type":"","background-media":"","overlay-type":"","overlay-color":"","overlay-opacity":"","overlay-gradient":""}},"ast-content-background-meta":{"desktop":{"background-color":"var(--ast-global-color-5)","background-image":"","background-repeat":"repeat","background-position":"center center","background-size":"auto","background-attachment":"scroll","background-type":"","background-media":"","overlay-type":"","overlay-color":"","overlay-opacity":"","overlay-gradient":""},"tablet":{"background-color":"var(--ast-global-color-5)","background-image":"","background-repeat":"repeat","background-position":"center center","background-size":"auto","background-attachment":"scroll","background-type":"","background-media":"","overlay-type":"","overlay-color":"","overlay-opacity":"","overlay-gradient":""},"mobile":{"background-color":"var(--ast-global-color-5)","background-image":"","background-repeat":"repeat","background-position":"center center","background-size":"auto","background-attachment":"scroll","background-type":"","background-media":"","overlay-type":"","overlay-color":"","overlay-opacity":"","overlay-gradient":""}},"footnotes":""},"categories":[517],"tags":[],"class_list":["post-28998","post","type-post","status-publish","format-image","hentry","category-aconteceu","post_format-post-format-image"],"_links":{"self":[{"href":"https:\/\/noticiasnoface.com.br\/index.php\/wp-json\/wp\/v2\/posts\/28998","targetHints":{"allow":["GET"]}}],"collection":[{"href":"https:\/\/noticiasnoface.com.br\/index.php\/wp-json\/wp\/v2\/posts"}],"about":[{"href":"https:\/\/noticiasnoface.com.br\/index.php\/wp-json\/wp\/v2\/types\/post"}],"author":[{"embeddable":true,"href":"https:\/\/noticiasnoface.com.br\/index.php\/wp-json\/wp\/v2\/users\/1"}],"replies":[{"embeddable":true,"href":"https:\/\/noticiasnoface.com.br\/index.php\/wp-json\/wp\/v2\/comments?post=28998"}],"version-history":[{"count":3,"href":"https:\/\/noticiasnoface.com.br\/index.php\/wp-json\/wp\/v2\/posts\/28998\/revisions"}],"predecessor-version":[{"id":29001,"href":"https:\/\/noticiasnoface.com.br\/index.php\/wp-json\/wp\/v2\/posts\/28998\/revisions\/29001"}],"wp:attachment":[{"href":"https:\/\/noticiasnoface.com.br\/index.php\/wp-json\/wp\/v2\/media?parent=28998"}],"wp:term":[{"taxonomy":"category","embeddable":true,"href":"https:\/\/noticiasnoface.com.br\/index.php\/wp-json\/wp\/v2\/categories?post=28998"},{"taxonomy":"post_tag","embeddable":true,"href":"https:\/\/noticiasnoface.com.br\/index.php\/wp-json\/wp\/v2\/tags?post=28998"}],"curies":[{"name":"wp","href":"https:\/\/api.w.org\/{rel}","templated":true}]}}