{"id":29010,"date":"2025-07-19T21:04:10","date_gmt":"2025-07-20T00:04:10","guid":{"rendered":"https:\/\/noticiasnoface.com.br\/?p=29010"},"modified":"2025-07-19T21:04:10","modified_gmt":"2025-07-20T00:04:10","slug":"pastor-brasileiro-condenado-por-abuso-de-menores-e-preso-em-portugal","status":"publish","type":"post","link":"https:\/\/noticiasnoface.com.br\/index.php\/2025\/07\/19\/pastor-brasileiro-condenado-por-abuso-de-menores-e-preso-em-portugal\/","title":{"rendered":"Pastor brasileiro condenado por abuso de menores \u00e9 preso em Portugal"},"content":{"rendered":"\n<p>19\/07\/25 \u00e0s 11:37&nbsp;|&nbsp;Atualizado&nbsp;19\/07\/25 \u00e0s 11:37<\/p>\n\n\n\n<figure class=\"wp-block-image\"><img data-opt-id=1216745817  fetchpriority=\"high\" decoding=\"async\" src=\"https:\/\/admin.cnnbrasil.com.br\/wp-content\/uploads\/sites\/12\/2022\/10\/violencia-2.jpg?w=419&amp;h=283&amp;crop=0\" alt=\"\"\/><figcaption class=\"wp-element-caption\">O homem, de 46 anos, estava foragido da justi\u00e7a brasileira havia dois anos e tinha, contra ele, um mandado de pris\u00e3o internacional emitido pela Interpol. Opera\u00e7\u00e3o mira abuso de crian\u00e7as&nbsp; \u2022&nbsp;Xia Yuan\/Getty Images<\/figcaption><\/figure>\n\n\n\n<p>A Pol\u00edcia Judici\u00e1ria de Portugal prendeu na quinta-feira, 17, em uma aldeia pr\u00f3xima de Penafiel, cidade da regi\u00e3o norte do pa\u00eds, um brasileiro condenado a 18 anos de pris\u00e3o pelo crime de abuso de menores.<\/p>\n\n\n\n<p>O homem, de 46 anos, estava foragido da justi\u00e7a brasileira havia dois anos e tinha, contra ele, um mandado de pris\u00e3o internacional emitido pela Interpol, a Organiza\u00e7\u00e3o Internacional de Pol\u00edcia Criminal.<\/p>\n\n\n\n<p>O homem n\u00e3o teve a identidade revelada. O jornal portugu\u00eas P\u00fablico informou que \u00e9 um pastor evang\u00e9lico natural de Minas Gerais. Ele vivia legalmente em Portugal desde 2022 e possu\u00eda uma autoriza\u00e7\u00e3o de resid\u00eancia.<\/p>\n\n\n\n<p>Em nota, as autoridades portuguesas informaram que ele morava na mesma cidade onde foi preso, e estava &#8220;plenamente integrado&#8221; \u00e0 comunidade onde residia, preenchendo um papel de l\u00edder religioso no local.<\/p>\n\n\n\n<p>&#8220;A referida deten\u00e7\u00e3o ocorreu numa aldeia perto de Penafiel, onde o mesmo residia h\u00e1 cerca de dois anos e onde estava plenamente integrado, sendo inclusive l\u00edder numa comunidade religiosa existente noutro concelho&#8221;, afirmou a nota da Pol\u00edcia Judici\u00e1ria.<\/p>\n\n\n\n<p>O homem foi apresentado ao Tribunal da Rela\u00e7\u00e3o do Porto, que aplicar\u00e1 a medida de extradi\u00e7\u00e3o para o Brasil.<\/p>\n\n\n\n<p>Os governos brasileiro e portugu\u00eas possuem um acordo de extradi\u00e7\u00e3o m\u00fatua desde a d\u00e9cada de 1990. Conforme o texto do acordo, as extradi\u00e7\u00f5es s\u00e3o aplicadas em situa\u00e7\u00f5es de &#8220;procedimento criminal ou para cumprimento de pena privativa da liberdade por infrac\u00e7\u00e3o cujo julgamento seja da compet\u00eancia dos tribunais da Parte requerente&#8221;.<\/p>\n\n\n\n<p>A reportagem procurou o Itamaraty e o Consulado do Brasil em Lisboa, e aguarda retorno.<\/p>\n\n\n\n<p><\/p>\n","protected":false},"excerpt":{"rendered":"<p>19\/07\/25 \u00e0s 11:37&nbsp;|&nbsp;Atualizado&nbsp;19\/07\/25 \u00e0s 11:37 A Pol\u00edcia Judici\u00e1ria de Portugal prendeu na quinta-feira, 17, em uma aldeia pr\u00f3xima de Penafiel, [&hellip;]<\/p>\n","protected":false},"author":1,"featured_media":0,"comment_status":"closed","ping_status":"","sticky":false,"template":"","format":"image","meta":{"site-sidebar-layout":"default","site-content-layout":"","ast-site-content-layout":"default","site-content-style":"default","site-sidebar-style":"default","ast-global-header-display":"","ast-banner-title-visibility":"","ast-main-header-display":"","ast-hfb-above-header-display":"","ast-hfb-below-header-display":"","ast-hfb-mobile-header-display":"","site-post-title":"","ast-breadcrumbs-content":"","ast-featured-img":"","footer-sml-layout":"","ast-disable-related-posts":"","theme-transparent-header-meta":"","adv-header-id-meta":"","stick-header-meta":"","header-above-stick-meta":"","header-main-stick-meta":"","header-below-stick-meta":"","astra-migrate-meta-layouts":"default","ast-page-background-enabled":"default","ast-page-background-meta":{"desktop":{"background-color":"var(--ast-global-color-4)","background-image":"","background-repeat":"repeat","background-position":"center center","background-size":"auto","background-attachment":"scroll","background-type":"","background-media":"","overlay-type":"","overlay-color":"","overlay-opacity":"","overlay-gradient":""},"tablet":{"background-color":"","background-image":"","background-repeat":"repeat","background-position":"center center","background-size":"auto","background-attachment":"scroll","background-type":"","background-media":"","overlay-type":"","overlay-color":"","overlay-opacity":"","overlay-gradient":""},"mobile":{"background-color":"","background-image":"","background-repeat":"repeat","background-position":"center center","background-size":"auto","background-attachment":"scroll","background-type":"","background-media":"","overlay-type":"","overlay-color":"","overlay-opacity":"","overlay-gradient":""}},"ast-content-background-meta":{"desktop":{"background-color":"var(--ast-global-color-5)","background-image":"","background-repeat":"repeat","background-position":"center center","background-size":"auto","background-attachment":"scroll","background-type":"","background-media":"","overlay-type":"","overlay-color":"","overlay-opacity":"","overlay-gradient":""},"tablet":{"background-color":"var(--ast-global-color-5)","background-image":"","background-repeat":"repeat","background-position":"center center","background-size":"auto","background-attachment":"scroll","background-type":"","background-media":"","overlay-type":"","overlay-color":"","overlay-opacity":"","overlay-gradient":""},"mobile":{"background-color":"var(--ast-global-color-5)","background-image":"","background-repeat":"repeat","background-position":"center center","background-size":"auto","background-attachment":"scroll","background-type":"","background-media":"","overlay-type":"","overlay-color":"","overlay-opacity":"","overlay-gradient":""}},"footnotes":""},"categories":[517],"tags":[],"class_list":["post-29010","post","type-post","status-publish","format-image","hentry","category-aconteceu","post_format-post-format-image"],"_links":{"self":[{"href":"https:\/\/noticiasnoface.com.br\/index.php\/wp-json\/wp\/v2\/posts\/29010","targetHints":{"allow":["GET"]}}],"collection":[{"href":"https:\/\/noticiasnoface.com.br\/index.php\/wp-json\/wp\/v2\/posts"}],"about":[{"href":"https:\/\/noticiasnoface.com.br\/index.php\/wp-json\/wp\/v2\/types\/post"}],"author":[{"embeddable":true,"href":"https:\/\/noticiasnoface.com.br\/index.php\/wp-json\/wp\/v2\/users\/1"}],"replies":[{"embeddable":true,"href":"https:\/\/noticiasnoface.com.br\/index.php\/wp-json\/wp\/v2\/comments?post=29010"}],"version-history":[{"count":1,"href":"https:\/\/noticiasnoface.com.br\/index.php\/wp-json\/wp\/v2\/posts\/29010\/revisions"}],"predecessor-version":[{"id":29011,"href":"https:\/\/noticiasnoface.com.br\/index.php\/wp-json\/wp\/v2\/posts\/29010\/revisions\/29011"}],"wp:attachment":[{"href":"https:\/\/noticiasnoface.com.br\/index.php\/wp-json\/wp\/v2\/media?parent=29010"}],"wp:term":[{"taxonomy":"category","embeddable":true,"href":"https:\/\/noticiasnoface.com.br\/index.php\/wp-json\/wp\/v2\/categories?post=29010"},{"taxonomy":"post_tag","embeddable":true,"href":"https:\/\/noticiasnoface.com.br\/index.php\/wp-json\/wp\/v2\/tags?post=29010"}],"curies":[{"name":"wp","href":"https:\/\/api.w.org\/{rel}","templated":true}]}}