{"id":29013,"date":"2025-07-19T21:05:22","date_gmt":"2025-07-20T00:05:22","guid":{"rendered":"https:\/\/noticiasnoface.com.br\/?p=29013"},"modified":"2025-07-19T21:05:22","modified_gmt":"2025-07-20T00:05:22","slug":"tornozeleira-eletronica-em-bolsonaro-saiba-como-funciona-o-dispositivo","status":"publish","type":"post","link":"https:\/\/noticiasnoface.com.br\/index.php\/2025\/07\/19\/tornozeleira-eletronica-em-bolsonaro-saiba-como-funciona-o-dispositivo\/","title":{"rendered":"Tornozeleira eletr\u00f4nica em Bolsonaro: saiba como funciona o dispositivo"},"content":{"rendered":"\n<p>&nbsp;<\/p>\n\n\n\n<figure class=\"wp-block-image size-large\"><img data-opt-id=1441369871  fetchpriority=\"high\" decoding=\"async\" width=\"1024\" height=\"859\" src=\"https:\/\/mlbfrsat7ahr.i.optimole.com\/w:1024\/h:859\/q:mauto\/ig:avif\/https:\/\/noticiasnoface.com.br\/wp-content\/uploads\/2025\/07\/img_9955-2-1.jpg\" class=\"wp-image-29012\" srcset=\"https:\/\/mlbfrsat7ahr.i.optimole.com\/w:1024\/h:859\/q:mauto\/ig:avif\/https:\/\/noticiasnoface.com.br\/wp-content\/uploads\/2025\/07\/img_9955-2-1.jpg 1024w, https:\/\/mlbfrsat7ahr.i.optimole.com\/w:300\/h:252\/q:mauto\/ig:avif\/https:\/\/noticiasnoface.com.br\/wp-content\/uploads\/2025\/07\/img_9955-2-1.jpg 300w, https:\/\/mlbfrsat7ahr.i.optimole.com\/w:768\/h:644\/q:mauto\/ig:avif\/https:\/\/noticiasnoface.com.br\/wp-content\/uploads\/2025\/07\/img_9955-2-1.jpg 768w, https:\/\/mlbfrsat7ahr.i.optimole.com\/w:1287\/h:1080\/q:mauto\/ig:avif\/https:\/\/noticiasnoface.com.br\/wp-content\/uploads\/2025\/07\/img_9955-2-1.jpg 1320w\" sizes=\"(max-width: 1000px) 100vw, 1000px\" \/><\/figure>\n\n\n\n<p>\u200b<\/p>\n\n\n\n<h2 class=\"wp-block-heading subhead\">Ex-presidente foi alvo de medidas cautelares impostas pelo STF (Supremo Tribunal Federal)<\/h2>\n\n\n\n<p>18\/07\/25 \u00e0s 12:13&nbsp;|&nbsp;Atualizado&nbsp;18\/07\/25 \u00e0s 12:18<\/p>\n\n\n\n<p>ouvir not\u00edcia<\/p>\n\n\n\n<p>0:00&nbsp;1.0x<\/p>\n\n\n\n<p>O ex-presidente Jair Messias Bolsonaro foi alvo de&nbsp;<strong>medidas cautelares<\/strong>, incluindo o uso de&nbsp;<strong>tornozeleira eletr\u00f4nica<\/strong>, por decis\u00e3o do STF (Supremo Tribunal Federal proferida nessa quinta-feira (17).<\/p>\n\n\n\n<p>A medida, instaurada por preven\u00e7\u00e3o ao Inqu\u00e9rito 4995\/DF, visa apurar a suposta pr\u00e1tica dos crimes de&nbsp;<strong>coa\u00e7\u00e3o no curso do processo<\/strong>&nbsp;(art. 344 do C\u00f3digo Penal),&nbsp;<a href=\"https:\/\/www.cnnbrasil.com.br\/politica\/moraes-diz-que-bolsonaro-e-eduardo-atuam-para-interferir-no-stf\/\" target=\"_blank\" rel=\"noopener\"><strong>obstru\u00e7\u00e3o de investiga\u00e7\u00e3o de organiza\u00e7\u00e3o criminosa<\/strong><\/a>&nbsp;(art. 2\u00ba, \u00a7 1\u00ba, da Lei 12.850\/13) e&nbsp;<strong>atentado \u00e0 soberania nacional<\/strong>&nbsp;(art. 359-I do C\u00f3digo Penal).<\/p>\n\n\n\n<p>A Procuradoria-Geral da Rep\u00fablica e a Pol\u00edcia Federal apontaram o alinhamento e atua\u00e7\u00e3o conjunta de Bolsonaro com seu filho, Eduardo Bolsonaro, para interferir no andamento da A\u00e7\u00e3o Penal 2.668\/DF, na qual o ex-presidente \u00e9 r\u00e9u.<\/p>\n\n\n\n<h2 class=\"wp-block-heading\">Como funciona<\/h2>\n\n\n\n<p>A monitora\u00e7\u00e3o eletr\u00f4nica \u00e9 uma&nbsp;<strong>medida judicial<\/strong>que estabelece&nbsp;<strong>restri\u00e7\u00f5es de movimenta\u00e7\u00e3o ou de hor\u00e1rios<\/strong>&nbsp;por meio de um dispositivo eletr\u00f4nico, geralmente uma&nbsp;<strong>tornozeleira<\/strong>.<\/p>\n\n\n\n<p>No Brasil, a vigil\u00e2ncia \u00e0 dist\u00e2ncia ocorre por meio de&nbsp;<strong>sinais emitidos pela tornozeleira<\/strong>&nbsp;captados por<strong>&nbsp;sat\u00e9lites<\/strong>, permitindo&nbsp;<strong>identificar a posi\u00e7\u00e3o geogr\u00e1fica<\/strong>&nbsp;da pessoa e seu&nbsp;<strong>monitoramento cont\u00ednuo, 24 horas por dia, sete dias por semana<\/strong>.<\/p>\n\n\n\n<p>O uso da tornozeleira pode ser determinado pelo Judici\u00e1rio tanto durante a&nbsp;<strong>investiga\u00e7\u00e3o e instru\u00e7\u00e3o criminal<\/strong>&nbsp;quanto ap\u00f3s uma&nbsp;<strong>condena\u00e7\u00e3o<\/strong>, e pode ser aplicada em situa\u00e7\u00f5es como&nbsp;<strong>substitui\u00e7\u00e3o \u00e0 pris\u00e3o provis\u00f3ria<\/strong>, como&nbsp;<strong>medida protetiva<\/strong>&nbsp;em casos de viol\u00eancia dom\u00e9stica, para&nbsp;<strong>sa\u00eddas tempor\u00e1rias<\/strong>&nbsp;de presos do regime semiaberto, ou em casos de&nbsp;<strong>progress\u00e3o de regime<\/strong>&nbsp;quando n\u00e3o h\u00e1 vagas em estabelecimentos adequados. A medida tamb\u00e9m pode ser cumprida em conjunto com a pris\u00e3o domiciliar.<\/p>\n\n\n\n<p>O acompanhamento e a fiscaliza\u00e7\u00e3o das pessoas monitoradas s\u00e3o realizados pela&nbsp;<strong>CME&nbsp;<\/strong><strong>(Central de Monitora\u00e7\u00e3o Eletr\u00f4nica)<\/strong>, que \u00e9 ligada ao \u00f3rg\u00e3o de gest\u00e3o penitenci\u00e1ria de cada estado. As CMEs s\u00e3o respons\u00e1veis por&nbsp;<strong>monitorar o uso da tornozeleira<\/strong>&nbsp;e o cumprimento das demais condi\u00e7\u00f5es judiciais, al\u00e9m de&nbsp;<strong>resolver incidentes<\/strong>que possam surgir durante o monitoramento.<\/p>\n\n\n\n<p>\u00c9 importante ressaltar que&nbsp;<strong>n\u00e3o cabe \u00e0 pol\u00edcia<\/strong>verificar se a pessoa est\u00e1 cumprindo as determina\u00e7\u00f5es judiciais; essa fun\u00e7\u00e3o \u00e9 exclusiva da Central de Monitora\u00e7\u00e3o, e a pol\u00edcia s\u00f3 deve intervir se for acionada pela Central. A pessoa monitorada tem o dever de&nbsp;<strong>aceitar visitas<\/strong>&nbsp;dos respons\u00e1veis pela monitora\u00e7\u00e3o,&nbsp;<strong>responder aos seus contatos<\/strong>,&nbsp;<strong>n\u00e3o retirar ou danificar o equipamento<\/strong>,&nbsp;<strong>respeitar a \u00e1rea e os hor\u00e1rios de circula\u00e7\u00e3o<\/strong>&nbsp;definidos,&nbsp;<strong>manter a bateria da tornozeleira carregada<\/strong>&nbsp;e&nbsp;<strong>informar falhas<\/strong>&nbsp;no equipamento. A monitora\u00e7\u00e3o deve sempre&nbsp;<strong>respeitar a integridade f\u00edsica, moral e social<\/strong>&nbsp;do indiv\u00edduo.<\/p>\n\n\n\n<h3 class=\"wp-block-heading\">Como se aplica para Bolsonaro<\/h3>\n\n\n\n<p>As medidas cautelares impostas a Jair Messias Bolsonaro, em decorr\u00eancia de suas a\u00e7\u00f5es consideradas &#8220;atentat\u00f3rias \u00e0 Soberania Nacional e \u00e0 independ\u00eancia do Poder Judici\u00e1rio&#8221;, incluem:<\/p>\n\n\n\n<ul class=\"wp-block-list list-style-type-none\">\n<li><strong>Proibi\u00e7\u00e3o de ausentar-se da comarca<\/strong>\u00a0com uso de tornozeleira eletr\u00f4nica e\u00a0<strong>recolhimento domiciliar<\/strong>\u00a0noturno (das 19h \u00e0s 6h) de segunda a sexta, e integral em fins de semana, feriados e dias de folga.<\/li>\n\n\n\n<li><strong>Proibi\u00e7\u00e3o de aproxima\u00e7\u00e3o e acesso a embaixadas e consulados<\/strong>\u00a0de pa\u00edses estrangeiros, respeitando uma dist\u00e2ncia de 200 metros.<\/li>\n\n\n\n<li><strong>Proibi\u00e7\u00e3o de manter contatos<\/strong>\u00a0com embaixadores ou quaisquer autoridades estrangeiras, bem como com os demais r\u00e9us e investigados em diversas a\u00e7\u00f5es penais e inqu\u00e9ritos relacionados.<\/li>\n\n\n\n<li><strong>Proibi\u00e7\u00e3o de utiliza\u00e7\u00e3o de redes sociais<\/strong>, diretamente ou por interm\u00e9dio de terceiros.<\/li>\n\n\n\n<li><strong>Busca e apreens\u00e3o domiciliar e pessoal<\/strong>\u00a0de aparelhos de telefone celular, computadores, tablets, m\u00eddias de armazenamento, documentos e valores em esp\u00e9cie iguais ou superiores a R$ 10 mil.<\/li>\n<\/ul>\n\n\n\n<p>A decis\u00e3o fundamenta que o ex-presidente e seu filho atuaram para &#8220;submeter o funcionamento do Supremo Tribunal Federal ao crivo de outro Estado&#8221;, buscando, inclusive com aux\u00edlio financeiro, a imposi\u00e7\u00e3o de san\u00e7\u00f5es dos EUA contra o Brasil e autoridades brasileiras para influenciar o julgamento da A\u00e7\u00e3o Penal 2.668\/DF.<\/p>\n\n\n\n<p>O STF reiterou que a&nbsp;<strong>Soberania Nacional<\/strong>&nbsp;e a&nbsp;<strong>independ\u00eancia judicial<\/strong>&nbsp;s\u00e3o &#8220;princ\u00edpios inflex\u00edveis&#8221;. O n\u00e3o cumprimento de qualquer medida resultar\u00e1 na revoga\u00e7\u00e3o e decreta\u00e7\u00e3o da pris\u00e3o.<\/p>\n\n\n\n<h3 class=\"wp-block-heading\">Em caso de descumprimento<\/h3>\n\n\n\n<p>Em caso de&nbsp;<strong>descumprimento das condi\u00e7\u00f5es<\/strong>&nbsp;de uso da tornozeleira, como o bloqueio intencional do sinal ou danifica\u00e7\u00e3o do equipamento, a Central de Monitora\u00e7\u00e3o identificar\u00e1 a perda de sinal e&nbsp;<strong>notificar\u00e1 o juiz<\/strong>, que poder\u00e1&nbsp;<strong>suspender a monitora\u00e7\u00e3o, determinar a regress\u00e3o de regime<\/strong>&nbsp;de cumprimento de pena ou at\u00e9 mesmo a&nbsp;<strong>pris\u00e3o<\/strong>&nbsp;do indiv\u00edduo.<\/p>\n\n\n\n<p>O descumprimento n\u00e3o \u00e9, por si s\u00f3, um crime, e pode ser ocasionado por falhas t\u00e9cnicas ou outras casualidades, sendo avaliado pelo Judici\u00e1rio. Nem toda pessoa que usa tornozeleira precisa permanecer em casa; os&nbsp;<strong>limites de circula\u00e7\u00e3o s\u00e3o definidos pelo Judici\u00e1rio<\/strong>&nbsp;em cada caso concreto, considerando, por exemplo, o local de trabalho do monitorado ou as \u00e1reas proibidas, como a resid\u00eancia da v\u00edtima em casos de viol\u00eancia dom\u00e9stica.<\/p>\n\n\n\n<p>A monitora\u00e7\u00e3o eletr\u00f4nica contribui para a seguran\u00e7a p\u00fablica ao permitir a&nbsp;<strong>fiscaliza\u00e7\u00e3o ininterrupta de decis\u00f5es judiciais<\/strong>, possibilitando a&nbsp;<strong>redu\u00e7\u00e3o do encarceramento<\/strong>desnecess\u00e1rio e a diminui\u00e7\u00e3o da popula\u00e7\u00e3o carcer\u00e1ria, al\u00e9m de favorecer a reinser\u00e7\u00e3o social. Os&nbsp;<strong>dados<\/strong>&nbsp;sobre as pessoas monitoradas s\u00e3o&nbsp;<strong>sigilosos<\/strong>&nbsp;e seu acesso por servidores ou institui\u00e7\u00f5es de seguran\u00e7a p\u00fablica depende de&nbsp;<strong>pr\u00e9via autoriza\u00e7\u00e3o judicial<\/strong>.<\/p>\n","protected":false},"excerpt":{"rendered":"<p>&nbsp; \u200b Ex-presidente foi alvo de medidas cautelares impostas pelo STF (Supremo Tribunal Federal) 18\/07\/25 \u00e0s 12:13&nbsp;|&nbsp;Atualizado&nbsp;18\/07\/25 \u00e0s 12:18 ouvir [&hellip;]<\/p>\n","protected":false},"author":1,"featured_media":0,"comment_status":"closed","ping_status":"","sticky":false,"template":"","format":"image","meta":{"site-sidebar-layout":"default","site-content-layout":"","ast-site-content-layout":"default","site-content-style":"default","site-sidebar-style":"default","ast-global-header-display":"","ast-banner-title-visibility":"","ast-main-header-display":"","ast-hfb-above-header-display":"","ast-hfb-below-header-display":"","ast-hfb-mobile-header-display":"","site-post-title":"","ast-breadcrumbs-content":"","ast-featured-img":"","footer-sml-layout":"","ast-disable-related-posts":"","theme-transparent-header-meta":"","adv-header-id-meta":"","stick-header-meta":"","header-above-stick-meta":"","header-main-stick-meta":"","header-below-stick-meta":"","astra-migrate-meta-layouts":"default","ast-page-background-enabled":"default","ast-page-background-meta":{"desktop":{"background-color":"var(--ast-global-color-4)","background-image":"","background-repeat":"repeat","background-position":"center center","background-size":"auto","background-attachment":"scroll","background-type":"","background-media":"","overlay-type":"","overlay-color":"","overlay-opacity":"","overlay-gradient":""},"tablet":{"background-color":"","background-image":"","background-repeat":"repeat","background-position":"center center","background-size":"auto","background-attachment":"scroll","background-type":"","background-media":"","overlay-type":"","overlay-color":"","overlay-opacity":"","overlay-gradient":""},"mobile":{"background-color":"","background-image":"","background-repeat":"repeat","background-position":"center center","background-size":"auto","background-attachment":"scroll","background-type":"","background-media":"","overlay-type":"","overlay-color":"","overlay-opacity":"","overlay-gradient":""}},"ast-content-background-meta":{"desktop":{"background-color":"var(--ast-global-color-5)","background-image":"","background-repeat":"repeat","background-position":"center center","background-size":"auto","background-attachment":"scroll","background-type":"","background-media":"","overlay-type":"","overlay-color":"","overlay-opacity":"","overlay-gradient":""},"tablet":{"background-color":"var(--ast-global-color-5)","background-image":"","background-repeat":"repeat","background-position":"center center","background-size":"auto","background-attachment":"scroll","background-type":"","background-media":"","overlay-type":"","overlay-color":"","overlay-opacity":"","overlay-gradient":""},"mobile":{"background-color":"var(--ast-global-color-5)","background-image":"","background-repeat":"repeat","background-position":"center center","background-size":"auto","background-attachment":"scroll","background-type":"","background-media":"","overlay-type":"","overlay-color":"","overlay-opacity":"","overlay-gradient":""}},"footnotes":""},"categories":[517],"tags":[],"class_list":["post-29013","post","type-post","status-publish","format-image","hentry","category-aconteceu","post_format-post-format-image"],"_links":{"self":[{"href":"https:\/\/noticiasnoface.com.br\/index.php\/wp-json\/wp\/v2\/posts\/29013","targetHints":{"allow":["GET"]}}],"collection":[{"href":"https:\/\/noticiasnoface.com.br\/index.php\/wp-json\/wp\/v2\/posts"}],"about":[{"href":"https:\/\/noticiasnoface.com.br\/index.php\/wp-json\/wp\/v2\/types\/post"}],"author":[{"embeddable":true,"href":"https:\/\/noticiasnoface.com.br\/index.php\/wp-json\/wp\/v2\/users\/1"}],"replies":[{"embeddable":true,"href":"https:\/\/noticiasnoface.com.br\/index.php\/wp-json\/wp\/v2\/comments?post=29013"}],"version-history":[{"count":1,"href":"https:\/\/noticiasnoface.com.br\/index.php\/wp-json\/wp\/v2\/posts\/29013\/revisions"}],"predecessor-version":[{"id":29014,"href":"https:\/\/noticiasnoface.com.br\/index.php\/wp-json\/wp\/v2\/posts\/29013\/revisions\/29014"}],"wp:attachment":[{"href":"https:\/\/noticiasnoface.com.br\/index.php\/wp-json\/wp\/v2\/media?parent=29013"}],"wp:term":[{"taxonomy":"category","embeddable":true,"href":"https:\/\/noticiasnoface.com.br\/index.php\/wp-json\/wp\/v2\/categories?post=29013"},{"taxonomy":"post_tag","embeddable":true,"href":"https:\/\/noticiasnoface.com.br\/index.php\/wp-json\/wp\/v2\/tags?post=29013"}],"curies":[{"name":"wp","href":"https:\/\/api.w.org\/{rel}","templated":true}]}}