{"id":29021,"date":"2025-07-20T21:33:55","date_gmt":"2025-07-21T00:33:55","guid":{"rendered":"https:\/\/noticiasnoface.com.br\/?p=29021"},"modified":"2025-07-20T21:33:55","modified_gmt":"2025-07-21T00:33:55","slug":"preta-gil-poucas-horas-antes-da-morte-amigos-homenagearam-cantora","status":"publish","type":"post","link":"https:\/\/noticiasnoface.com.br\/index.php\/2025\/07\/20\/preta-gil-poucas-horas-antes-da-morte-amigos-homenagearam-cantora\/","title":{"rendered":"Preta Gil: poucas horas antes da morte, amigos homenagearam cantora"},"content":{"rendered":"\n<h2 class=\"wp-block-heading subhead\">Carolina Dieckmmann e Gominho eram melhores amigos da artista, e se declararam \u00e0 ela pelo Dia do Amigo<\/h2>\n\n\n\n<p>20\/07\/25 \u00e0s 21:25&nbsp;|&nbsp;Atualizado&nbsp;20\/07\/25 \u00e0s 21:31<\/p>\n\n\n\n<figure class=\"wp-block-image\"><img data-opt-id=9903491  fetchpriority=\"high\" decoding=\"async\" src=\"https:\/\/admin.cnnbrasil.com.br\/wp-content\/uploads\/sites\/12\/2025\/07\/preta-gil-gominho-carolina-dieckmmann.jpg?w=419&amp;h=283&amp;crop=0\" alt=\"\"\/><figcaption class=\"wp-element-caption\">Melhores amigos de Preta Gil a homenagearam horas antes da morte&nbsp; \u2022&nbsp;Instagram \/ Carolina Dieckmmann \/ Gominho<\/figcaption><\/figure>\n\n\n\n<p>A cantora<strong>&nbsp;Preta Gil<\/strong>&nbsp;morreu aos 50 anos neste domingo (20) e, poucas horas antes da morte da artista, seus melhores amigos,<strong>&nbsp;Carolina Dieckmmann<\/strong>, 46, e&nbsp;<strong>Gominho<\/strong>, 36, usaram as redes sociais para homenagear a cantora pelo&nbsp;<strong>Dia do Amigo<\/strong>.<\/p>\n\n\n\n<p>&#8220;A amizade em uma imagem&#8230; voc\u00ea v\u00ea duas pessoas, mas na verdade \u00e9 uma casa, e eu moro aqui&#8221;,&nbsp;<a href=\"https:\/\/www.cnnbrasil.com.br\/entretenimento\/carolina-dieckmmann-homenageia-preta-gil-no-dia-do-amigo-meu-colo\/\" target=\"_blank\" rel=\"noopener\">come\u00e7ou Carolina em legenda da publica\u00e7\u00e3o no Instagram.<\/a><\/p>\n\n\n\n<p>&#8220;Preta \u00e9 meu colo, e quem tamb\u00e9m \u00e9 a dona do meu.&nbsp;<a href=\"https:\/\/www.cnnbrasil.com.br\/entretenimento\/preta-gil-faz-festa-do-pijama-com-amigas-em-meio-a-tratamento-do-cancer\/\" target=\"_blank\" rel=\"noopener\">Preta<\/a>&nbsp;\u00e9 a tradu\u00e7\u00e3o mais bonita disso. A nossa irmandade \u00e9 transbordamento&#8221;, continuou.<\/p>\n\n\n\n<p>&#8220;Juntas, hoje muito, e sempre, at\u00e9 al\u00e9m. Te amo, e tanto que nem cabe na palavra. PS: a todos os meus outros amigos que sabem que me tem desse jeitinho a\u00ed&#8230; Feliz dia do amigo&#8221;, encerrou a atriz.<\/p>\n\n\n\n<p><a href=\"https:\/\/www.cnnbrasil.com.br\/entretenimento\/em-tratamento-nos-eua-preta-gil-recebe-visita-de-gominho\/\" target=\"_blank\" rel=\"noopener\">Gominho<\/a>&nbsp;publicou uma<a href=\"https:\/\/www.cnnbrasil.com.br\/entretenimento\/gominho-homenageia-preta-gil-em-dia-do-amigo-inspiracao\/\" target=\"_blank\" rel=\"noopener\">&nbsp;s\u00e9rie de fotos de momentos vividos com a cantora<\/a>&nbsp;em seu perfil no Instagram. Na legenda, exaltou a parceria e for\u00e7a da artista.<\/p>\n\n\n\n<p>&#8220;Ela n\u00e3o \u00e9 s\u00f3 minha amiga. Ela \u00e9 minha m\u00e3e, irm\u00e3, fam\u00edlia e inspira\u00e7\u00e3o pra toda uma vida! Viver com Preta Gil \u00e9 andar com um clar\u00e3o de luz que ilumia o mundo! Bendito aqueles que se deixarem levar por essa for\u00e7a da natureza! Uma Deusa mulher! Eu te amo no lugar mais l\u00edmpido e vivo do meu cora\u00e7\u00e3o e ser!&#8221;, escreveu ele.<\/p>\n\n\n\n<p>Diagnosticada com c\u00e2ncer em janeiro de 2023, Preta Gil j\u00e1 passou por diversas cirurgia. Desde ent\u00e3o, ela j\u00e1 afirmou que &#8220;as chances de cura est\u00e3o fora do Brasil&#8221;.<\/p>\n\n\n\n<p>Diagnosticada com c\u00e2ncer em janeiro de 2023, Preta Gil passou por diversas cirurgias.<\/p>\n\n\n\n<p>A artista chegou a concluir o tratamento de um tumor no intestino no final de 2023. No entanto, em agosto de 2024, revelou a necessidade de&nbsp;<a href=\"https:\/\/www.cnnbrasil.com.br\/entretenimento\/preta-gil-anuncia-que-ira-retomar-tratamento-oncologico-sigo-confiante\/\" target=\"_blank\" rel=\"noopener\">retomar o tratamento oncol\u00f3gico<\/a>&nbsp;ap\u00f3s exames de rotina constatarem uma met\u00e1stase. Atualmente,&nbsp;<a href=\"https:\/\/www.cnnbrasil.com.br\/entretenimento\/preta-gil-posta-foto-em-hospital-dos-eua-e-cita-cazuza-mais-uma-dose\/\" target=\"_blank\" rel=\"noopener\">buscava tratamento nos Estados Unidos<\/a>.<\/p>\n\n\n\n<p><\/p>\n","protected":false},"excerpt":{"rendered":"<p>Carolina Dieckmmann e Gominho eram melhores amigos da artista, e se declararam \u00e0 ela pelo Dia do Amigo 20\/07\/25 \u00e0s [&hellip;]<\/p>\n","protected":false},"author":1,"featured_media":0,"comment_status":"closed","ping_status":"","sticky":false,"template":"","format":"image","meta":{"site-sidebar-layout":"default","site-content-layout":"","ast-site-content-layout":"default","site-content-style":"default","site-sidebar-style":"default","ast-global-header-display":"","ast-banner-title-visibility":"","ast-main-header-display":"","ast-hfb-above-header-display":"","ast-hfb-below-header-display":"","ast-hfb-mobile-header-display":"","site-post-title":"","ast-breadcrumbs-content":"","ast-featured-img":"","footer-sml-layout":"","ast-disable-related-posts":"","theme-transparent-header-meta":"","adv-header-id-meta":"","stick-header-meta":"","header-above-stick-meta":"","header-main-stick-meta":"","header-below-stick-meta":"","astra-migrate-meta-layouts":"default","ast-page-background-enabled":"default","ast-page-background-meta":{"desktop":{"background-color":"var(--ast-global-color-4)","background-image":"","background-repeat":"repeat","background-position":"center center","background-size":"auto","background-attachment":"scroll","background-type":"","background-media":"","overlay-type":"","overlay-color":"","overlay-opacity":"","overlay-gradient":""},"tablet":{"background-color":"","background-image":"","background-repeat":"repeat","background-position":"center center","background-size":"auto","background-attachment":"scroll","background-type":"","background-media":"","overlay-type":"","overlay-color":"","overlay-opacity":"","overlay-gradient":""},"mobile":{"background-color":"","background-image":"","background-repeat":"repeat","background-position":"center center","background-size":"auto","background-attachment":"scroll","background-type":"","background-media":"","overlay-type":"","overlay-color":"","overlay-opacity":"","overlay-gradient":""}},"ast-content-background-meta":{"desktop":{"background-color":"var(--ast-global-color-5)","background-image":"","background-repeat":"repeat","background-position":"center center","background-size":"auto","background-attachment":"scroll","background-type":"","background-media":"","overlay-type":"","overlay-color":"","overlay-opacity":"","overlay-gradient":""},"tablet":{"background-color":"var(--ast-global-color-5)","background-image":"","background-repeat":"repeat","background-position":"center center","background-size":"auto","background-attachment":"scroll","background-type":"","background-media":"","overlay-type":"","overlay-color":"","overlay-opacity":"","overlay-gradient":""},"mobile":{"background-color":"var(--ast-global-color-5)","background-image":"","background-repeat":"repeat","background-position":"center center","background-size":"auto","background-attachment":"scroll","background-type":"","background-media":"","overlay-type":"","overlay-color":"","overlay-opacity":"","overlay-gradient":""}},"footnotes":""},"categories":[517],"tags":[],"class_list":["post-29021","post","type-post","status-publish","format-image","hentry","category-aconteceu","post_format-post-format-image"],"_links":{"self":[{"href":"https:\/\/noticiasnoface.com.br\/index.php\/wp-json\/wp\/v2\/posts\/29021","targetHints":{"allow":["GET"]}}],"collection":[{"href":"https:\/\/noticiasnoface.com.br\/index.php\/wp-json\/wp\/v2\/posts"}],"about":[{"href":"https:\/\/noticiasnoface.com.br\/index.php\/wp-json\/wp\/v2\/types\/post"}],"author":[{"embeddable":true,"href":"https:\/\/noticiasnoface.com.br\/index.php\/wp-json\/wp\/v2\/users\/1"}],"replies":[{"embeddable":true,"href":"https:\/\/noticiasnoface.com.br\/index.php\/wp-json\/wp\/v2\/comments?post=29021"}],"version-history":[{"count":1,"href":"https:\/\/noticiasnoface.com.br\/index.php\/wp-json\/wp\/v2\/posts\/29021\/revisions"}],"predecessor-version":[{"id":29022,"href":"https:\/\/noticiasnoface.com.br\/index.php\/wp-json\/wp\/v2\/posts\/29021\/revisions\/29022"}],"wp:attachment":[{"href":"https:\/\/noticiasnoface.com.br\/index.php\/wp-json\/wp\/v2\/media?parent=29021"}],"wp:term":[{"taxonomy":"category","embeddable":true,"href":"https:\/\/noticiasnoface.com.br\/index.php\/wp-json\/wp\/v2\/categories?post=29021"},{"taxonomy":"post_tag","embeddable":true,"href":"https:\/\/noticiasnoface.com.br\/index.php\/wp-json\/wp\/v2\/tags?post=29021"}],"curies":[{"name":"wp","href":"https:\/\/api.w.org\/{rel}","templated":true}]}}