{"id":29063,"date":"2025-07-25T21:21:25","date_gmt":"2025-07-26T00:21:25","guid":{"rendered":"https:\/\/noticiasnoface.com.br\/?p=29063"},"modified":"2025-07-25T21:21:25","modified_gmt":"2025-07-26T00:21:25","slug":"prefeitura-do-natal-e-senador-styvenson-juntos-na-nova-obra-da-cidade-o-parque-linear","status":"publish","type":"post","link":"https:\/\/noticiasnoface.com.br\/index.php\/2025\/07\/25\/prefeitura-do-natal-e-senador-styvenson-juntos-na-nova-obra-da-cidade-o-parque-linear\/","title":{"rendered":"Prefeitura do Natal e Senador Styvenson juntos na Nova Obra da cidade, o PARQUE LINEAR"},"content":{"rendered":"\n<figure class=\"wp-block-image size-large\"><img data-opt-id=573176732  fetchpriority=\"high\" decoding=\"async\" width=\"1024\" height=\"916\" src=\"https:\/\/mlbfrsat7ahr.i.optimole.com\/w:1024\/h:916\/q:mauto\/ig:avif\/https:\/\/noticiasnoface.com.br\/wp-content\/uploads\/2025\/07\/img_0612-1.jpg\" class=\"wp-image-29062\" srcset=\"https:\/\/mlbfrsat7ahr.i.optimole.com\/w:1024\/h:916\/q:mauto\/ig:avif\/https:\/\/noticiasnoface.com.br\/wp-content\/uploads\/2025\/07\/img_0612-1.jpg 1024w, https:\/\/mlbfrsat7ahr.i.optimole.com\/w:300\/h:268\/q:mauto\/ig:avif\/https:\/\/noticiasnoface.com.br\/wp-content\/uploads\/2025\/07\/img_0612-1.jpg 300w, https:\/\/mlbfrsat7ahr.i.optimole.com\/w:768\/h:687\/q:mauto\/ig:avif\/https:\/\/noticiasnoface.com.br\/wp-content\/uploads\/2025\/07\/img_0612-1.jpg 768w, https:\/\/mlbfrsat7ahr.i.optimole.com\/w:1207\/h:1080\/q:mauto\/ig:avif\/https:\/\/noticiasnoface.com.br\/wp-content\/uploads\/2025\/07\/img_0612-1.jpg 1320w\" sizes=\"(max-width: 1000px) 100vw, 1000px\" \/><\/figure>\n\n\n\n<p><\/p>\n\n\n\n<p>(25), no Pal\u00e1cio Felipe Camar\u00e3o. O novo espa\u00e7o urbano conta com uma \u00e1rea de 10 hectares em terreno cedido oficialmente pelo<\/p>\n\n\n\n<p>Ex\u00e9rcito Brasileiro ao munic\u00edpio.<\/p>\n\n\n\n<p>O prefeito Paulinho Freire destacou a import\u00e2ncia do novo parque urbano para a capital potiguar. &#8220;E uma grande conquista para Natal. Neste espa\u00e7o, vamos aliar a preserva\u00e7\u00e3o ambiental e oferecer um ambiente de lazer e entretenimento para as fam\u00edlias da nossa cidade. Agrade\u00e7o imensamente ao Ex\u00e9rcito Brasileiro pela cess\u00e3o do terreno e ao senador Styvenson Valentim pelo apoio integral ao projeto&#8221;,<\/p>\n\n\n\n<p>&#8220;, afirmou.<\/p>\n\n\n\n<p>O evento tamb\u00e9m contou com a presen\u00e7a da vice-prefeita Joanna Guerra, de secret\u00e1rios municipais, do senador Styvenson Valentim e de representantes do Ex\u00e9rcito Brasileiro.<\/p>\n\n\n\n<p>O general de Brigada Alessandro da Silva ressaltou o papel da institui\u00e7\u00e3o na cess\u00e3o do espa\u00e7o: &#8220;Estamos destinando o terreno para a constru\u00e7ao de um equipamento publico voltado a sociedade. Hoje, formalizamos essa a\u00e7\u00e3o com a certeza de que a Prefeitura desenvolver\u00e1 um excelente trabalho. Acreditamos que o parque impulsionar\u00e1 a qualidade de vida e o turismo da regi\u00e3o&#8221;, explicou o general.<\/p>\n\n\n\n<p>O senador Styvenson Valentim refor\u00e7ou o compromisso com o desenvolvimento urbano de Natal. &#8220;Como parlamentar, \u00e9 uma satisfa\u00e7\u00e3o apoiar esta iniciativa. Tenho certeza de que esse parque vai mudar a concep\u00e7\u00e3o de turismo e lazer em nossa cidade. E um projeto que valoriza o munic\u00edpio e apoia a preserva\u00e7\u00e3o ambiental&#8221;,<\/p>\n\n\n\n<p><\/p>\n","protected":false},"excerpt":{"rendered":"<p>(25), no Pal\u00e1cio Felipe Camar\u00e3o. O novo espa\u00e7o urbano conta com uma \u00e1rea de 10 hectares em terreno cedido oficialmente [&hellip;]<\/p>\n","protected":false},"author":1,"featured_media":0,"comment_status":"closed","ping_status":"","sticky":false,"template":"","format":"image","meta":{"site-sidebar-layout":"default","site-content-layout":"","ast-site-content-layout":"default","site-content-style":"default","site-sidebar-style":"default","ast-global-header-display":"","ast-banner-title-visibility":"","ast-main-header-display":"","ast-hfb-above-header-display":"","ast-hfb-below-header-display":"","ast-hfb-mobile-header-display":"","site-post-title":"","ast-breadcrumbs-content":"","ast-featured-img":"","footer-sml-layout":"","ast-disable-related-posts":"","theme-transparent-header-meta":"","adv-header-id-meta":"","stick-header-meta":"","header-above-stick-meta":"","header-main-stick-meta":"","header-below-stick-meta":"","astra-migrate-meta-layouts":"default","ast-page-background-enabled":"default","ast-page-background-meta":{"desktop":{"background-color":"var(--ast-global-color-4)","background-image":"","background-repeat":"repeat","background-position":"center center","background-size":"auto","background-attachment":"scroll","background-type":"","background-media":"","overlay-type":"","overlay-color":"","overlay-opacity":"","overlay-gradient":""},"tablet":{"background-color":"","background-image":"","background-repeat":"repeat","background-position":"center center","background-size":"auto","background-attachment":"scroll","background-type":"","background-media":"","overlay-type":"","overlay-color":"","overlay-opacity":"","overlay-gradient":""},"mobile":{"background-color":"","background-image":"","background-repeat":"repeat","background-position":"center center","background-size":"auto","background-attachment":"scroll","background-type":"","background-media":"","overlay-type":"","overlay-color":"","overlay-opacity":"","overlay-gradient":""}},"ast-content-background-meta":{"desktop":{"background-color":"var(--ast-global-color-5)","background-image":"","background-repeat":"repeat","background-position":"center center","background-size":"auto","background-attachment":"scroll","background-type":"","background-media":"","overlay-type":"","overlay-color":"","overlay-opacity":"","overlay-gradient":""},"tablet":{"background-color":"var(--ast-global-color-5)","background-image":"","background-repeat":"repeat","background-position":"center center","background-size":"auto","background-attachment":"scroll","background-type":"","background-media":"","overlay-type":"","overlay-color":"","overlay-opacity":"","overlay-gradient":""},"mobile":{"background-color":"var(--ast-global-color-5)","background-image":"","background-repeat":"repeat","background-position":"center center","background-size":"auto","background-attachment":"scroll","background-type":"","background-media":"","overlay-type":"","overlay-color":"","overlay-opacity":"","overlay-gradient":""}},"footnotes":""},"categories":[2556],"tags":[],"class_list":["post-29063","post","type-post","status-publish","format-image","hentry","category-prefeitura-do-natal","post_format-post-format-image"],"_links":{"self":[{"href":"https:\/\/noticiasnoface.com.br\/index.php\/wp-json\/wp\/v2\/posts\/29063","targetHints":{"allow":["GET"]}}],"collection":[{"href":"https:\/\/noticiasnoface.com.br\/index.php\/wp-json\/wp\/v2\/posts"}],"about":[{"href":"https:\/\/noticiasnoface.com.br\/index.php\/wp-json\/wp\/v2\/types\/post"}],"author":[{"embeddable":true,"href":"https:\/\/noticiasnoface.com.br\/index.php\/wp-json\/wp\/v2\/users\/1"}],"replies":[{"embeddable":true,"href":"https:\/\/noticiasnoface.com.br\/index.php\/wp-json\/wp\/v2\/comments?post=29063"}],"version-history":[{"count":1,"href":"https:\/\/noticiasnoface.com.br\/index.php\/wp-json\/wp\/v2\/posts\/29063\/revisions"}],"predecessor-version":[{"id":29064,"href":"https:\/\/noticiasnoface.com.br\/index.php\/wp-json\/wp\/v2\/posts\/29063\/revisions\/29064"}],"wp:attachment":[{"href":"https:\/\/noticiasnoface.com.br\/index.php\/wp-json\/wp\/v2\/media?parent=29063"}],"wp:term":[{"taxonomy":"category","embeddable":true,"href":"https:\/\/noticiasnoface.com.br\/index.php\/wp-json\/wp\/v2\/categories?post=29063"},{"taxonomy":"post_tag","embeddable":true,"href":"https:\/\/noticiasnoface.com.br\/index.php\/wp-json\/wp\/v2\/tags?post=29063"}],"curies":[{"name":"wp","href":"https:\/\/api.w.org\/{rel}","templated":true}]}}