{"id":29068,"date":"2025-07-26T21:18:17","date_gmt":"2025-07-27T00:18:17","guid":{"rendered":"https:\/\/noticiasnoface.com.br\/?p=29068"},"modified":"2025-07-26T21:18:17","modified_gmt":"2025-07-27T00:18:17","slug":"revisitando-a-decisao-de-alexandre-de-moraes-reconheco-que-me-precipitei-ao-esperar-bom-senso-de-alguem-que-esta-atuando-com-o-figado","status":"publish","type":"post","link":"https:\/\/noticiasnoface.com.br\/index.php\/2025\/07\/26\/revisitando-a-decisao-de-alexandre-de-moraes-reconheco-que-me-precipitei-ao-esperar-bom-senso-de-alguem-que-esta-atuando-com-o-figado\/","title":{"rendered":"Revisitando a decis\u00e3o de Alexandre de Moraes, reconhe\u00e7o que me precipitei ao esperar bom senso de algu\u00e9m que est\u00e1 atuando com o f\u00edgado."},"content":{"rendered":"\n<figure class=\"wp-block-image size-large\"><img data-opt-id=158223274  fetchpriority=\"high\" decoding=\"async\" src=\"file:\/\/\/private\/var\/mobile\/Containers\/Data\/Application\/2B5F0EFA-9CD2-46DC-A2DC-74FE2949AB0E\/tmp\/org.automattic.MediaImageServiceSymlinks\/thumbnail-9974efa6-4b01-45a3-a29e-808b66356d50-554x387.jpeg\" class=\"wp-image--634602678\"\/><\/figure>\n\n\n\n<p>Entendi que a libera\u00e7\u00e3o para entrevistas fosse um gesto de equil\u00edbrio, mas o que vimos foi o oposto: uma armadilha jur\u00eddica. Jair Bolsonaro pode falar, mas se terceiros \u2014 inclusive jornalistas ou cidad\u00e3os comuns \u2014 divulgarem o conte\u00fado em redes sociais, a pris\u00e3o \u00e9 autorizada. Isso n\u00e3o \u00e9 justi\u00e7a. \u00c9 censura pr\u00e9via travestida de cautelar.<\/p>\n\n\n\n<p>Estamos diante de um caso cl\u00e1ssico de <em>efeito inibidor<\/em>: ningu\u00e9m mais sabe o que pode ou n\u00e3o publicar, e o medo cala at\u00e9 quem tem raz\u00e3o. \u00c9 a <em>morte civil do indiv\u00edduo pela subtra\u00e7\u00e3o da sua presun\u00e7\u00e3o de inoc\u00eancia<\/em>, sem julgamento, sem contradit\u00f3rio, sem proporcionalidade.<\/p>\n\n\n\n<p>Pior: todos os cidad\u00e3os e meios de comunica\u00e7\u00e3o do pa\u00eds passam a viver sob a espada da subjetividade do ministro, que, sem qualquer previs\u00e3o legal, decidir\u00e1 a seu bel-prazer quem ser\u00e1 ou n\u00e3o enquadrado como \u201cmil\u00edcia digital\u201d. Isso n\u00e3o \u00e9 combate \u00e0 desinforma\u00e7\u00e3o \u2014 \u00e9 autoritarismo em toga.<\/p>\n\n\n\n<p>Quando um ministro se coloca acima das garantias fundamentais, todos os cidad\u00e3os correm risco. O Supremo n\u00e3o pode ser o censor da Rep\u00fablica. E liberdade de express\u00e3o n\u00e3o pode depender do temperamento mercurial de um ministro.<\/p>\n\n\n\n<p><em>ROG\u00c9RIO MARINHO<\/em><br \/>Senador da Rep\u00fablica (PL-RN)<br \/>L\u00edder da Oposi\u00e7\u00e3o no Senado<\/p>\n","protected":false},"excerpt":{"rendered":"<p>Entendi que a libera\u00e7\u00e3o para entrevistas fosse um gesto de equil\u00edbrio, mas o que vimos foi o oposto: uma armadilha [&hellip;]<\/p>\n","protected":false},"author":1,"featured_media":0,"comment_status":"closed","ping_status":"","sticky":false,"template":"","format":"image","meta":{"site-sidebar-layout":"default","site-content-layout":"","ast-site-content-layout":"default","site-content-style":"default","site-sidebar-style":"default","ast-global-header-display":"","ast-banner-title-visibility":"","ast-main-header-display":"","ast-hfb-above-header-display":"","ast-hfb-below-header-display":"","ast-hfb-mobile-header-display":"","site-post-title":"","ast-breadcrumbs-content":"","ast-featured-img":"","footer-sml-layout":"","ast-disable-related-posts":"","theme-transparent-header-meta":"","adv-header-id-meta":"","stick-header-meta":"","header-above-stick-meta":"","header-main-stick-meta":"","header-below-stick-meta":"","astra-migrate-meta-layouts":"default","ast-page-background-enabled":"default","ast-page-background-meta":{"desktop":{"background-color":"var(--ast-global-color-4)","background-image":"","background-repeat":"repeat","background-position":"center center","background-size":"auto","background-attachment":"scroll","background-type":"","background-media":"","overlay-type":"","overlay-color":"","overlay-opacity":"","overlay-gradient":""},"tablet":{"background-color":"","background-image":"","background-repeat":"repeat","background-position":"center center","background-size":"auto","background-attachment":"scroll","background-type":"","background-media":"","overlay-type":"","overlay-color":"","overlay-opacity":"","overlay-gradient":""},"mobile":{"background-color":"","background-image":"","background-repeat":"repeat","background-position":"center center","background-size":"auto","background-attachment":"scroll","background-type":"","background-media":"","overlay-type":"","overlay-color":"","overlay-opacity":"","overlay-gradient":""}},"ast-content-background-meta":{"desktop":{"background-color":"var(--ast-global-color-5)","background-image":"","background-repeat":"repeat","background-position":"center center","background-size":"auto","background-attachment":"scroll","background-type":"","background-media":"","overlay-type":"","overlay-color":"","overlay-opacity":"","overlay-gradient":""},"tablet":{"background-color":"var(--ast-global-color-5)","background-image":"","background-repeat":"repeat","background-position":"center center","background-size":"auto","background-attachment":"scroll","background-type":"","background-media":"","overlay-type":"","overlay-color":"","overlay-opacity":"","overlay-gradient":""},"mobile":{"background-color":"var(--ast-global-color-5)","background-image":"","background-repeat":"repeat","background-position":"center center","background-size":"auto","background-attachment":"scroll","background-type":"","background-media":"","overlay-type":"","overlay-color":"","overlay-opacity":"","overlay-gradient":""}},"footnotes":""},"categories":[517],"tags":[],"class_list":["post-29068","post","type-post","status-publish","format-image","hentry","category-aconteceu","post_format-post-format-image"],"_links":{"self":[{"href":"https:\/\/noticiasnoface.com.br\/index.php\/wp-json\/wp\/v2\/posts\/29068","targetHints":{"allow":["GET"]}}],"collection":[{"href":"https:\/\/noticiasnoface.com.br\/index.php\/wp-json\/wp\/v2\/posts"}],"about":[{"href":"https:\/\/noticiasnoface.com.br\/index.php\/wp-json\/wp\/v2\/types\/post"}],"author":[{"embeddable":true,"href":"https:\/\/noticiasnoface.com.br\/index.php\/wp-json\/wp\/v2\/users\/1"}],"replies":[{"embeddable":true,"href":"https:\/\/noticiasnoface.com.br\/index.php\/wp-json\/wp\/v2\/comments?post=29068"}],"version-history":[{"count":1,"href":"https:\/\/noticiasnoface.com.br\/index.php\/wp-json\/wp\/v2\/posts\/29068\/revisions"}],"predecessor-version":[{"id":29069,"href":"https:\/\/noticiasnoface.com.br\/index.php\/wp-json\/wp\/v2\/posts\/29068\/revisions\/29069"}],"wp:attachment":[{"href":"https:\/\/noticiasnoface.com.br\/index.php\/wp-json\/wp\/v2\/media?parent=29068"}],"wp:term":[{"taxonomy":"category","embeddable":true,"href":"https:\/\/noticiasnoface.com.br\/index.php\/wp-json\/wp\/v2\/categories?post=29068"},{"taxonomy":"post_tag","embeddable":true,"href":"https:\/\/noticiasnoface.com.br\/index.php\/wp-json\/wp\/v2\/tags?post=29068"}],"curies":[{"name":"wp","href":"https:\/\/api.w.org\/{rel}","templated":true}]}}