{"id":29071,"date":"2025-07-29T16:44:57","date_gmt":"2025-07-29T19:44:57","guid":{"rendered":"https:\/\/noticiasnoface.com.br\/?p=29071"},"modified":"2025-07-29T16:44:57","modified_gmt":"2025-07-29T19:44:57","slug":"a-ignorancia-como-ferramenta-de-arbitrio","status":"publish","type":"post","link":"https:\/\/noticiasnoface.com.br\/index.php\/2025\/07\/29\/a-ignorancia-como-ferramenta-de-arbitrio\/","title":{"rendered":"\u201cA IGNOR\u00c2NCIA COMO FERRAMENTA DE ARB\u00cdTRIO\u201d"},"content":{"rendered":"\n<p>Por GODEIRO LINHARES<\/p>\n\n\n\n<figure class=\"wp-block-image size-large\"><img data-opt-id=841263468  fetchpriority=\"high\" decoding=\"async\" width=\"964\" height=\"1024\" src=\"https:\/\/mlbfrsat7ahr.i.optimole.com\/w:964\/h:1024\/q:mauto\/ig:avif\/https:\/\/noticiasnoface.com.br\/wp-content\/uploads\/2025\/07\/img_0881-1.jpg\" class=\"wp-image-29070\" srcset=\"https:\/\/mlbfrsat7ahr.i.optimole.com\/w:964\/h:1024\/q:mauto\/ig:avif\/https:\/\/noticiasnoface.com.br\/wp-content\/uploads\/2025\/07\/img_0881-1.jpg 964w, https:\/\/mlbfrsat7ahr.i.optimole.com\/w:282\/h:300\/q:mauto\/ig:avif\/https:\/\/noticiasnoface.com.br\/wp-content\/uploads\/2025\/07\/img_0881-1.jpg 282w, https:\/\/mlbfrsat7ahr.i.optimole.com\/w:768\/h:816\/q:mauto\/ig:avif\/https:\/\/noticiasnoface.com.br\/wp-content\/uploads\/2025\/07\/img_0881-1.jpg 768w, https:\/\/mlbfrsat7ahr.i.optimole.com\/w:1016\/h:1080\/q:mauto\/ig:avif\/https:\/\/noticiasnoface.com.br\/wp-content\/uploads\/2025\/07\/img_0881-1.jpg 1320w\" sizes=\"(max-width: 964px) 100vw, 964px\" \/><\/figure>\n\n\n\n<p>Quanto mais se enfraquece a educa\u00e7\u00e3o, mais se fortalece o autoritarismo. Essa m\u00e1xima n\u00e3o \u00e9 apenas ret\u00f3rica: ela encontra eco em pensadores como Hannah Arendt, que alertava que o totalitarismo floresce justamente onde o pensamento cr\u00edtico desaparece. Uma popula\u00e7\u00e3o mal educada n\u00e3o questiona, n\u00e3o se rebela, n\u00e3o exige: ela obedece.<\/p>\n\n\n\n<p>Paulo Freire, patrono da educa\u00e7\u00e3o brasileira, j\u00e1 dizia que \u201cquando a educa\u00e7\u00e3o n\u00e3o \u00e9 libertadora, o sonho do oprimido \u00e9 ser o opressor\u201d. Isso porque uma educa\u00e7\u00e3o meramente t\u00e9cnica, sem pensamento cr\u00edtico, forma indiv\u00edduos domesticados \u2014 e n\u00e3o cidad\u00e3os. Forma servos do sistema, e n\u00e3o protagonistas da pr\u00f3pria hist\u00f3ria.<\/p>\n\n\n\n<p>\u00c9 nesse contexto que devemos denunciar, com veem\u00eancia, o que est\u00e1 acontecendo no Rio Grande do Norte, onde o sistema educacional passou a permitir que o estudante reprove em at\u00e9 seis disciplinas. Isso \u00e9 um atentado contra o pr\u00f3prio conceito de excel\u00eancia educacional. \u00c9 dizer para o aluno: \u201cn\u00e3o importa se voc\u00ea aprendeu ou n\u00e3o, voc\u00ea vai passar de qualquer jeito\u201d. Isso n\u00e3o \u00e9 inclus\u00e3o \u2014 \u00e9 abandono pedag\u00f3gico.<\/p>\n\n\n\n<p>Para que serve ent\u00e3o o professor que se especializa, que se aperfei\u00e7oa, que estuda metodologias, se o sistema educacional retira dele a autoridade de ensinar com exig\u00eancia e qualidade? Para que serve o aluno estudar se a reprova\u00e7\u00e3o virou uma exce\u00e7\u00e3o quase imposs\u00edvel? Isso aniquila o m\u00e9rito, banaliza o esfor\u00e7o, desacredita o saber.<\/p>\n\n\n\n<p>Segundo Giovanni Sartori, em sua obra Homo Videns, a crise da democracia moderna est\u00e1 ligada \u00e0 degrada\u00e7\u00e3o cognitiva das massas \u2014 a substitui\u00e7\u00e3o do pensamento pela imagem, da leitura pela distra\u00e7\u00e3o, da reflex\u00e3o pelo consumo r\u00e1pido de informa\u00e7\u00e3o. E os governos totalit\u00e1rios se aproveitam disso. \u00c9 mais f\u00e1cil dominar quem n\u00e3o l\u00ea, quem n\u00e3o escreve, quem n\u00e3o pensa.<\/p>\n\n\n\n<p>\u00c9 preciso dizer em alto e bom som: uma educa\u00e7\u00e3o que n\u00e3o exige \u00e9 uma educa\u00e7\u00e3o que emburrece. E quanto mais ignorante o povo, mais f\u00e1cil ser\u00e1 manipul\u00e1-lo com migalhas, com narrativas populistas, com pol\u00edticas de ilus\u00e3o.<\/p>\n\n\n\n<p>A hist\u00f3ria nos prova: regimes como o nazismo, o fascismo e o stalinismo foram precedidos pela destrui\u00e7\u00e3o da educa\u00e7\u00e3o livre, pela persegui\u00e7\u00e3o aos professores cr\u00edticos, pela submiss\u00e3o da escola ao Estado. O caminho da barb\u00e1rie sempre come\u00e7a com o sil\u00eancio nas salas de aula.<\/p>\n\n\n\n<p>Portanto, a verdadeira resist\u00eancia come\u00e7a com o resgate da educa\u00e7\u00e3o de qualidade, exigente, libertadora e cr\u00edtica. O Rio Grande do Norte \u2014 e o Brasil \u2014 n\u00e3o pode aceitar uma pol\u00edtica educacional que transforma o fracasso em rotina e a mediocridade em norma.<\/p>\n\n\n\n<p>@godeirolinhares<\/p>\n\n\n\n<p><\/p>\n","protected":false},"excerpt":{"rendered":"<p>Por GODEIRO LINHARES Quanto mais se enfraquece a educa\u00e7\u00e3o, mais se fortalece o autoritarismo. Essa m\u00e1xima n\u00e3o \u00e9 apenas ret\u00f3rica: [&hellip;]<\/p>\n","protected":false},"author":1,"featured_media":0,"comment_status":"closed","ping_status":"","sticky":false,"template":"","format":"image","meta":{"site-sidebar-layout":"default","site-content-layout":"","ast-site-content-layout":"default","site-content-style":"default","site-sidebar-style":"default","ast-global-header-display":"","ast-banner-title-visibility":"","ast-main-header-display":"","ast-hfb-above-header-display":"","ast-hfb-below-header-display":"","ast-hfb-mobile-header-display":"","site-post-title":"","ast-breadcrumbs-content":"","ast-featured-img":"","footer-sml-layout":"","ast-disable-related-posts":"","theme-transparent-header-meta":"","adv-header-id-meta":"","stick-header-meta":"","header-above-stick-meta":"","header-main-stick-meta":"","header-below-stick-meta":"","astra-migrate-meta-layouts":"default","ast-page-background-enabled":"default","ast-page-background-meta":{"desktop":{"background-color":"var(--ast-global-color-4)","background-image":"","background-repeat":"repeat","background-position":"center center","background-size":"auto","background-attachment":"scroll","background-type":"","background-media":"","overlay-type":"","overlay-color":"","overlay-opacity":"","overlay-gradient":""},"tablet":{"background-color":"","background-image":"","background-repeat":"repeat","background-position":"center center","background-size":"auto","background-attachment":"scroll","background-type":"","background-media":"","overlay-type":"","overlay-color":"","overlay-opacity":"","overlay-gradient":""},"mobile":{"background-color":"","background-image":"","background-repeat":"repeat","background-position":"center center","background-size":"auto","background-attachment":"scroll","background-type":"","background-media":"","overlay-type":"","overlay-color":"","overlay-opacity":"","overlay-gradient":""}},"ast-content-background-meta":{"desktop":{"background-color":"var(--ast-global-color-5)","background-image":"","background-repeat":"repeat","background-position":"center center","background-size":"auto","background-attachment":"scroll","background-type":"","background-media":"","overlay-type":"","overlay-color":"","overlay-opacity":"","overlay-gradient":""},"tablet":{"background-color":"var(--ast-global-color-5)","background-image":"","background-repeat":"repeat","background-position":"center center","background-size":"auto","background-attachment":"scroll","background-type":"","background-media":"","overlay-type":"","overlay-color":"","overlay-opacity":"","overlay-gradient":""},"mobile":{"background-color":"var(--ast-global-color-5)","background-image":"","background-repeat":"repeat","background-position":"center center","background-size":"auto","background-attachment":"scroll","background-type":"","background-media":"","overlay-type":"","overlay-color":"","overlay-opacity":"","overlay-gradient":""}},"footnotes":""},"categories":[517],"tags":[],"class_list":["post-29071","post","type-post","status-publish","format-image","hentry","category-aconteceu","post_format-post-format-image"],"_links":{"self":[{"href":"https:\/\/noticiasnoface.com.br\/index.php\/wp-json\/wp\/v2\/posts\/29071","targetHints":{"allow":["GET"]}}],"collection":[{"href":"https:\/\/noticiasnoface.com.br\/index.php\/wp-json\/wp\/v2\/posts"}],"about":[{"href":"https:\/\/noticiasnoface.com.br\/index.php\/wp-json\/wp\/v2\/types\/post"}],"author":[{"embeddable":true,"href":"https:\/\/noticiasnoface.com.br\/index.php\/wp-json\/wp\/v2\/users\/1"}],"replies":[{"embeddable":true,"href":"https:\/\/noticiasnoface.com.br\/index.php\/wp-json\/wp\/v2\/comments?post=29071"}],"version-history":[{"count":1,"href":"https:\/\/noticiasnoface.com.br\/index.php\/wp-json\/wp\/v2\/posts\/29071\/revisions"}],"predecessor-version":[{"id":29072,"href":"https:\/\/noticiasnoface.com.br\/index.php\/wp-json\/wp\/v2\/posts\/29071\/revisions\/29072"}],"wp:attachment":[{"href":"https:\/\/noticiasnoface.com.br\/index.php\/wp-json\/wp\/v2\/media?parent=29071"}],"wp:term":[{"taxonomy":"category","embeddable":true,"href":"https:\/\/noticiasnoface.com.br\/index.php\/wp-json\/wp\/v2\/categories?post=29071"},{"taxonomy":"post_tag","embeddable":true,"href":"https:\/\/noticiasnoface.com.br\/index.php\/wp-json\/wp\/v2\/tags?post=29071"}],"curies":[{"name":"wp","href":"https:\/\/api.w.org\/{rel}","templated":true}]}}