{"id":29077,"date":"2025-07-30T06:54:54","date_gmt":"2025-07-30T09:54:54","guid":{"rendered":"https:\/\/noticiasnoface.com.br\/?p=29077"},"modified":"2025-07-30T09:49:59","modified_gmt":"2025-07-30T12:49:59","slug":"alysson-bezerra-na-mira-do-ministerio-publico","status":"publish","type":"post","link":"https:\/\/noticiasnoface.com.br\/index.php\/2025\/07\/30\/alysson-bezerra-na-mira-do-ministerio-publico\/","title":{"rendered":"EITA CARA\u00cd: Alysson Bezerra na Mira do Minist\u00e9rio P\u00fablico"},"content":{"rendered":"\n<figure class=\"wp-block-image size-large\"><img data-opt-id=1089302296  fetchpriority=\"high\" decoding=\"async\" width=\"631\" height=\"425\" src=\"https:\/\/mlbfrsat7ahr.i.optimole.com\/w:auto\/h:auto\/q:mauto\/ig:avif\/https:\/\/noticiasnoface.com.br\/wp-content\/uploads\/2025\/07\/img_0927-1.jpg\" alt=\"\" class=\"wp-image-29076\" srcset=\"https:\/\/mlbfrsat7ahr.i.optimole.com\/w:631\/h:425\/q:mauto\/ig:avif\/https:\/\/noticiasnoface.com.br\/wp-content\/uploads\/2025\/07\/img_0927-1.jpg 631w, https:\/\/mlbfrsat7ahr.i.optimole.com\/w:300\/h:202\/q:mauto\/ig:avif\/https:\/\/noticiasnoface.com.br\/wp-content\/uploads\/2025\/07\/img_0927-1.jpg 300w\" sizes=\"(max-width: 631px) 100vw, 631px\" \/><figcaption class=\"wp-element-caption\"><br \/>O Minist\u00e9rio P\u00fablico Eleitoral em Mossor\u00f3, por meio da 33\u00aa Zona Eleitoral, remeteu \u00e0 Procuradoria Regional Eleitoral a Not\u00edcia de Fato n\u00ba 02.23.2022.0000025\/2025-37, que apura a poss\u00edvel pr\u00e1tica de propaganda eleitoral antecipada, abuso de poder pol\u00edtico e improbidade administrativa por parte do prefeito de Mossor\u00f3, Allyson Bezerra.<br \/>O fato investigado envolve uma s\u00e9rie de epis\u00f3dios ocorridos durante o Mossor\u00f3 Cidade Junina 2025, nos quais artistas contratados pela Prefeitura teriam feito apologia ao nome do prefeito como futuro candidato ao Governo do Estado. Um dos principais epis\u00f3dios citados foi a fala do cantor Xand Avi\u00e3o durante o \u201cPingo da Mei Dia\u201d.<br \/>A declara\u00e7\u00e3o do artista, transcrita e inclu\u00edda na pe\u00e7a enviada \u00e0 PRE-RN, diz:<br \/><strong><em>\u201cQuem quer Allyson para governador grita \u2018\u00ea\u00ea\u00ea\u00ea\u00eau!\u2019\u201d<br \/>\u201cPor mim ele era presidente logo!\u201d<br \/>\u201cQuem vota no Allyson d\u00e1 um grit\u00e3o!!! (\u2026) Rapaz, eu fa\u00e7o show pelo Brasil inteiro e \u00e9 dif\u00edcil, viu, Allyson. Estou falando aqui de cora\u00e7\u00e3o. \u00c9 dif\u00edcil ver um cara do poder p\u00fablico com a aceita\u00e7\u00e3o que voc\u00ea tem. Salva de palmas pra voc\u00ea, meu irm\u00e3o. S\u00e9rio mesmo! De verdade! Sem ser bab\u00e3o\u2026 ou melhor, porque eu sou bab\u00e3o mesmo. Isso n\u00e3o \u00e9 um prefeito, \u00e9 um pai! Quem quer Allyson pra presidente, levanta a m\u00e3o! J\u00e1 tem meu voto e da banda inteira. Se n\u00e3o votar, tu sai!\u201d<\/em><\/strong><br \/>Al\u00e9m disso, o MP Eleitoral reuniu grava\u00e7\u00f5es de outros artistas que tamb\u00e9m fizeram elogios p\u00fablicos ao prefeito durante suas apresenta\u00e7\u00f5es. Outra linha de investiga\u00e7\u00e3o envolve o espet\u00e1culo&nbsp;<em>Chuva de Bala<\/em>, em que o ator escolhido para representar o her\u00f3i Rodolfo Fernandes, na defesa da cidade contra o bando de Lampi\u00e3o, apresentava grande semelhan\u00e7a f\u00edsica com Allyson.<br \/>Outro ponto citado foi o uso de drones, patrocinados pelo grupo PicPay, que projetaram a imagem de um chap\u00e9u de couro sobre a Esta\u00e7\u00e3o das Artes \u2014 s\u00edmbolo frequentemente utilizado nas campanhas eleitorais de Allyson Bezerra.<br \/><br \/>\u2753&nbsp;<strong>Qual a gravidade disso?<\/strong><br \/>Os fatos em apura\u00e7\u00e3o podem indicar, no m\u00ednimo, pr\u00e1tica de propaganda eleitoral antecipada. Isso se agrava diante da j\u00e1 conhecida pretens\u00e3o de Allyson de disputar o Governo do Estado, o que foi diretamente sugerido na fala de Xand Avi\u00e3o.<br \/>O prefeito pode alegar, em sua defesa, que os coment\u00e1rios do cantor foram espont\u00e2neos e sem qualquer combina\u00e7\u00e3o pr\u00e9via. No entanto, um ponto crucial pode fragilizar essa vers\u00e3o: a poss\u00edvel divulga\u00e7\u00e3o das falas de Xand feita nas redes sociais do pr\u00f3prio Allyson. Se a Justi\u00e7a Eleitoral requisitar aos provedores (Instagram, TikTok e YouTube) e comprovar o conte\u00fado original postado e confirmar esse uso, o argumento da espontaneidade perde for\u00e7a.<br \/><br \/>\u2696\ufe0f&nbsp;<strong>O que pode acontecer?<\/strong><br \/>A Not\u00edcia de Fato enviada \u00e0 Procuradoria Regional Eleitoral \u00e9 fruto de uma investiga\u00e7\u00e3o preliminar, que reuniu documentos, fotos e v\u00eddeos. Agora, com a abertura de um procedimento formal, novas provas dever\u00e3o ser buscadas. \u00c9 prov\u00e1vel que se requeira \u00e0s plataformas digitais as postagens feitas pelo prefeito durante a festa.<br \/>O conte\u00fado dito por Xand Avi\u00e3o j\u00e1 \u00e9 delicado, mas se for comprovado que o prefeito se apropriou desse material para autopromo\u00e7\u00e3o em suas redes sociais, o quadro se complica ainda mais.<br \/>Caso a investiga\u00e7\u00e3o confirme o uso pol\u00edtico-eleitoral do Mossor\u00f3 Cidade Junina \u2014 n\u00e3o apenas pelos epis\u00f3dios isolados, mas pelo conjunto da atua\u00e7\u00e3o digital do prefeito, com centenas de postagens em que aparece vinculado ao evento \u2014 a repercuss\u00e3o jur\u00eddica pode ser grave. Entre as poss\u00edveis san\u00e7\u00f5es, est\u00e1 o impedimento do registro de sua candidatura.<\/figcaption><\/figure>\n\n\n\n<p><\/p>\n\n\n\n<p><\/p>\n\n\n\n<p><\/p>\n\n\n\n<hr class=\"wp-block-separator has-alpha-channel-opacity\"\/>\n\n\n\n<h3 class=\"wp-block-heading\"><\/h3>\n\n\n\n<p><\/p>\n\n\n\n<p><\/p>\n\n\n\n<hr class=\"wp-block-separator has-alpha-channel-opacity\"\/>\n\n\n\n<h3 class=\"wp-block-heading\"><\/h3>\n\n\n\n<p><\/p>\n\n\n\n<p><\/p>\n\n\n\n<p><\/p>\n","protected":false},"excerpt":{"rendered":"","protected":false},"author":1,"featured_media":0,"comment_status":"closed","ping_status":"","sticky":false,"template":"","format":"image","meta":{"site-sidebar-layout":"default","site-content-layout":"","ast-site-content-layout":"default","site-content-style":"default","site-sidebar-style":"default","ast-global-header-display":"","ast-banner-title-visibility":"","ast-main-header-display":"","ast-hfb-above-header-display":"","ast-hfb-below-header-display":"","ast-hfb-mobile-header-display":"","site-post-title":"","ast-breadcrumbs-content":"","ast-featured-img":"","footer-sml-layout":"","ast-disable-related-posts":"","theme-transparent-header-meta":"","adv-header-id-meta":"","stick-header-meta":"","header-above-stick-meta":"","header-main-stick-meta":"","header-below-stick-meta":"","astra-migrate-meta-layouts":"default","ast-page-background-enabled":"default","ast-page-background-meta":{"desktop":{"background-color":"var(--ast-global-color-4)","background-image":"","background-repeat":"repeat","background-position":"center center","background-size":"auto","background-attachment":"scroll","background-type":"","background-media":"","overlay-type":"","overlay-color":"","overlay-opacity":"","overlay-gradient":""},"tablet":{"background-color":"","background-image":"","background-repeat":"repeat","background-position":"center center","background-size":"auto","background-attachment":"scroll","background-type":"","background-media":"","overlay-type":"","overlay-color":"","overlay-opacity":"","overlay-gradient":""},"mobile":{"background-color":"","background-image":"","background-repeat":"repeat","background-position":"center center","background-size":"auto","background-attachment":"scroll","background-type":"","background-media":"","overlay-type":"","overlay-color":"","overlay-opacity":"","overlay-gradient":""}},"ast-content-background-meta":{"desktop":{"background-color":"var(--ast-global-color-5)","background-image":"","background-repeat":"repeat","background-position":"center center","background-size":"auto","background-attachment":"scroll","background-type":"","background-media":"","overlay-type":"","overlay-color":"","overlay-opacity":"","overlay-gradient":""},"tablet":{"background-color":"var(--ast-global-color-5)","background-image":"","background-repeat":"repeat","background-position":"center center","background-size":"auto","background-attachment":"scroll","background-type":"","background-media":"","overlay-type":"","overlay-color":"","overlay-opacity":"","overlay-gradient":""},"mobile":{"background-color":"var(--ast-global-color-5)","background-image":"","background-repeat":"repeat","background-position":"center center","background-size":"auto","background-attachment":"scroll","background-type":"","background-media":"","overlay-type":"","overlay-color":"","overlay-opacity":"","overlay-gradient":""}},"footnotes":""},"categories":[517],"tags":[],"class_list":["post-29077","post","type-post","status-publish","format-image","hentry","category-aconteceu","post_format-post-format-image"],"_links":{"self":[{"href":"https:\/\/noticiasnoface.com.br\/index.php\/wp-json\/wp\/v2\/posts\/29077","targetHints":{"allow":["GET"]}}],"collection":[{"href":"https:\/\/noticiasnoface.com.br\/index.php\/wp-json\/wp\/v2\/posts"}],"about":[{"href":"https:\/\/noticiasnoface.com.br\/index.php\/wp-json\/wp\/v2\/types\/post"}],"author":[{"embeddable":true,"href":"https:\/\/noticiasnoface.com.br\/index.php\/wp-json\/wp\/v2\/users\/1"}],"replies":[{"embeddable":true,"href":"https:\/\/noticiasnoface.com.br\/index.php\/wp-json\/wp\/v2\/comments?post=29077"}],"version-history":[{"count":2,"href":"https:\/\/noticiasnoface.com.br\/index.php\/wp-json\/wp\/v2\/posts\/29077\/revisions"}],"predecessor-version":[{"id":29079,"href":"https:\/\/noticiasnoface.com.br\/index.php\/wp-json\/wp\/v2\/posts\/29077\/revisions\/29079"}],"wp:attachment":[{"href":"https:\/\/noticiasnoface.com.br\/index.php\/wp-json\/wp\/v2\/media?parent=29077"}],"wp:term":[{"taxonomy":"category","embeddable":true,"href":"https:\/\/noticiasnoface.com.br\/index.php\/wp-json\/wp\/v2\/categories?post=29077"},{"taxonomy":"post_tag","embeddable":true,"href":"https:\/\/noticiasnoface.com.br\/index.php\/wp-json\/wp\/v2\/tags?post=29077"}],"curies":[{"name":"wp","href":"https:\/\/api.w.org\/{rel}","templated":true}]}}