{"id":29094,"date":"2025-08-01T10:57:00","date_gmt":"2025-08-01T13:57:00","guid":{"rendered":"https:\/\/noticiasnoface.com.br\/?p=29094"},"modified":"2025-08-01T10:57:00","modified_gmt":"2025-08-01T13:57:00","slug":"forca-da-direita-deputado-coronel-azevedo-entre-os-mais-citados-na-pesquisa-de-estadual-da-tcm-de-mossoro","status":"publish","type":"post","link":"https:\/\/noticiasnoface.com.br\/index.php\/2025\/08\/01\/forca-da-direita-deputado-coronel-azevedo-entre-os-mais-citados-na-pesquisa-de-estadual-da-tcm-de-mossoro\/","title":{"rendered":"FOR\u00c7A DA DIREITA! Deputado Coronel Azevedo entre os mais citados na pesquisa de estadual da TCM de Mossor\u00f3"},"content":{"rendered":"\n<figure class=\"wp-block-image size-large\"><img data-opt-id=880972491  fetchpriority=\"high\" decoding=\"async\" width=\"300\" height=\"276\" src=\"https:\/\/mlbfrsat7ahr.i.optimole.com\/w:300\/h:276\/q:mauto\/ig:avif\/https:\/\/noticiasnoface.com.br\/wp-content\/uploads\/2025\/08\/image.jpg\" class=\"wp-image-29093\" srcset=\"https:\/\/mlbfrsat7ahr.i.optimole.com\/w:300\/h:276\/q:mauto\/ig:avif\/https:\/\/noticiasnoface.com.br\/wp-content\/uploads\/2025\/08\/image.jpg 300w, https:\/\/mlbfrsat7ahr.i.optimole.com\/w:768\/h:707\/q:mauto\/ig:avif\/https:\/\/noticiasnoface.com.br\/wp-content\/uploads\/2025\/08\/image.jpg 768w\" sizes=\"(max-width: 300px) 100vw, 300px\" \/><\/figure>\n\n\n\n<p><em>FOR\u00c7A DA DIREITA! Deputado Coronel Azevedo entre os mais citados na pesquisa de estadual da TCM de Mossor\u00f3<\/em><code>O deputado estadual Coronel Azevedo est\u00e1 entre os pol\u00edticos mais lembrados pelo eleitor do Rio Grande do Norte conforme pesquisa para deputado estadual do Rio Grande do Norte divulgada na quarta-feira, 30 de julho, pela TCM Not\u00edcias, de Mossor\u00f3. Coronel Azevedo aparece em 5\u00ba coloca\u00e7\u00e3o, na disputa por 24 vagas da Assembleia Legislativa, resultado que alimenta a expectativa de que o deputado poder\u00e1 obter novamente uma das maiores vota\u00e7\u00f5es nas elei\u00e7\u00f5es de 2026, em virtude de ter sido o terceiro mais votado no pleito anterior, em 2022. A pesquisa TCM foi feita pelo instituto TS2, e entrevistando 1.847 eleitores, no per\u00edodo de 23 a 26 de julho de 2025, de todas as regi\u00f5es e microrregi\u00f5es, representadas por 63 munic\u00edpios do Rio Grande do Norte, de acordo com a respectiva densidade geogr\u00e1fica.<\/code><\/p>\n\n\n\n<p>A pesquisa quantitativa foi feita com entrevistas pessoais (domiciliares e em lugares preestabelecidos de consider\u00e1vel fluxo), com aplica\u00e7\u00e3o de question\u00e1rio digital estruturado junto a uma amostra representativa do eleitorado.<br>O n\u00edvel de confian\u00e7a utilizado \u00e9 de 95%, considerando a margem de erro de 2,5 pontos percentuais para mais ou para menos.<\/p>\n","protected":false},"excerpt":{"rendered":"<p>FOR\u00c7A DA DIREITA! Deputado Coronel Azevedo entre os mais citados na pesquisa de estadual da TCM de Mossor\u00f3O deputado estadual [&hellip;]<\/p>\n","protected":false},"author":1,"featured_media":0,"comment_status":"closed","ping_status":"","sticky":false,"template":"","format":"image","meta":{"site-sidebar-layout":"default","site-content-layout":"","ast-site-content-layout":"default","site-content-style":"default","site-sidebar-style":"default","ast-global-header-display":"","ast-banner-title-visibility":"","ast-main-header-display":"","ast-hfb-above-header-display":"","ast-hfb-below-header-display":"","ast-hfb-mobile-header-display":"","site-post-title":"","ast-breadcrumbs-content":"","ast-featured-img":"","footer-sml-layout":"","ast-disable-related-posts":"","theme-transparent-header-meta":"","adv-header-id-meta":"","stick-header-meta":"","header-above-stick-meta":"","header-main-stick-meta":"","header-below-stick-meta":"","astra-migrate-meta-layouts":"default","ast-page-background-enabled":"default","ast-page-background-meta":{"desktop":{"background-color":"var(--ast-global-color-4)","background-image":"","background-repeat":"repeat","background-position":"center center","background-size":"auto","background-attachment":"scroll","background-type":"","background-media":"","overlay-type":"","overlay-color":"","overlay-opacity":"","overlay-gradient":""},"tablet":{"background-color":"","background-image":"","background-repeat":"repeat","background-position":"center center","background-size":"auto","background-attachment":"scroll","background-type":"","background-media":"","overlay-type":"","overlay-color":"","overlay-opacity":"","overlay-gradient":""},"mobile":{"background-color":"","background-image":"","background-repeat":"repeat","background-position":"center center","background-size":"auto","background-attachment":"scroll","background-type":"","background-media":"","overlay-type":"","overlay-color":"","overlay-opacity":"","overlay-gradient":""}},"ast-content-background-meta":{"desktop":{"background-color":"var(--ast-global-color-5)","background-image":"","background-repeat":"repeat","background-position":"center center","background-size":"auto","background-attachment":"scroll","background-type":"","background-media":"","overlay-type":"","overlay-color":"","overlay-opacity":"","overlay-gradient":""},"tablet":{"background-color":"var(--ast-global-color-5)","background-image":"","background-repeat":"repeat","background-position":"center center","background-size":"auto","background-attachment":"scroll","background-type":"","background-media":"","overlay-type":"","overlay-color":"","overlay-opacity":"","overlay-gradient":""},"mobile":{"background-color":"var(--ast-global-color-5)","background-image":"","background-repeat":"repeat","background-position":"center center","background-size":"auto","background-attachment":"scroll","background-type":"","background-media":"","overlay-type":"","overlay-color":"","overlay-opacity":"","overlay-gradient":""}},"footnotes":""},"categories":[517],"tags":[],"class_list":["post-29094","post","type-post","status-publish","format-image","hentry","category-aconteceu","post_format-post-format-image"],"_links":{"self":[{"href":"https:\/\/noticiasnoface.com.br\/index.php\/wp-json\/wp\/v2\/posts\/29094","targetHints":{"allow":["GET"]}}],"collection":[{"href":"https:\/\/noticiasnoface.com.br\/index.php\/wp-json\/wp\/v2\/posts"}],"about":[{"href":"https:\/\/noticiasnoface.com.br\/index.php\/wp-json\/wp\/v2\/types\/post"}],"author":[{"embeddable":true,"href":"https:\/\/noticiasnoface.com.br\/index.php\/wp-json\/wp\/v2\/users\/1"}],"replies":[{"embeddable":true,"href":"https:\/\/noticiasnoface.com.br\/index.php\/wp-json\/wp\/v2\/comments?post=29094"}],"version-history":[{"count":1,"href":"https:\/\/noticiasnoface.com.br\/index.php\/wp-json\/wp\/v2\/posts\/29094\/revisions"}],"predecessor-version":[{"id":29095,"href":"https:\/\/noticiasnoface.com.br\/index.php\/wp-json\/wp\/v2\/posts\/29094\/revisions\/29095"}],"wp:attachment":[{"href":"https:\/\/noticiasnoface.com.br\/index.php\/wp-json\/wp\/v2\/media?parent=29094"}],"wp:term":[{"taxonomy":"category","embeddable":true,"href":"https:\/\/noticiasnoface.com.br\/index.php\/wp-json\/wp\/v2\/categories?post=29094"},{"taxonomy":"post_tag","embeddable":true,"href":"https:\/\/noticiasnoface.com.br\/index.php\/wp-json\/wp\/v2\/tags?post=29094"}],"curies":[{"name":"wp","href":"https:\/\/api.w.org\/{rel}","templated":true}]}}