{"id":29101,"date":"2025-08-02T17:09:30","date_gmt":"2025-08-02T20:09:30","guid":{"rendered":"https:\/\/noticiasnoface.com.br\/?p=29101"},"modified":"2025-08-02T17:09:30","modified_gmt":"2025-08-02T20:09:30","slug":"manifestacao-contra-lula-e-moraes-neste-domingo-sera-em-frente-ao-midway","status":"publish","type":"post","link":"https:\/\/noticiasnoface.com.br\/index.php\/2025\/08\/02\/manifestacao-contra-lula-e-moraes-neste-domingo-sera-em-frente-ao-midway\/","title":{"rendered":"Manifesta\u00e7\u00e3o contra Lula e Moraes neste domingo ser\u00e1 em frente ao Midway"},"content":{"rendered":"\n<figure class=\"wp-block-image size-large\"><img data-opt-id=1666766996  fetchpriority=\"high\" decoding=\"async\" width=\"1024\" height=\"683\" src=\"https:\/\/mlbfrsat7ahr.i.optimole.com\/w:1024\/h:683\/q:mauto\/ig:avif\/https:\/\/noticiasnoface.com.br\/wp-content\/uploads\/2025\/08\/e98d3e65-1c50-4527-a168-2b6584725964-1.jpg\" class=\"wp-image-29099\" srcset=\"https:\/\/mlbfrsat7ahr.i.optimole.com\/w:1024\/h:683\/q:mauto\/ig:avif\/https:\/\/noticiasnoface.com.br\/wp-content\/uploads\/2025\/08\/e98d3e65-1c50-4527-a168-2b6584725964-1.jpg 1024w, https:\/\/mlbfrsat7ahr.i.optimole.com\/w:300\/h:200\/q:mauto\/ig:avif\/https:\/\/noticiasnoface.com.br\/wp-content\/uploads\/2025\/08\/e98d3e65-1c50-4527-a168-2b6584725964-1.jpg 300w, https:\/\/mlbfrsat7ahr.i.optimole.com\/w:768\/h:512\/q:mauto\/ig:avif\/https:\/\/noticiasnoface.com.br\/wp-content\/uploads\/2025\/08\/e98d3e65-1c50-4527-a168-2b6584725964-1.jpg 768w, https:\/\/mlbfrsat7ahr.i.optimole.com\/w:1536\/h:1024\/q:mauto\/ig:avif\/https:\/\/noticiasnoface.com.br\/wp-content\/uploads\/2025\/08\/e98d3e65-1c50-4527-a168-2b6584725964-1.jpg 1536w, https:\/\/mlbfrsat7ahr.i.optimole.com\/w:1600\/h:1067\/q:mauto\/ig:avif\/https:\/\/noticiasnoface.com.br\/wp-content\/uploads\/2025\/08\/e98d3e65-1c50-4527-a168-2b6584725964-1.jpg 1600w\" sizes=\"(max-width: 1000px) 100vw, 1000px\" \/><\/figure>\n\n\n\n<p>Durante o Semin\u00e1rio do Projeto Rota 22, em Santo Ant\u00f4nio (RN), reunindo lideran\u00e7as do Agreste, Trair\u00ed e Potengi, o movimento &#8216;Reaje, Brasil&#8217; foi considerado o marca para a mudan\u00e7a que o Pa\u00eds precisa para o restabelecimento da harmonia entre poderes e colocar limites na hipertrofia do Judici\u00e1rio, a favor da liberdade de express\u00e3o e da anistia para os envolvidos nos atos do 8 de janeiro de 2023.<\/p>\n\n\n\n<p>Ao convocar a sociedade brasileira para o movimento &#8220;Reaja, Brasil&#8221;, a partir das 14h30 do domingo (3), em frente ao shopping Midway Mall, Rog\u00e9rio Marinho ressaltou a import\u00e2ncia de \u201cestarmos juntos mostrando a nossa indigna\u00e7\u00e3o, com que est\u00e1 acontecendo no Brasil\u201d.<\/p>\n\n\n\n<figure class=\"wp-block-image size-large\"><img data-opt-id=1320731667  fetchpriority=\"high\" decoding=\"async\" src=\"file:\/\/\/private\/var\/mobile\/Containers\/Data\/Application\/2B5F0EFA-9CD2-46DC-A2DC-74FE2949AB0E\/tmp\/org.automattic.MediaImageServiceSymlinks\/thumbnail-4ae390d1-6418-41bc-b1d9-2b4fe884c64f-1536x1024.jpeg\" class=\"wp-image-976010317\"\/><\/figure>\n\n\n\n<p>O Partido Liberal reafimar que \u201c\u00e9 hora de a sociedade brasileira se posicionar com coragem. De forma pac\u00edfica e ordeira, \u00e9 necess\u00e1rio exigir respeito \u00e0 Constitui\u00e7\u00e3o, \u00e0 liberdade e \u00e0 democracia\u201d.<\/p>\n\n\n\n<p>Segundo o deputado Federal Sargento Gon\u00e7alves (PL), o Brasil passa por um momento muito delicado. &#8220;Est\u00e7ai atingindo um dos bens mais preciosos do ser humano, do cidad\u00e3o brasileiro, que chama-se liberdade&#8221;, pontuo o deputado para detalhar em seguida a hipertrofia do Judici\u00e1rio.<\/p>\n\n\n\n<p>&#8220;Deus n\u00e3o me tirou de uma guarni\u00e7\u00e3o de pol\u00edcia militar e me levou ao Congresso Nacional para eu me acovardar. Hoje o momento \u00e9 muito delicado. Eu n\u00e3o imaginava que Deus iria me colocar como deputado federal em um momento t\u00e3o delicado da nossa hist\u00f3ria. S\u00e3o 38 deputados federais, pasmem, deputados federais que est\u00e3o respondendo processos no STF. Por que roubou? N\u00e3o. Por que cometeu lavagem de dinheiro? N\u00e3o. Esses est\u00e3o soltos, inclusive o s\u00edmbolo maior de corrup\u00e7\u00e3o do nosso pa\u00eds \u00e9 o presidente da Rep\u00fablica hoje. Roubou e roubou muito, ele e a quadrilha toda, mas est\u00e3o soltos, est\u00e3o sendo descondenados&#8221;, desabafou o deputado Federal Sargento Gon\u00e7alves.<\/p>\n\n\n\n<p>O deputado estadual Gustavo Carvalho (PL), disse que participar do &#8220;Reaja, Brasil&#8221; \u00e9 um ato em favor do Brasil, em favor da democracia e em favor de cada um. &#8220;O Brasil precisa da nossa voz. Vamos mostrar uni\u00e3o e compromisso com o nosso pa\u00eds&#8221;, salientou.<\/p>\n\n\n\n<p>Coronel Azevedo (PL), deputado estadual, enfatizou que o momento \u00e9 agora. &#8220;Eles querem nos calar, nos intimidar, nos fazer recuar. Mas o Brasil que ama a liberdade na\u0303o se curva. N\u00f3s estaremos em frente ao Midway. Vamos juntos mostrar a for\u00e7a do povo potiguar&#8221;, convocou.<\/p>\n\n\n\n<p>Tomba Farias (PL), deputado estadual, falando sobre o roubo do INSS, disse que a sociedade brasileira n\u00e3o podemos deixar passar em branco. &#8220;Est\u00e3o roubando com as duas m\u00e3os e os dois p\u00e9s. E esse pa\u00eds n\u00e3o pode ficar calado. Est\u00e3o tirando e tirou de todo mundo, tirou daqueles que mais deram o seu suor na sua vida, daqueles que trabalharam por esse Brasil. N\u00f3s precisamos dar um basta nisso. N\u00f3s precisamos dar o grito de independ\u00eancia. Chegou a hora. E \u00e9 agora. \u00c9 agora ou nunca. E amanh\u00e3, amanh\u00e3 n\u00f3s temos que estar unidos. Convoca todo mundo da fam\u00edlia e vamos para o &#8220;Reaje,Brasil&#8221;, em frente ao Midway&#8221;, estimulou Tomba.<\/p>\n\n\n\n<p>&#8220;Amanh\u00e3, todos n\u00f3s estaremos l\u00e1, no Midway, lutando pelo nosso Presidente. Pelo nosso pa\u00eds, pela nossa liberdade, pelo nosso presidente Bolsonaro&#8221;, disse o presidente da Federa\u00e7\u00e3o dos Munic\u00edpios (Femurn), Bab\u00e1.<\/p>\n\n\n\n<p>AGENDA<br \/>Na agenda do Projeto Rota 22, ainda tem oficina em Parnamirim, no dia 6 de agosto, em Extremoz, no dia 7 de agosto, e Semin\u00e1rio da Regi\u00e3o Metropolitana, em Natal, no dia 16 de agosto.<\/p>\n\n\n\n<p>O Rota 22 \u00e9 uma iniciativa do Partido Liberal (PL) em parceria com o Instituto \u00c1lvaro Valle, que fechou o primeiro semestre com 20 eventos realizados no Estado, sendo 16 oficinas e 4 semin\u00e1rios abrangendo todas as regi\u00f5es do RN.<\/p>\n\n\n\n<p>Fique conectado com o Rota 22 \u2014 acesse o site plrota22.com.br e confira quando o projeto passar\u00e1 por sua regi\u00e3o. Mais informa\u00e7\u00f5es tamb\u00e9m est\u00e3o dispon\u00edveis nas redes sociais, pelos perfis @pl22rn e @plnacional22, e no canal de WhatsApp do Rota 22 no Rio Grande do Norte: canal.plrota22.com.br.<\/p>\n\n\n\n<p><\/p>\n","protected":false},"excerpt":{"rendered":"<p>Durante o Semin\u00e1rio do Projeto Rota 22, em Santo Ant\u00f4nio (RN), reunindo lideran\u00e7as do Agreste, Trair\u00ed e Potengi, o movimento [&hellip;]<\/p>\n","protected":false},"author":1,"featured_media":0,"comment_status":"closed","ping_status":"","sticky":false,"template":"","format":"image","meta":{"site-sidebar-layout":"default","site-content-layout":"","ast-site-content-layout":"default","site-content-style":"default","site-sidebar-style":"default","ast-global-header-display":"","ast-banner-title-visibility":"","ast-main-header-display":"","ast-hfb-above-header-display":"","ast-hfb-below-header-display":"","ast-hfb-mobile-header-display":"","site-post-title":"","ast-breadcrumbs-content":"","ast-featured-img":"","footer-sml-layout":"","ast-disable-related-posts":"","theme-transparent-header-meta":"","adv-header-id-meta":"","stick-header-meta":"","header-above-stick-meta":"","header-main-stick-meta":"","header-below-stick-meta":"","astra-migrate-meta-layouts":"default","ast-page-background-enabled":"default","ast-page-background-meta":{"desktop":{"background-color":"var(--ast-global-color-4)","background-image":"","background-repeat":"repeat","background-position":"center center","background-size":"auto","background-attachment":"scroll","background-type":"","background-media":"","overlay-type":"","overlay-color":"","overlay-opacity":"","overlay-gradient":""},"tablet":{"background-color":"","background-image":"","background-repeat":"repeat","background-position":"center center","background-size":"auto","background-attachment":"scroll","background-type":"","background-media":"","overlay-type":"","overlay-color":"","overlay-opacity":"","overlay-gradient":""},"mobile":{"background-color":"","background-image":"","background-repeat":"repeat","background-position":"center center","background-size":"auto","background-attachment":"scroll","background-type":"","background-media":"","overlay-type":"","overlay-color":"","overlay-opacity":"","overlay-gradient":""}},"ast-content-background-meta":{"desktop":{"background-color":"var(--ast-global-color-5)","background-image":"","background-repeat":"repeat","background-position":"center center","background-size":"auto","background-attachment":"scroll","background-type":"","background-media":"","overlay-type":"","overlay-color":"","overlay-opacity":"","overlay-gradient":""},"tablet":{"background-color":"var(--ast-global-color-5)","background-image":"","background-repeat":"repeat","background-position":"center center","background-size":"auto","background-attachment":"scroll","background-type":"","background-media":"","overlay-type":"","overlay-color":"","overlay-opacity":"","overlay-gradient":""},"mobile":{"background-color":"var(--ast-global-color-5)","background-image":"","background-repeat":"repeat","background-position":"center center","background-size":"auto","background-attachment":"scroll","background-type":"","background-media":"","overlay-type":"","overlay-color":"","overlay-opacity":"","overlay-gradient":""}},"footnotes":""},"categories":[517],"tags":[],"class_list":["post-29101","post","type-post","status-publish","format-image","hentry","category-aconteceu","post_format-post-format-image"],"_links":{"self":[{"href":"https:\/\/noticiasnoface.com.br\/index.php\/wp-json\/wp\/v2\/posts\/29101","targetHints":{"allow":["GET"]}}],"collection":[{"href":"https:\/\/noticiasnoface.com.br\/index.php\/wp-json\/wp\/v2\/posts"}],"about":[{"href":"https:\/\/noticiasnoface.com.br\/index.php\/wp-json\/wp\/v2\/types\/post"}],"author":[{"embeddable":true,"href":"https:\/\/noticiasnoface.com.br\/index.php\/wp-json\/wp\/v2\/users\/1"}],"replies":[{"embeddable":true,"href":"https:\/\/noticiasnoface.com.br\/index.php\/wp-json\/wp\/v2\/comments?post=29101"}],"version-history":[{"count":1,"href":"https:\/\/noticiasnoface.com.br\/index.php\/wp-json\/wp\/v2\/posts\/29101\/revisions"}],"predecessor-version":[{"id":29102,"href":"https:\/\/noticiasnoface.com.br\/index.php\/wp-json\/wp\/v2\/posts\/29101\/revisions\/29102"}],"wp:attachment":[{"href":"https:\/\/noticiasnoface.com.br\/index.php\/wp-json\/wp\/v2\/media?parent=29101"}],"wp:term":[{"taxonomy":"category","embeddable":true,"href":"https:\/\/noticiasnoface.com.br\/index.php\/wp-json\/wp\/v2\/categories?post=29101"},{"taxonomy":"post_tag","embeddable":true,"href":"https:\/\/noticiasnoface.com.br\/index.php\/wp-json\/wp\/v2\/tags?post=29101"}],"curies":[{"name":"wp","href":"https:\/\/api.w.org\/{rel}","templated":true}]}}