{"id":29107,"date":"2025-08-02T17:11:23","date_gmt":"2025-08-02T20:11:23","guid":{"rendered":"https:\/\/noticiasnoface.com.br\/?p=29107"},"modified":"2025-08-24T19:05:23","modified_gmt":"2025-08-24T22:05:23","slug":"rogerio-marinho-acusa-fatima-e-o-pt-de-mentir-para-a-populacao-e-sucatear-o-rn","status":"publish","type":"post","link":"https:\/\/noticiasnoface.com.br\/index.php\/2025\/08\/02\/rogerio-marinho-acusa-fatima-e-o-pt-de-mentir-para-a-populacao-e-sucatear-o-rn\/","title":{"rendered":"Rog\u00e9rio Marinho acusa F\u00e1tima e o PT de \u201cmentir para a popula\u00e7\u00e3o\u201d e \u201csucatear o RN\u201d"},"content":{"rendered":"\n<figure class=\"wp-block-image size-large\"><img data-opt-id=1195580135  fetchpriority=\"high\" decoding=\"async\" width=\"1024\" height=\"683\" src=\"https:\/\/mlbfrsat7ahr.i.optimole.com\/w:1024\/h:683\/q:mauto\/ig:avif\/https:\/\/noticiasnoface.com.br\/wp-content\/uploads\/2025\/08\/fccc2c3e-cfa4-4fee-ae42-5481c967b435-1-1.jpg\" alt=\"\" class=\"wp-image-29397\" srcset=\"https:\/\/mlbfrsat7ahr.i.optimole.com\/w:1024\/h:683\/q:mauto\/ig:avif\/https:\/\/noticiasnoface.com.br\/wp-content\/uploads\/2025\/08\/fccc2c3e-cfa4-4fee-ae42-5481c967b435-1-1.jpg 1024w, https:\/\/mlbfrsat7ahr.i.optimole.com\/w:300\/h:200\/q:mauto\/ig:avif\/https:\/\/noticiasnoface.com.br\/wp-content\/uploads\/2025\/08\/fccc2c3e-cfa4-4fee-ae42-5481c967b435-1-1.jpg 300w, https:\/\/mlbfrsat7ahr.i.optimole.com\/w:768\/h:512\/q:mauto\/ig:avif\/https:\/\/noticiasnoface.com.br\/wp-content\/uploads\/2025\/08\/fccc2c3e-cfa4-4fee-ae42-5481c967b435-1-1.jpg 768w, https:\/\/mlbfrsat7ahr.i.optimole.com\/w:1536\/h:1024\/q:mauto\/ig:avif\/https:\/\/noticiasnoface.com.br\/wp-content\/uploads\/2025\/08\/fccc2c3e-cfa4-4fee-ae42-5481c967b435-1-1.jpg 1536w, https:\/\/mlbfrsat7ahr.i.optimole.com\/w:1600\/h:1067\/q:mauto\/ig:avif\/https:\/\/noticiasnoface.com.br\/wp-content\/uploads\/2025\/08\/fccc2c3e-cfa4-4fee-ae42-5481c967b435-1-1.jpg 1600w\" sizes=\"(max-width: 1000px) 100vw, 1000px\" \/><\/figure>\n\n\n\n<figure class=\"wp-block-image size-large\"><img data-opt-id=1034773366  fetchpriority=\"high\" decoding=\"async\" src=\"file:\/\/\/private\/var\/mobile\/Containers\/Data\/Application\/2B5F0EFA-9CD2-46DC-A2DC-74FE2949AB0E\/tmp\/org.automattic.MediaImageServiceSymlinks\/thumbnail-a58fcf8d-5c21-4d5b-aa2d-45643b8b286f-1536x1024.jpeg\" alt=\"\" class=\"wp-image-2049752143\"\/><\/figure>\n\n\n\n<p>Durante discurso no Semin\u00e1rio Rota 22, realizado neste s\u00e1bado (2), em Santo Ant\u00f4nio (RN), o senador Rog\u00e9rio Marinho (PL-RN) fez duras cr\u00edticas \u00e0 governadora do Rio Grande do Norte, F\u00e1tima Bezerra (PT), e ao Partido dos Trabalhadores, acusando a gest\u00e3o estadual de inefici\u00eancia, m\u00e1 f\u00e9 e de \u201cmentir sistematicamente para a popula\u00e7\u00e3o\u201d. O encontro reuniu lideran\u00e7as do Agreste, Trair\u00ed e Potengi e marcou mais um passo na articula\u00e7\u00e3o do PL para as elei\u00e7\u00f5es de 2026.<\/p>\n\n\n\n<p>Marinho afirmou que a governadora &#8220;desrespeita os prefeitos&#8221;, especialmente os de oposi\u00e7\u00e3o, e que o Governo do Estado tem perseguido advers\u00e1rios pol\u00edticos ao usar a m\u00e1quina p\u00fablica com vi\u00e9s ideol\u00f3gico. \u201cF\u00e1tima foi deputada por 16 anos e n\u00e3o deixou uma obra no Estado. Agora, como governadora, continua fazendo de conta que governa\u201d, disparou, diante de lideran\u00e7as pol\u00edticas das tr\u00eas regi\u00f5es do Estado, vereadores, prefeitos, deputados estaduais e federais do PL e partidos aliados de Centro-Direita.<\/p>\n\n\n\n<p>Em sua fala, o senador tamb\u00e9m criticou a condu\u00e7\u00e3o da seguran\u00e7a p\u00fablica, da sa\u00fade e da educa\u00e7\u00e3o. Segundo ele, \u201co Estado est\u00e1 abandonado\u201d e o governo petista \u201cfalhou em absolutamente todas as \u00e1reas\u201d. Ele ironizou as promessas feitas em campanhas anteriores e afirmou que \u201co \u00fanico plano de governo do PT \u00e9 a reelei\u00e7\u00e3o\u201d.<\/p>\n\n\n\n<p>&#8220;S\u00e3o seis os \u00edndices de profici\u00eancia que mostram qual \u00e9 a capacidade ou a condi\u00e7\u00e3o ou a sanidade ou a sombridade de um Estado entre os 27 Estados da Federa\u00e7\u00e3o. O Rio Grande do Norte pontua em \u00faltimo lugar em quatro desses seis. \u00daltimo lugar. E \u00e9 o 22\u00ba em dois desses \u00edndices. Meus amigos, n\u00f3s estamos literalmente no fundo do po\u00e7o. E vejam, h\u00e1 um al\u00e7ap\u00e3o, h\u00e1 um outro buraco a ser atingido&#8221;, refor\u00e7ou.<\/p>\n\n\n\n<p>&#8220;Este \u00e9 o Rio Grande do Norte do PT, do Partido dos Trabalhadores. Este \u00e9 o Rio Grande do Norte do melhor est\u00e1 por vir. Este \u00e9 o Rio Grande do Norte que, ao longo dos \u00faltimos seis anos e meio, afundou. Este \u00e9 o Rio Grande do Norte de algu\u00e9m que diz que se preocupa com o povo e que defende a popula\u00e7\u00e3o menos favorecida&#8221;, salientou.<\/p>\n\n\n\n<p>O senador ainda destacou a import\u00e2ncia da oposi\u00e7\u00e3o se organizar e se preparar para as pr\u00f3ximas elei\u00e7\u00f5es, refor\u00e7ando que \u201co RN precisa de um novo projeto, com gest\u00e3o, compromisso e verdade\u201d.<\/p>\n\n\n\n<p>AGENDA<br \/>Na agenda do Projeto Rota 22, ainda tem oficina em Parnamirim, no dia 6 de agosto, em Extremoz, no dia 7 de agosto, e Semin\u00e1rio da Regi\u00e3o Metropolitana, em Natal, no dia 16 de agosto.<\/p>\n\n\n\n<p>O Rota 22 \u00e9 uma iniciativa do Partido Liberal (PL) em parceria com o Instituto \u00c1lvaro Valle, que fechou o primeiro semestre com 20 eventos realizados no Estado, sendo 16 oficinas e 4 semin\u00e1rios abrangendo todas as regi\u00f5es do RN.<\/p>\n\n\n\n<p>Fique conectado com o Rota 22 \u2014 acesse o site plrota22.com.br e confira quando o projeto passar\u00e1 por sua regi\u00e3o. Mais informa\u00e7\u00f5es tamb\u00e9m est\u00e3o dispon\u00edveis nas redes sociais, pelos perfis @pl22rn e @plnacional22, e no canal de WhatsApp do Rota 22 no Rio Grande do Norte: canal.plrota22.com.br.<\/p>\n","protected":false},"excerpt":{"rendered":"<p>Durante discurso no Semin\u00e1rio Rota 22, realizado neste s\u00e1bado (2), em Santo Ant\u00f4nio (RN), o senador Rog\u00e9rio Marinho (PL-RN) fez [&hellip;]<\/p>\n","protected":false},"author":1,"featured_media":0,"comment_status":"closed","ping_status":"","sticky":false,"template":"","format":"image","meta":{"site-sidebar-layout":"default","site-content-layout":"","ast-site-content-layout":"default","site-content-style":"default","site-sidebar-style":"default","ast-global-header-display":"","ast-banner-title-visibility":"","ast-main-header-display":"","ast-hfb-above-header-display":"","ast-hfb-below-header-display":"","ast-hfb-mobile-header-display":"","site-post-title":"","ast-breadcrumbs-content":"","ast-featured-img":"","footer-sml-layout":"","ast-disable-related-posts":"","theme-transparent-header-meta":"","adv-header-id-meta":"","stick-header-meta":"","header-above-stick-meta":"","header-main-stick-meta":"","header-below-stick-meta":"","astra-migrate-meta-layouts":"default","ast-page-background-enabled":"default","ast-page-background-meta":{"desktop":{"background-color":"var(--ast-global-color-4)","background-image":"","background-repeat":"repeat","background-position":"center center","background-size":"auto","background-attachment":"scroll","background-type":"","background-media":"","overlay-type":"","overlay-color":"","overlay-opacity":"","overlay-gradient":""},"tablet":{"background-color":"","background-image":"","background-repeat":"repeat","background-position":"center center","background-size":"auto","background-attachment":"scroll","background-type":"","background-media":"","overlay-type":"","overlay-color":"","overlay-opacity":"","overlay-gradient":""},"mobile":{"background-color":"","background-image":"","background-repeat":"repeat","background-position":"center center","background-size":"auto","background-attachment":"scroll","background-type":"","background-media":"","overlay-type":"","overlay-color":"","overlay-opacity":"","overlay-gradient":""}},"ast-content-background-meta":{"desktop":{"background-color":"var(--ast-global-color-5)","background-image":"","background-repeat":"repeat","background-position":"center center","background-size":"auto","background-attachment":"scroll","background-type":"","background-media":"","overlay-type":"","overlay-color":"","overlay-opacity":"","overlay-gradient":""},"tablet":{"background-color":"var(--ast-global-color-5)","background-image":"","background-repeat":"repeat","background-position":"center center","background-size":"auto","background-attachment":"scroll","background-type":"","background-media":"","overlay-type":"","overlay-color":"","overlay-opacity":"","overlay-gradient":""},"mobile":{"background-color":"var(--ast-global-color-5)","background-image":"","background-repeat":"repeat","background-position":"center center","background-size":"auto","background-attachment":"scroll","background-type":"","background-media":"","overlay-type":"","overlay-color":"","overlay-opacity":"","overlay-gradient":""}},"footnotes":""},"categories":[517],"tags":[],"class_list":["post-29107","post","type-post","status-publish","format-image","hentry","category-aconteceu","post_format-post-format-image"],"_links":{"self":[{"href":"https:\/\/noticiasnoface.com.br\/index.php\/wp-json\/wp\/v2\/posts\/29107","targetHints":{"allow":["GET"]}}],"collection":[{"href":"https:\/\/noticiasnoface.com.br\/index.php\/wp-json\/wp\/v2\/posts"}],"about":[{"href":"https:\/\/noticiasnoface.com.br\/index.php\/wp-json\/wp\/v2\/types\/post"}],"author":[{"embeddable":true,"href":"https:\/\/noticiasnoface.com.br\/index.php\/wp-json\/wp\/v2\/users\/1"}],"replies":[{"embeddable":true,"href":"https:\/\/noticiasnoface.com.br\/index.php\/wp-json\/wp\/v2\/comments?post=29107"}],"version-history":[{"count":3,"href":"https:\/\/noticiasnoface.com.br\/index.php\/wp-json\/wp\/v2\/posts\/29107\/revisions"}],"predecessor-version":[{"id":29399,"href":"https:\/\/noticiasnoface.com.br\/index.php\/wp-json\/wp\/v2\/posts\/29107\/revisions\/29399"}],"wp:attachment":[{"href":"https:\/\/noticiasnoface.com.br\/index.php\/wp-json\/wp\/v2\/media?parent=29107"}],"wp:term":[{"taxonomy":"category","embeddable":true,"href":"https:\/\/noticiasnoface.com.br\/index.php\/wp-json\/wp\/v2\/categories?post=29107"},{"taxonomy":"post_tag","embeddable":true,"href":"https:\/\/noticiasnoface.com.br\/index.php\/wp-json\/wp\/v2\/tags?post=29107"}],"curies":[{"name":"wp","href":"https:\/\/api.w.org\/{rel}","templated":true}]}}