{"id":29122,"date":"2025-08-03T23:04:25","date_gmt":"2025-08-04T02:04:25","guid":{"rendered":"https:\/\/noticiasnoface.com.br\/?p=29122"},"modified":"2025-08-03T23:04:25","modified_gmt":"2025-08-04T02:04:25","slug":"ucrania-descobre-esquema-de-corrupcao-em-compra-de-drones","status":"publish","type":"post","link":"https:\/\/noticiasnoface.com.br\/index.php\/2025\/08\/03\/ucrania-descobre-esquema-de-corrupcao-em-compra-de-drones\/","title":{"rendered":"Ucr\u00e2nia descobre esquema de corrup\u00e7\u00e3o em compra de drones"},"content":{"rendered":"\n<h2 class=\"wp-block-heading subhead\">Plano englobava funcion\u00e1rios p\u00fablicos que negociavam contratos inflacionados; 4 pessoas foram presas<\/h2>\n\n\n\n<p>03\/08\/25 \u00e0s 22:22&nbsp;|&nbsp;Atualizado&nbsp;03\/08\/25 \u00e0s 22:24<\/p>\n\n\n\n<figure class=\"wp-block-image\"><img data-opt-id=638424322  fetchpriority=\"high\" decoding=\"async\" src=\"https:\/\/admin.cnnbrasil.com.br\/wp-content\/uploads\/sites\/12\/2025\/04\/2025-04-17T162103Z_1_LOP744217042025RP1_RTRMADP_BASEIMAGE-960X540_UKRAINE-CRISIS-ZELENSKIY.jpg?w=419&amp;h=283&amp;crop=0\" alt=\"\"\/><figcaption class=\"wp-element-caption\">Presidente da Ucr\u00e2nia, Volodymyr Zelensky, participa de coletiva de imprensa&nbsp; \u2022&nbsp;REUTERS<\/figcaption><\/figure>\n\n\n\n<p><\/p>\n\n\n\n<p>Os \u00f3rg\u00e3os anticorrup\u00e7\u00e3o da Ucr\u00e2nia anunciaram no s\u00e1bado (2) a descoberta de um grande esquema de corrup\u00e7\u00e3o envolvendo a compra de drones militares e sistemas de interfer\u00eancia de sinal a pre\u00e7os superfaturados.<\/p>\n\n\n\n<p>A independ\u00eancia dos \u00f3rg\u00e3os de investiga\u00e7\u00e3o e acusa\u00e7\u00e3o anticorrup\u00e7\u00e3o &#8211; NABU (Escrit\u00f3rio Nacional Anticorrup\u00e7\u00e3o) e SAPO (Promotoria Especializada Anticorrup\u00e7\u00e3o) &#8211; foi restabelecida pelo Parlamento na quinta-feira (31), depois que uma tentativa de retir\u00e1-la provocou as maiores manifesta\u00e7\u00f5es no pa\u00eds desde a invas\u00e3o russa em 2022.<\/p>\n\n\n\n<p>Em comunicado publicado nas redes sociais, NABU e SAPO informaram que prenderam um parlamentar em exerc\u00edcio, dois funcion\u00e1rios locais e um n\u00famero n\u00e3o especificado de membros da Guarda Nacional por envolvimento no&nbsp;<a href=\"https:\/\/www.cnnbrasil.com.br\/internacional\/russia-esta-fornecendo-drones-de-ataque-para-coreia-do-norte-diz-ucrania\/\" target=\"_blank\" rel=\"noopener\">esquema<\/a>. Nenhum dos suspeitos foi identificado.<\/p>\n\n\n\n<p>\u201cA ess\u00eancia do esquema era firmar contratos estatais com empresas fornecedoras a pre\u00e7os deliberadamente inflacionados\u201d, diz o comunicado, acrescentando que os envolvidos recebiam propinas de at\u00e9 30% do valor dos contratos.<\/p>\n\n\n\n<p>\u201cS\u00f3 pode haver toler\u00e2ncia zero com a corrup\u00e7\u00e3o, trabalho em equipe claro para exp\u00f4-la e, como resultado, uma senten\u00e7a justa\u201d, escreveu o presidente&nbsp;<a href=\"https:\/\/www.cnnbrasil.com.br\/internacional\/entrega-de-ajuda-militar-dos-eua-a-ucrania-foi-restaurada-diz-zelensky\/\" target=\"_blank\" rel=\"noopener\">Volodymyr Zelensky<\/a>&nbsp;no Telegram.<\/p>\n\n\n\n<p><a href=\"https:\/\/www.cnnbrasil.com.br\/internacional\/zelensky-pede-ajuda-a-trump-para-defender-o-ceu-da-ucrania\/\" target=\"_blank\" rel=\"noopener\">Zelensky<\/a>&nbsp;possui amplos poderes presidenciais devido ao estado de guerra e ainda mant\u00e9m ampla aprova\u00e7\u00e3o entre os ucranianos.<\/p>\n\n\n\n<p>Ele foi for\u00e7ado a recuar politicamente ap\u00f3s tentar colocar NABU e SAPO sob o controle de seu procurador-geral, o que provocou os primeiros protestos nacionais desde o in\u00edcio da guerra.<\/p>\n\n\n\n<p>Posteriormente, o presidente afirmou ter ouvido a indigna\u00e7\u00e3o popular e apresentou um projeto de lei para restaurar a independ\u00eancia dos \u00f3rg\u00e3os, aprovado pelo Parlamento. Os aliados europeus da Ucr\u00e2nia elogiaram a medida, ap\u00f3s manifestarem preocupa\u00e7\u00e3o com a retirada da autonomia das ag\u00eancias.<\/p>\n\n\n\n<p>Altos representantes europeus haviam alertado Zelensky de que o enfraquecimento dos \u00f3rg\u00e3os anticorrup\u00e7\u00e3o colocava em risco a candidatura da Ucr\u00e2nia \u00e0 ades\u00e3o \u00e0 Uni\u00e3o Europeia.<\/p>\n\n\n\n<p>\u201c\u00c9 importante que as institui\u00e7\u00f5es anticorrup\u00e7\u00e3o atuem de forma independente, e a lei aprovada na quinta-feira garante a elas todas as condi\u00e7\u00f5es para uma luta real contra a corrup\u00e7\u00e3o\u201d, escreveu Zelensky neste s\u00e1bado, ap\u00f3s se reunir com os chefes das ag\u00eancias, que o informaram sobre a nova investiga\u00e7\u00e3o.<\/p>\n","protected":false},"excerpt":{"rendered":"<p>Plano englobava funcion\u00e1rios p\u00fablicos que negociavam contratos inflacionados; 4 pessoas foram presas 03\/08\/25 \u00e0s 22:22&nbsp;|&nbsp;Atualizado&nbsp;03\/08\/25 \u00e0s 22:24 Os \u00f3rg\u00e3os anticorrup\u00e7\u00e3o [&hellip;]<\/p>\n","protected":false},"author":1,"featured_media":0,"comment_status":"closed","ping_status":"","sticky":false,"template":"","format":"image","meta":{"site-sidebar-layout":"default","site-content-layout":"","ast-site-content-layout":"default","site-content-style":"default","site-sidebar-style":"default","ast-global-header-display":"","ast-banner-title-visibility":"","ast-main-header-display":"","ast-hfb-above-header-display":"","ast-hfb-below-header-display":"","ast-hfb-mobile-header-display":"","site-post-title":"","ast-breadcrumbs-content":"","ast-featured-img":"","footer-sml-layout":"","ast-disable-related-posts":"","theme-transparent-header-meta":"","adv-header-id-meta":"","stick-header-meta":"","header-above-stick-meta":"","header-main-stick-meta":"","header-below-stick-meta":"","astra-migrate-meta-layouts":"default","ast-page-background-enabled":"default","ast-page-background-meta":{"desktop":{"background-color":"var(--ast-global-color-4)","background-image":"","background-repeat":"repeat","background-position":"center center","background-size":"auto","background-attachment":"scroll","background-type":"","background-media":"","overlay-type":"","overlay-color":"","overlay-opacity":"","overlay-gradient":""},"tablet":{"background-color":"","background-image":"","background-repeat":"repeat","background-position":"center center","background-size":"auto","background-attachment":"scroll","background-type":"","background-media":"","overlay-type":"","overlay-color":"","overlay-opacity":"","overlay-gradient":""},"mobile":{"background-color":"","background-image":"","background-repeat":"repeat","background-position":"center center","background-size":"auto","background-attachment":"scroll","background-type":"","background-media":"","overlay-type":"","overlay-color":"","overlay-opacity":"","overlay-gradient":""}},"ast-content-background-meta":{"desktop":{"background-color":"var(--ast-global-color-5)","background-image":"","background-repeat":"repeat","background-position":"center center","background-size":"auto","background-attachment":"scroll","background-type":"","background-media":"","overlay-type":"","overlay-color":"","overlay-opacity":"","overlay-gradient":""},"tablet":{"background-color":"var(--ast-global-color-5)","background-image":"","background-repeat":"repeat","background-position":"center center","background-size":"auto","background-attachment":"scroll","background-type":"","background-media":"","overlay-type":"","overlay-color":"","overlay-opacity":"","overlay-gradient":""},"mobile":{"background-color":"var(--ast-global-color-5)","background-image":"","background-repeat":"repeat","background-position":"center center","background-size":"auto","background-attachment":"scroll","background-type":"","background-media":"","overlay-type":"","overlay-color":"","overlay-opacity":"","overlay-gradient":""}},"footnotes":""},"categories":[517],"tags":[],"class_list":["post-29122","post","type-post","status-publish","format-image","hentry","category-aconteceu","post_format-post-format-image"],"_links":{"self":[{"href":"https:\/\/noticiasnoface.com.br\/index.php\/wp-json\/wp\/v2\/posts\/29122","targetHints":{"allow":["GET"]}}],"collection":[{"href":"https:\/\/noticiasnoface.com.br\/index.php\/wp-json\/wp\/v2\/posts"}],"about":[{"href":"https:\/\/noticiasnoface.com.br\/index.php\/wp-json\/wp\/v2\/types\/post"}],"author":[{"embeddable":true,"href":"https:\/\/noticiasnoface.com.br\/index.php\/wp-json\/wp\/v2\/users\/1"}],"replies":[{"embeddable":true,"href":"https:\/\/noticiasnoface.com.br\/index.php\/wp-json\/wp\/v2\/comments?post=29122"}],"version-history":[{"count":1,"href":"https:\/\/noticiasnoface.com.br\/index.php\/wp-json\/wp\/v2\/posts\/29122\/revisions"}],"predecessor-version":[{"id":29123,"href":"https:\/\/noticiasnoface.com.br\/index.php\/wp-json\/wp\/v2\/posts\/29122\/revisions\/29123"}],"wp:attachment":[{"href":"https:\/\/noticiasnoface.com.br\/index.php\/wp-json\/wp\/v2\/media?parent=29122"}],"wp:term":[{"taxonomy":"category","embeddable":true,"href":"https:\/\/noticiasnoface.com.br\/index.php\/wp-json\/wp\/v2\/categories?post=29122"},{"taxonomy":"post_tag","embeddable":true,"href":"https:\/\/noticiasnoface.com.br\/index.php\/wp-json\/wp\/v2\/tags?post=29122"}],"curies":[{"name":"wp","href":"https:\/\/api.w.org\/{rel}","templated":true}]}}