{"id":29127,"date":"2025-08-03T23:09:04","date_gmt":"2025-08-04T02:09:04","guid":{"rendered":"https:\/\/noticiasnoface.com.br\/?p=29127"},"modified":"2025-08-03T23:09:26","modified_gmt":"2025-08-04T02:09:26","slug":"ato-contra-lula-e-moraes-reune-multidao-em-natal","status":"publish","type":"post","link":"https:\/\/noticiasnoface.com.br\/index.php\/2025\/08\/03\/ato-contra-lula-e-moraes-reune-multidao-em-natal\/","title":{"rendered":"Ato contra Lula e Moraes re\u00fane multid\u00e3o em Natal"},"content":{"rendered":"\n<figure class=\"wp-block-image size-large\"><img data-opt-id=1900538636  fetchpriority=\"high\" decoding=\"async\" src=\"file:\/\/\/private\/var\/mobile\/Containers\/Data\/Application\/2B5F0EFA-9CD2-46DC-A2DC-74FE2949AB0E\/tmp\/org.automattic.MediaImageServiceSymlinks\/thumbnail-aabb1141-bbf2-4bf1-900d-f9b7f04a2653-1536x1024.jpeg\" alt=\"\" class=\"wp-image--634602166\"\/><\/figure>\n\n\n\n<p>O ato realizado neste domingo (3), em Natal, a favor dos impeachments do presidente Lula da Silva (PT) e do ministro Alexandre de Moraes reuniu uma verdadeira multid\u00e3o. A manifesta\u00e7\u00e3o, realizada em frente ao Midway Mall, foi liderada pelo senador Rog\u00e9rio Marinho (PL-RN) e reuniu deputados, vereadores, lideran\u00e7as pol\u00edticas e apoiadores do ex-presidente Jair Bolsonaro.<\/p>\n\n\n\n<p>Durante o evento, Rog\u00e9rio Marinho destacou a import\u00e2ncia da mobiliza\u00e7\u00e3o popular como instrumento leg\u00edtimo da democracia. \u201cNo dia contra a censura, n\u00f3s estamos em pra\u00e7a p\u00fablica por liberdade. O Brasil precisa reagir aos abusos e retrocessos. Estamos aqui para defender o respeito \u00e0 Constitui\u00e7\u00e3o e dar voz a milh\u00f5es de brasileiros indignados com os rumos do pa\u00eds\u201d, disse o senador.<\/p>\n\n\n\n<p>O ato foi marcado por faixas, cartazes e bandeiras com mensagens em defesa da democracia, da liberdade de express\u00e3o e contra o que os manifestantes classificam como persegui\u00e7\u00e3o pol\u00edtica por parte do Supremo Tribunal Federal. Rog\u00e9rio tamb\u00e9m fez cr\u00edticas \u00e0 condu\u00e7\u00e3o econ\u00f4mica do governo Lula, apontando aumento da infla\u00e7\u00e3o e perda de confian\u00e7a nos rumos do pa\u00eds.<\/p>\n\n\n\n<p>A manifesta\u00e7\u00e3o contou com as presen\u00e7as dos deputados federais General Gir\u00e3o e Sargento Gon\u00e7alves, dos deputados estaduais Tomba Farias, Gustavo Carvalho e Dr. Kerginaldo, da prefeita de Extremoz, Jussara Sales, al\u00e9m de vereadores, ex-prefeitos e lideran\u00e7as da regi\u00e3o. Rota 22.<\/p>\n","protected":false},"excerpt":{"rendered":"<p>O ato realizado neste domingo (3), em Natal, a favor dos impeachments do presidente Lula da Silva (PT) e do [&hellip;]<\/p>\n","protected":false},"author":1,"featured_media":0,"comment_status":"closed","ping_status":"","sticky":false,"template":"","format":"image","meta":{"site-sidebar-layout":"default","site-content-layout":"","ast-site-content-layout":"default","site-content-style":"default","site-sidebar-style":"default","ast-global-header-display":"","ast-banner-title-visibility":"","ast-main-header-display":"","ast-hfb-above-header-display":"","ast-hfb-below-header-display":"","ast-hfb-mobile-header-display":"","site-post-title":"","ast-breadcrumbs-content":"","ast-featured-img":"","footer-sml-layout":"","ast-disable-related-posts":"","theme-transparent-header-meta":"","adv-header-id-meta":"","stick-header-meta":"","header-above-stick-meta":"","header-main-stick-meta":"","header-below-stick-meta":"","astra-migrate-meta-layouts":"default","ast-page-background-enabled":"default","ast-page-background-meta":{"desktop":{"background-color":"var(--ast-global-color-4)","background-image":"","background-repeat":"repeat","background-position":"center center","background-size":"auto","background-attachment":"scroll","background-type":"","background-media":"","overlay-type":"","overlay-color":"","overlay-opacity":"","overlay-gradient":""},"tablet":{"background-color":"","background-image":"","background-repeat":"repeat","background-position":"center center","background-size":"auto","background-attachment":"scroll","background-type":"","background-media":"","overlay-type":"","overlay-color":"","overlay-opacity":"","overlay-gradient":""},"mobile":{"background-color":"","background-image":"","background-repeat":"repeat","background-position":"center center","background-size":"auto","background-attachment":"scroll","background-type":"","background-media":"","overlay-type":"","overlay-color":"","overlay-opacity":"","overlay-gradient":""}},"ast-content-background-meta":{"desktop":{"background-color":"var(--ast-global-color-5)","background-image":"","background-repeat":"repeat","background-position":"center center","background-size":"auto","background-attachment":"scroll","background-type":"","background-media":"","overlay-type":"","overlay-color":"","overlay-opacity":"","overlay-gradient":""},"tablet":{"background-color":"var(--ast-global-color-5)","background-image":"","background-repeat":"repeat","background-position":"center center","background-size":"auto","background-attachment":"scroll","background-type":"","background-media":"","overlay-type":"","overlay-color":"","overlay-opacity":"","overlay-gradient":""},"mobile":{"background-color":"var(--ast-global-color-5)","background-image":"","background-repeat":"repeat","background-position":"center center","background-size":"auto","background-attachment":"scroll","background-type":"","background-media":"","overlay-type":"","overlay-color":"","overlay-opacity":"","overlay-gradient":""}},"footnotes":""},"categories":[517],"tags":[],"class_list":["post-29127","post","type-post","status-publish","format-image","hentry","category-aconteceu","post_format-post-format-image"],"_links":{"self":[{"href":"https:\/\/noticiasnoface.com.br\/index.php\/wp-json\/wp\/v2\/posts\/29127","targetHints":{"allow":["GET"]}}],"collection":[{"href":"https:\/\/noticiasnoface.com.br\/index.php\/wp-json\/wp\/v2\/posts"}],"about":[{"href":"https:\/\/noticiasnoface.com.br\/index.php\/wp-json\/wp\/v2\/types\/post"}],"author":[{"embeddable":true,"href":"https:\/\/noticiasnoface.com.br\/index.php\/wp-json\/wp\/v2\/users\/1"}],"replies":[{"embeddable":true,"href":"https:\/\/noticiasnoface.com.br\/index.php\/wp-json\/wp\/v2\/comments?post=29127"}],"version-history":[{"count":2,"href":"https:\/\/noticiasnoface.com.br\/index.php\/wp-json\/wp\/v2\/posts\/29127\/revisions"}],"predecessor-version":[{"id":29129,"href":"https:\/\/noticiasnoface.com.br\/index.php\/wp-json\/wp\/v2\/posts\/29127\/revisions\/29129"}],"wp:attachment":[{"href":"https:\/\/noticiasnoface.com.br\/index.php\/wp-json\/wp\/v2\/media?parent=29127"}],"wp:term":[{"taxonomy":"category","embeddable":true,"href":"https:\/\/noticiasnoface.com.br\/index.php\/wp-json\/wp\/v2\/categories?post=29127"},{"taxonomy":"post_tag","embeddable":true,"href":"https:\/\/noticiasnoface.com.br\/index.php\/wp-json\/wp\/v2\/tags?post=29127"}],"curies":[{"name":"wp","href":"https:\/\/api.w.org\/{rel}","templated":true}]}}