{"id":29131,"date":"2025-08-04T16:16:06","date_gmt":"2025-08-04T19:16:06","guid":{"rendered":"https:\/\/noticiasnoface.com.br\/?p=29131"},"modified":"2025-08-04T16:16:06","modified_gmt":"2025-08-04T19:16:06","slug":"salatiel-mobiliza-o-pl-de-parnamirim-para-receber-a-oficina-do-rota-22","status":"publish","type":"post","link":"https:\/\/noticiasnoface.com.br\/index.php\/2025\/08\/04\/salatiel-mobiliza-o-pl-de-parnamirim-para-receber-a-oficina-do-rota-22\/","title":{"rendered":"Salatiel mobiliza o PL de Parnamirim para receber a Oficina do Rota 22"},"content":{"rendered":"\n<figure class=\"wp-block-image size-large\"><img data-opt-id=1244706671  fetchpriority=\"high\" decoding=\"async\" width=\"1024\" height=\"682\" src=\"https:\/\/mlbfrsat7ahr.i.optimole.com\/w:1024\/h:682\/q:mauto\/ig:avif\/https:\/\/noticiasnoface.com.br\/wp-content\/uploads\/2025\/08\/462c4e4b-2c68-4474-af63-a1a1098529c5-1.jpg\" class=\"wp-image-29130\" srcset=\"https:\/\/mlbfrsat7ahr.i.optimole.com\/w:1024\/h:682\/q:mauto\/ig:avif\/https:\/\/noticiasnoface.com.br\/wp-content\/uploads\/2025\/08\/462c4e4b-2c68-4474-af63-a1a1098529c5-1.jpg 1024w, https:\/\/mlbfrsat7ahr.i.optimole.com\/w:300\/h:200\/q:mauto\/ig:avif\/https:\/\/noticiasnoface.com.br\/wp-content\/uploads\/2025\/08\/462c4e4b-2c68-4474-af63-a1a1098529c5-1.jpg 300w, https:\/\/mlbfrsat7ahr.i.optimole.com\/w:768\/h:512\/q:mauto\/ig:avif\/https:\/\/noticiasnoface.com.br\/wp-content\/uploads\/2025\/08\/462c4e4b-2c68-4474-af63-a1a1098529c5-1.jpg 768w, https:\/\/mlbfrsat7ahr.i.optimole.com\/w:1536\/h:1023\/q:mauto\/ig:avif\/https:\/\/noticiasnoface.com.br\/wp-content\/uploads\/2025\/08\/462c4e4b-2c68-4474-af63-a1a1098529c5-1.jpg 1536w, https:\/\/mlbfrsat7ahr.i.optimole.com\/w:1600\/h:1066\/q:mauto\/ig:avif\/https:\/\/noticiasnoface.com.br\/wp-content\/uploads\/2025\/08\/462c4e4b-2c68-4474-af63-a1a1098529c5-1.jpg 1600w\" sizes=\"(max-width: 1000px) 100vw, 1000px\" \/><\/figure>\n\n\n\n<p>O Partido Liberal (PL) de Parnamirim, presidido por Salatiel de Souza, vai sediar nesta quarta-feira (06) a Oficina do Rota 22, com foco na constru\u00e7\u00e3o de pol\u00edticas p\u00fablicas municipais. O evento acontece \u00e0s 14h, na C\u00e2mara Municipal de Parnamirim, com realiza\u00e7\u00e3o da Consultoria Sagres.<\/p>\n\n\n\n<p>Com o tema \u201cDesafios e Potencialidades Municipais\u201d, a oficina tem como objetivo reunir gestores, lideran\u00e7as e cidad\u00e3os para debater solu\u00e7\u00f5es inovadoras para os desafios enfrentados pelas cidades brasileiras.<\/p>\n\n\n\n<p>Salatiel, que foi candidato a prefeito de Parnamirim em 2024, refor\u00e7a a import\u00e2ncia da escuta ativa e do planejamento estrat\u00e9gico para o desenvolvimento da cidade:<\/p>\n\n\n\n<p>\u201cEste \u00e9 um momento de di\u00e1logo s\u00e9rio. Precisamos pensar pol\u00edticas p\u00fablicas a partir da realidade do povo, com planejamento, t\u00e9cnica e vis\u00e3o de futuro.\u201d<\/p>\n\n\n\n<p>O evento \u00e9 gratuito e aberto ao p\u00fablico.<\/p>\n","protected":false},"excerpt":{"rendered":"<p>O Partido Liberal (PL) de Parnamirim, presidido por Salatiel de Souza, vai sediar nesta quarta-feira (06) a Oficina do Rota [&hellip;]<\/p>\n","protected":false},"author":1,"featured_media":0,"comment_status":"closed","ping_status":"","sticky":false,"template":"","format":"image","meta":{"site-sidebar-layout":"default","site-content-layout":"","ast-site-content-layout":"default","site-content-style":"default","site-sidebar-style":"default","ast-global-header-display":"","ast-banner-title-visibility":"","ast-main-header-display":"","ast-hfb-above-header-display":"","ast-hfb-below-header-display":"","ast-hfb-mobile-header-display":"","site-post-title":"","ast-breadcrumbs-content":"","ast-featured-img":"","footer-sml-layout":"","ast-disable-related-posts":"","theme-transparent-header-meta":"","adv-header-id-meta":"","stick-header-meta":"","header-above-stick-meta":"","header-main-stick-meta":"","header-below-stick-meta":"","astra-migrate-meta-layouts":"default","ast-page-background-enabled":"default","ast-page-background-meta":{"desktop":{"background-color":"var(--ast-global-color-4)","background-image":"","background-repeat":"repeat","background-position":"center center","background-size":"auto","background-attachment":"scroll","background-type":"","background-media":"","overlay-type":"","overlay-color":"","overlay-opacity":"","overlay-gradient":""},"tablet":{"background-color":"","background-image":"","background-repeat":"repeat","background-position":"center center","background-size":"auto","background-attachment":"scroll","background-type":"","background-media":"","overlay-type":"","overlay-color":"","overlay-opacity":"","overlay-gradient":""},"mobile":{"background-color":"","background-image":"","background-repeat":"repeat","background-position":"center center","background-size":"auto","background-attachment":"scroll","background-type":"","background-media":"","overlay-type":"","overlay-color":"","overlay-opacity":"","overlay-gradient":""}},"ast-content-background-meta":{"desktop":{"background-color":"var(--ast-global-color-5)","background-image":"","background-repeat":"repeat","background-position":"center center","background-size":"auto","background-attachment":"scroll","background-type":"","background-media":"","overlay-type":"","overlay-color":"","overlay-opacity":"","overlay-gradient":""},"tablet":{"background-color":"var(--ast-global-color-5)","background-image":"","background-repeat":"repeat","background-position":"center center","background-size":"auto","background-attachment":"scroll","background-type":"","background-media":"","overlay-type":"","overlay-color":"","overlay-opacity":"","overlay-gradient":""},"mobile":{"background-color":"var(--ast-global-color-5)","background-image":"","background-repeat":"repeat","background-position":"center center","background-size":"auto","background-attachment":"scroll","background-type":"","background-media":"","overlay-type":"","overlay-color":"","overlay-opacity":"","overlay-gradient":""}},"footnotes":""},"categories":[517],"tags":[],"class_list":["post-29131","post","type-post","status-publish","format-image","hentry","category-aconteceu","post_format-post-format-image"],"_links":{"self":[{"href":"https:\/\/noticiasnoface.com.br\/index.php\/wp-json\/wp\/v2\/posts\/29131","targetHints":{"allow":["GET"]}}],"collection":[{"href":"https:\/\/noticiasnoface.com.br\/index.php\/wp-json\/wp\/v2\/posts"}],"about":[{"href":"https:\/\/noticiasnoface.com.br\/index.php\/wp-json\/wp\/v2\/types\/post"}],"author":[{"embeddable":true,"href":"https:\/\/noticiasnoface.com.br\/index.php\/wp-json\/wp\/v2\/users\/1"}],"replies":[{"embeddable":true,"href":"https:\/\/noticiasnoface.com.br\/index.php\/wp-json\/wp\/v2\/comments?post=29131"}],"version-history":[{"count":1,"href":"https:\/\/noticiasnoface.com.br\/index.php\/wp-json\/wp\/v2\/posts\/29131\/revisions"}],"predecessor-version":[{"id":29132,"href":"https:\/\/noticiasnoface.com.br\/index.php\/wp-json\/wp\/v2\/posts\/29131\/revisions\/29132"}],"wp:attachment":[{"href":"https:\/\/noticiasnoface.com.br\/index.php\/wp-json\/wp\/v2\/media?parent=29131"}],"wp:term":[{"taxonomy":"category","embeddable":true,"href":"https:\/\/noticiasnoface.com.br\/index.php\/wp-json\/wp\/v2\/categories?post=29131"},{"taxonomy":"post_tag","embeddable":true,"href":"https:\/\/noticiasnoface.com.br\/index.php\/wp-json\/wp\/v2\/tags?post=29131"}],"curies":[{"name":"wp","href":"https:\/\/api.w.org\/{rel}","templated":true}]}}