{"id":29134,"date":"2025-08-04T21:51:58","date_gmt":"2025-08-05T00:51:58","guid":{"rendered":"https:\/\/noticiasnoface.com.br\/?p=29134"},"modified":"2025-08-04T21:51:58","modified_gmt":"2025-08-05T00:51:58","slug":"camara-de-parnamirim-promove-audiencia-publica-sobre-o-agosto-verde-mes-de-protecao-a-primeira-infancia","status":"publish","type":"post","link":"https:\/\/noticiasnoface.com.br\/index.php\/2025\/08\/04\/camara-de-parnamirim-promove-audiencia-publica-sobre-o-agosto-verde-mes-de-protecao-a-primeira-infancia\/","title":{"rendered":"C\u00e2mara de Parnamirim promove Audi\u00eancia P\u00fablica sobre o Agosto Verde, m\u00eas de prote\u00e7\u00e3o \u00e0 primeira inf\u00e2ncia"},"content":{"rendered":"\n<figure class=\"wp-block-image size-large\"><img data-opt-id=895341123  fetchpriority=\"high\" decoding=\"async\" width=\"1024\" height=\"768\" src=\"https:\/\/mlbfrsat7ahr.i.optimole.com\/w:1024\/h:768\/q:mauto\/ig:avif\/https:\/\/noticiasnoface.com.br\/wp-content\/uploads\/2025\/08\/7f32d27b-0c0f-44a5-973a-776ef7a5d181-1.jpg\" class=\"wp-image-29133\" srcset=\"https:\/\/mlbfrsat7ahr.i.optimole.com\/w:1024\/h:768\/q:mauto\/ig:avif\/https:\/\/noticiasnoface.com.br\/wp-content\/uploads\/2025\/08\/7f32d27b-0c0f-44a5-973a-776ef7a5d181-1.jpg 1024w, https:\/\/mlbfrsat7ahr.i.optimole.com\/w:300\/h:225\/q:mauto\/ig:avif\/https:\/\/noticiasnoface.com.br\/wp-content\/uploads\/2025\/08\/7f32d27b-0c0f-44a5-973a-776ef7a5d181-1.jpg 300w, https:\/\/mlbfrsat7ahr.i.optimole.com\/w:768\/h:576\/q:mauto\/ig:avif\/https:\/\/noticiasnoface.com.br\/wp-content\/uploads\/2025\/08\/7f32d27b-0c0f-44a5-973a-776ef7a5d181-1.jpg 768w, https:\/\/mlbfrsat7ahr.i.optimole.com\/w:1440\/h:1080\/q:mauto\/ig:avif\/https:\/\/noticiasnoface.com.br\/wp-content\/uploads\/2025\/08\/7f32d27b-0c0f-44a5-973a-776ef7a5d181-1.jpg 1536w, https:\/\/mlbfrsat7ahr.i.optimole.com\/w:1440\/h:1080\/q:mauto\/ig:avif\/https:\/\/noticiasnoface.com.br\/wp-content\/uploads\/2025\/08\/7f32d27b-0c0f-44a5-973a-776ef7a5d181-1.jpg 2000w\" sizes=\"(max-width: 1000px) 100vw, 1000px\" \/><\/figure>\n\n\n\n<p>O debate acontece na pr\u00f3xima sexta-feira, 1\u00ba de agosto, \u00e0s 9h30, no Plen\u00e1rio Dr. M\u00e1rio Medeiros. Ser\u00e1 discutido a import\u00e2ncia da aten\u00e7\u00e3o integral \u00e0s gestantes, crian\u00e7as de at\u00e9 6 anos e suas fam\u00edlias.<\/p>\n\n\n\n<p>O vereador Thiago Fernandes, autor da proposta, presidir\u00e1 o evento, que dever\u00e1 contar com a participa\u00e7\u00e3o de autoridades, como a ex-Secret\u00e1ria Nacional da Primeira Inf\u00e2ncia, Luciana Siqueira, o Deputado Federal (SP) e M\u00e9dico, Osmar Terra, profissionais da \u00e1rea, al\u00e9m do secretariado municipal e representantes da sociedade civil.<\/p>\n\n\n\n<p>O M\u00eas da Primeira Inf\u00e2ncia, institu\u00eddo pela Lei Federal n\u00ba 14.617\/2023, visa conscientizar sobre a import\u00e2ncia dos primeiros anos de vida para o desenvolvimento f\u00edsico, emocional e cognitivo das crian\u00e7as.<\/p>\n\n\n\n<p>Entre os principais desafios est\u00e3o o acesso \u00e0 educa\u00e7\u00e3o infantil de qualidade, a sa\u00fade materno-infantil, o fortalecimento da rede de prote\u00e7\u00e3o social e o combate \u00e0s desigualdades que afetam diretamente a inf\u00e2ncia no Brasil.<\/p>\n\n\n\n<p>Para o vereador Thiago Fernandes, que por mais um ano, leva o debate \u00e0 C\u00e2mara, \u00e9 uma oportunidade de ampliar o di\u00e1logo sobre o tema no munic\u00edpio.<\/p>\n\n\n\n<p>\u201cNosso objetivo \u00e9 conscientizar e propor caminhos para pol\u00edticas p\u00fablicas que priorizem a primeira inf\u00e2ncia. Investir nessa fase \u00e9 investir no futuro da nossa cidade e do pa\u00eds\u201d, refor\u00e7a o parlamentar.<\/p>\n","protected":false},"excerpt":{"rendered":"<p>O debate acontece na pr\u00f3xima sexta-feira, 1\u00ba de agosto, \u00e0s 9h30, no Plen\u00e1rio Dr. M\u00e1rio Medeiros. Ser\u00e1 discutido a import\u00e2ncia [&hellip;]<\/p>\n","protected":false},"author":1,"featured_media":0,"comment_status":"closed","ping_status":"","sticky":false,"template":"","format":"image","meta":{"site-sidebar-layout":"default","site-content-layout":"","ast-site-content-layout":"default","site-content-style":"default","site-sidebar-style":"default","ast-global-header-display":"","ast-banner-title-visibility":"","ast-main-header-display":"","ast-hfb-above-header-display":"","ast-hfb-below-header-display":"","ast-hfb-mobile-header-display":"","site-post-title":"","ast-breadcrumbs-content":"","ast-featured-img":"","footer-sml-layout":"","ast-disable-related-posts":"","theme-transparent-header-meta":"","adv-header-id-meta":"","stick-header-meta":"","header-above-stick-meta":"","header-main-stick-meta":"","header-below-stick-meta":"","astra-migrate-meta-layouts":"default","ast-page-background-enabled":"default","ast-page-background-meta":{"desktop":{"background-color":"var(--ast-global-color-4)","background-image":"","background-repeat":"repeat","background-position":"center center","background-size":"auto","background-attachment":"scroll","background-type":"","background-media":"","overlay-type":"","overlay-color":"","overlay-opacity":"","overlay-gradient":""},"tablet":{"background-color":"","background-image":"","background-repeat":"repeat","background-position":"center center","background-size":"auto","background-attachment":"scroll","background-type":"","background-media":"","overlay-type":"","overlay-color":"","overlay-opacity":"","overlay-gradient":""},"mobile":{"background-color":"","background-image":"","background-repeat":"repeat","background-position":"center center","background-size":"auto","background-attachment":"scroll","background-type":"","background-media":"","overlay-type":"","overlay-color":"","overlay-opacity":"","overlay-gradient":""}},"ast-content-background-meta":{"desktop":{"background-color":"var(--ast-global-color-5)","background-image":"","background-repeat":"repeat","background-position":"center center","background-size":"auto","background-attachment":"scroll","background-type":"","background-media":"","overlay-type":"","overlay-color":"","overlay-opacity":"","overlay-gradient":""},"tablet":{"background-color":"var(--ast-global-color-5)","background-image":"","background-repeat":"repeat","background-position":"center center","background-size":"auto","background-attachment":"scroll","background-type":"","background-media":"","overlay-type":"","overlay-color":"","overlay-opacity":"","overlay-gradient":""},"mobile":{"background-color":"var(--ast-global-color-5)","background-image":"","background-repeat":"repeat","background-position":"center center","background-size":"auto","background-attachment":"scroll","background-type":"","background-media":"","overlay-type":"","overlay-color":"","overlay-opacity":"","overlay-gradient":""}},"footnotes":""},"categories":[3817],"tags":[],"class_list":["post-29134","post","type-post","status-publish","format-image","hentry","category-camara-municipal-de-parnamirim","post_format-post-format-image"],"_links":{"self":[{"href":"https:\/\/noticiasnoface.com.br\/index.php\/wp-json\/wp\/v2\/posts\/29134","targetHints":{"allow":["GET"]}}],"collection":[{"href":"https:\/\/noticiasnoface.com.br\/index.php\/wp-json\/wp\/v2\/posts"}],"about":[{"href":"https:\/\/noticiasnoface.com.br\/index.php\/wp-json\/wp\/v2\/types\/post"}],"author":[{"embeddable":true,"href":"https:\/\/noticiasnoface.com.br\/index.php\/wp-json\/wp\/v2\/users\/1"}],"replies":[{"embeddable":true,"href":"https:\/\/noticiasnoface.com.br\/index.php\/wp-json\/wp\/v2\/comments?post=29134"}],"version-history":[{"count":1,"href":"https:\/\/noticiasnoface.com.br\/index.php\/wp-json\/wp\/v2\/posts\/29134\/revisions"}],"predecessor-version":[{"id":29135,"href":"https:\/\/noticiasnoface.com.br\/index.php\/wp-json\/wp\/v2\/posts\/29134\/revisions\/29135"}],"wp:attachment":[{"href":"https:\/\/noticiasnoface.com.br\/index.php\/wp-json\/wp\/v2\/media?parent=29134"}],"wp:term":[{"taxonomy":"category","embeddable":true,"href":"https:\/\/noticiasnoface.com.br\/index.php\/wp-json\/wp\/v2\/categories?post=29134"},{"taxonomy":"post_tag","embeddable":true,"href":"https:\/\/noticiasnoface.com.br\/index.php\/wp-json\/wp\/v2\/tags?post=29134"}],"curies":[{"name":"wp","href":"https:\/\/api.w.org\/{rel}","templated":true}]}}