{"id":29137,"date":"2025-08-05T22:00:32","date_gmt":"2025-08-06T01:00:32","guid":{"rendered":"https:\/\/noticiasnoface.com.br\/?p=29137"},"modified":"2025-08-05T22:01:13","modified_gmt":"2025-08-06T01:01:13","slug":"deputado-coronel-azevedo-critica-atuacao-de-alexandre-de-morais-em-pronunciamento-na-alrn","status":"publish","type":"post","link":"https:\/\/noticiasnoface.com.br\/index.php\/2025\/08\/05\/deputado-coronel-azevedo-critica-atuacao-de-alexandre-de-morais-em-pronunciamento-na-alrn\/","title":{"rendered":"Deputado Coronel Azevedo critica atua\u00e7\u00e3o de Alexandre de Morais em pronunciamento na ALRN"},"content":{"rendered":"\n<figure class=\"wp-block-image size-large\"><img data-opt-id=575205391  fetchpriority=\"high\" decoding=\"async\" width=\"1024\" height=\"682\" src=\"https:\/\/mlbfrsat7ahr.i.optimole.com\/w:1024\/h:682\/q:mauto\/ig:avif\/https:\/\/noticiasnoface.com.br\/wp-content\/uploads\/2025\/08\/869e7712-6451-4d7a-ab6b-39db5b6f909c-2-1.jpg\" alt=\"\" class=\"wp-image-29139\" srcset=\"https:\/\/mlbfrsat7ahr.i.optimole.com\/w:1024\/h:682\/q:mauto\/ig:avif\/https:\/\/noticiasnoface.com.br\/wp-content\/uploads\/2025\/08\/869e7712-6451-4d7a-ab6b-39db5b6f909c-2-1.jpg 1024w, https:\/\/mlbfrsat7ahr.i.optimole.com\/w:300\/h:200\/q:mauto\/ig:avif\/https:\/\/noticiasnoface.com.br\/wp-content\/uploads\/2025\/08\/869e7712-6451-4d7a-ab6b-39db5b6f909c-2-1.jpg 300w, https:\/\/mlbfrsat7ahr.i.optimole.com\/w:768\/h:512\/q:mauto\/ig:avif\/https:\/\/noticiasnoface.com.br\/wp-content\/uploads\/2025\/08\/869e7712-6451-4d7a-ab6b-39db5b6f909c-2-1.jpg 768w, https:\/\/mlbfrsat7ahr.i.optimole.com\/w:1280\/h:853\/q:mauto\/ig:avif\/https:\/\/noticiasnoface.com.br\/wp-content\/uploads\/2025\/08\/869e7712-6451-4d7a-ab6b-39db5b6f909c-2-1.jpg 1280w\" sizes=\"(max-width: 1000px) 100vw, 1000px\" \/><\/figure>\n\n\n\n<figure class=\"wp-block-image size-large\"><img data-opt-id=1900566249  fetchpriority=\"high\" decoding=\"async\" src=\"file:\/\/\/private\/var\/mobile\/Containers\/Data\/Application\/2B5F0EFA-9CD2-46DC-A2DC-74FE2949AB0E\/tmp\/org.automattic.MediaImageServiceSymlinks\/thumbnail-cfa3371c-8ba1-4f17-99bc-c83a98eb1cdc-1280x853.jpeg\" alt=\"\" class=\"wp-image-976010573\"\/><\/figure>\n\n\n\n<p>Durante a sess\u00e3o plen\u00e1ria desta ter\u00e7a-feira (5), na Assembleia Legislativa do Rio Grande do Norte (ALRN), o deputado estadual Coronel Azevedo (PL) fez um pronunciamento em que criticou duramente o ministro Alexandre de Moraes, do Supremo Tribunal Federal (STF), e o atual cen\u00e1rio pol\u00edtico nacional.<\/p>\n\n\n\n<p>De acordo com o parlamentar, h\u00e1 um ambiente de \u201cdeturpa\u00e7\u00e3o da Justi\u00e7a\u201d no pa\u00eds. \u201cMeu pronunciamento de hoje \u00e9 para denunciar esta ditadura instalada formalmente no Brasil e a cortina de fuma\u00e7a que o \u2018lulo-petismo\u2019 est\u00e1 criando para abafar um dos maiores esc\u00e2ndalos da hist\u00f3ria desse pa\u00eds, a Vaza Toga 2\u201d, afirmou.<\/p>\n\n\n\n<p>O deputado citou a divulga\u00e7\u00e3o de um dossi\u00ea pelo jornalista americano Michael Shellenberger, noticiado pela CNN, que aponta supostas a\u00e7\u00f5es irregulares do STF em rela\u00e7\u00e3o \u00e0 investiga\u00e7\u00e3o e pris\u00e3o de envolvidos nos atos de 8 de janeiro. Segundo ele, os documentos mencionados indicam que um protocolo interno teria sido criado para investigar perfis nas redes sociais e justificar pris\u00f5es.<\/p>\n\n\n\n<p>Coronel Azevedo tamb\u00e9m criticou a pris\u00e3o do ex-presidente Jair Bolsonaro, mencionando outros nomes ligados ao campo conservador, como o ex-deputado Daniel Silveira, o senador Marcos do Val e a deputada Carla Zambelli. O parlamentar alegou que essas pessoas \u201cforam punidas por emitir opini\u00e3o\u201d e que a atua\u00e7\u00e3o do ministro Alexandre de Moraes estaria promovendo persegui\u00e7\u00f5es pol\u00edticas.<\/p>\n\n\n\n<p>\u201cVamos clamar a Deus que salve o Brasil, que possamos entregar a na\u00e7\u00e3o livre a nossos filhos e netos\u201d, finalizou o deputado.<\/p>\n","protected":false},"excerpt":{"rendered":"<p>Durante a sess\u00e3o plen\u00e1ria desta ter\u00e7a-feira (5), na Assembleia Legislativa do Rio Grande do Norte (ALRN), o deputado estadual Coronel [&hellip;]<\/p>\n","protected":false},"author":1,"featured_media":0,"comment_status":"closed","ping_status":"","sticky":false,"template":"","format":"image","meta":{"site-sidebar-layout":"default","site-content-layout":"","ast-site-content-layout":"default","site-content-style":"default","site-sidebar-style":"default","ast-global-header-display":"","ast-banner-title-visibility":"","ast-main-header-display":"","ast-hfb-above-header-display":"","ast-hfb-below-header-display":"","ast-hfb-mobile-header-display":"","site-post-title":"","ast-breadcrumbs-content":"","ast-featured-img":"","footer-sml-layout":"","ast-disable-related-posts":"","theme-transparent-header-meta":"","adv-header-id-meta":"","stick-header-meta":"","header-above-stick-meta":"","header-main-stick-meta":"","header-below-stick-meta":"","astra-migrate-meta-layouts":"default","ast-page-background-enabled":"default","ast-page-background-meta":{"desktop":{"background-color":"var(--ast-global-color-4)","background-image":"","background-repeat":"repeat","background-position":"center center","background-size":"auto","background-attachment":"scroll","background-type":"","background-media":"","overlay-type":"","overlay-color":"","overlay-opacity":"","overlay-gradient":""},"tablet":{"background-color":"","background-image":"","background-repeat":"repeat","background-position":"center center","background-size":"auto","background-attachment":"scroll","background-type":"","background-media":"","overlay-type":"","overlay-color":"","overlay-opacity":"","overlay-gradient":""},"mobile":{"background-color":"","background-image":"","background-repeat":"repeat","background-position":"center center","background-size":"auto","background-attachment":"scroll","background-type":"","background-media":"","overlay-type":"","overlay-color":"","overlay-opacity":"","overlay-gradient":""}},"ast-content-background-meta":{"desktop":{"background-color":"var(--ast-global-color-5)","background-image":"","background-repeat":"repeat","background-position":"center center","background-size":"auto","background-attachment":"scroll","background-type":"","background-media":"","overlay-type":"","overlay-color":"","overlay-opacity":"","overlay-gradient":""},"tablet":{"background-color":"var(--ast-global-color-5)","background-image":"","background-repeat":"repeat","background-position":"center center","background-size":"auto","background-attachment":"scroll","background-type":"","background-media":"","overlay-type":"","overlay-color":"","overlay-opacity":"","overlay-gradient":""},"mobile":{"background-color":"var(--ast-global-color-5)","background-image":"","background-repeat":"repeat","background-position":"center center","background-size":"auto","background-attachment":"scroll","background-type":"","background-media":"","overlay-type":"","overlay-color":"","overlay-opacity":"","overlay-gradient":""}},"footnotes":""},"categories":[517],"tags":[],"class_list":["post-29137","post","type-post","status-publish","format-image","hentry","category-aconteceu","post_format-post-format-image"],"_links":{"self":[{"href":"https:\/\/noticiasnoface.com.br\/index.php\/wp-json\/wp\/v2\/posts\/29137","targetHints":{"allow":["GET"]}}],"collection":[{"href":"https:\/\/noticiasnoface.com.br\/index.php\/wp-json\/wp\/v2\/posts"}],"about":[{"href":"https:\/\/noticiasnoface.com.br\/index.php\/wp-json\/wp\/v2\/types\/post"}],"author":[{"embeddable":true,"href":"https:\/\/noticiasnoface.com.br\/index.php\/wp-json\/wp\/v2\/users\/1"}],"replies":[{"embeddable":true,"href":"https:\/\/noticiasnoface.com.br\/index.php\/wp-json\/wp\/v2\/comments?post=29137"}],"version-history":[{"count":3,"href":"https:\/\/noticiasnoface.com.br\/index.php\/wp-json\/wp\/v2\/posts\/29137\/revisions"}],"predecessor-version":[{"id":29141,"href":"https:\/\/noticiasnoface.com.br\/index.php\/wp-json\/wp\/v2\/posts\/29137\/revisions\/29141"}],"wp:attachment":[{"href":"https:\/\/noticiasnoface.com.br\/index.php\/wp-json\/wp\/v2\/media?parent=29137"}],"wp:term":[{"taxonomy":"category","embeddable":true,"href":"https:\/\/noticiasnoface.com.br\/index.php\/wp-json\/wp\/v2\/categories?post=29137"},{"taxonomy":"post_tag","embeddable":true,"href":"https:\/\/noticiasnoface.com.br\/index.php\/wp-json\/wp\/v2\/tags?post=29137"}],"curies":[{"name":"wp","href":"https:\/\/api.w.org\/{rel}","templated":true}]}}