{"id":29146,"date":"2025-08-05T22:17:31","date_gmt":"2025-08-06T01:17:31","guid":{"rendered":"https:\/\/noticiasnoface.com.br\/?p=29146"},"modified":"2025-08-05T22:17:31","modified_gmt":"2025-08-06T01:17:31","slug":"eriko-jacome-e-nina-souza-anunciam-alianca-em-natal-e-confirmam-pre-candidaturas-a-deputado-estadual-e-federal-no-rn","status":"publish","type":"post","link":"https:\/\/noticiasnoface.com.br\/index.php\/2025\/08\/05\/eriko-jacome-e-nina-souza-anunciam-alianca-em-natal-e-confirmam-pre-candidaturas-a-deputado-estadual-e-federal-no-rn\/","title":{"rendered":"Eriko J\u00e1come e Nina Souza anunciam alian\u00e7a em Natal e confirmam pr\u00e9-candidaturas a deputado estadual e federal no RN"},"content":{"rendered":"\n<figure class=\"wp-block-image size-large\"><img data-opt-id=1421515260  fetchpriority=\"high\" decoding=\"async\" width=\"1009\" height=\"1024\" src=\"https:\/\/mlbfrsat7ahr.i.optimole.com\/w:1009\/h:1024\/q:mauto\/ig:avif\/https:\/\/noticiasnoface.com.br\/wp-content\/uploads\/2025\/08\/984f1d09-4510-4f9a-a71e-37e275af718c-1.jpg\" class=\"wp-image-29145\" srcset=\"https:\/\/mlbfrsat7ahr.i.optimole.com\/w:1009\/h:1024\/q:mauto\/ig:avif\/https:\/\/noticiasnoface.com.br\/wp-content\/uploads\/2025\/08\/984f1d09-4510-4f9a-a71e-37e275af718c-1.jpg 1009w, https:\/\/mlbfrsat7ahr.i.optimole.com\/w:296\/h:300\/q:mauto\/ig:avif\/https:\/\/noticiasnoface.com.br\/wp-content\/uploads\/2025\/08\/984f1d09-4510-4f9a-a71e-37e275af718c-1.jpg 296w, https:\/\/mlbfrsat7ahr.i.optimole.com\/w:768\/h:779\/q:mauto\/ig:avif\/https:\/\/noticiasnoface.com.br\/wp-content\/uploads\/2025\/08\/984f1d09-4510-4f9a-a71e-37e275af718c-1.jpg 768w, https:\/\/mlbfrsat7ahr.i.optimole.com\/w:1064\/h:1080\/q:mauto\/ig:avif\/https:\/\/noticiasnoface.com.br\/wp-content\/uploads\/2025\/08\/984f1d09-4510-4f9a-a71e-37e275af718c-1.jpg 1290w\" sizes=\"(max-width: 1000px) 100vw, 1000px\" \/><\/figure>\n\n\n\n<p>Na noite desta segunda-feira (04), o presidente da C\u00e2mara Municipal de Natal, Eriko J\u00e1come, e a vereadora licenciada e atual secret\u00e1ria de Assist\u00eancia Social, Nina Souza, oficializaram uma alian\u00e7a pol\u00edtica para as elei\u00e7\u00f5es de 2026, formando a chamada \u201ccasadinha\u201d em Natal. Eriko \u00e9 pr\u00e9-candidato a deputado estadual e Nina, pr\u00e9-candidata a deputada federal pela capital potiguar.<\/p>\n\n\n\n<p>O an\u00fancio foi feito durante uma reuni\u00e3o com o grupo pol\u00edtico liderado por Eriko J\u00e1come, ocasi\u00e3o em que ele apresentou um balan\u00e7o de suas a\u00e7\u00f5es nos \u00faltimos seis meses e recebeu o aval de sua base para confirmar a parceria com Nina Souza.<\/p>\n\n\n\n<p>Eriko J\u00e1come destacou a afinidade pol\u00edtica e o alinhamento de objetivos com Nina:<br \/>&#8220;Estou 100% com Nina na disputa para deputada federal. Essa parceria \u00e9 fruto de confian\u00e7a e do trabalho conjunto que j\u00e1 desenvolvemos por Natal. Vamos unir for\u00e7as para trazer mais recursos e melhorias para nossa cidade&#8221;, afirmou.<\/p>\n\n\n\n<p>J\u00e1 Nina Souza ressaltou a rela\u00e7\u00e3o pr\u00f3xima com Eriko e garantiu apoio irrestrito \u00e0 sua pr\u00e9-candidatura a deputado estadual:<br \/>&#8220;Eriko \u00e9 como um filho para mim e para Paulinho. Meu compromisso \u00e9 101% com a pr\u00e9-candidatura dele. Para deputado estadual em Natal, meu apoio ser\u00e1 exclusivamente para Eriko, porque acredito no trabalho dele e na dedica\u00e7\u00e3o \u00e0 nossa capital&#8221;, disse.<\/p>\n","protected":false},"excerpt":{"rendered":"<p>Na noite desta segunda-feira (04), o presidente da C\u00e2mara Municipal de Natal, Eriko J\u00e1come, e a vereadora licenciada e atual [&hellip;]<\/p>\n","protected":false},"author":1,"featured_media":0,"comment_status":"closed","ping_status":"","sticky":false,"template":"","format":"image","meta":{"site-sidebar-layout":"default","site-content-layout":"","ast-site-content-layout":"default","site-content-style":"default","site-sidebar-style":"default","ast-global-header-display":"","ast-banner-title-visibility":"","ast-main-header-display":"","ast-hfb-above-header-display":"","ast-hfb-below-header-display":"","ast-hfb-mobile-header-display":"","site-post-title":"","ast-breadcrumbs-content":"","ast-featured-img":"","footer-sml-layout":"","ast-disable-related-posts":"","theme-transparent-header-meta":"","adv-header-id-meta":"","stick-header-meta":"","header-above-stick-meta":"","header-main-stick-meta":"","header-below-stick-meta":"","astra-migrate-meta-layouts":"default","ast-page-background-enabled":"default","ast-page-background-meta":{"desktop":{"background-color":"var(--ast-global-color-4)","background-image":"","background-repeat":"repeat","background-position":"center center","background-size":"auto","background-attachment":"scroll","background-type":"","background-media":"","overlay-type":"","overlay-color":"","overlay-opacity":"","overlay-gradient":""},"tablet":{"background-color":"","background-image":"","background-repeat":"repeat","background-position":"center center","background-size":"auto","background-attachment":"scroll","background-type":"","background-media":"","overlay-type":"","overlay-color":"","overlay-opacity":"","overlay-gradient":""},"mobile":{"background-color":"","background-image":"","background-repeat":"repeat","background-position":"center center","background-size":"auto","background-attachment":"scroll","background-type":"","background-media":"","overlay-type":"","overlay-color":"","overlay-opacity":"","overlay-gradient":""}},"ast-content-background-meta":{"desktop":{"background-color":"var(--ast-global-color-5)","background-image":"","background-repeat":"repeat","background-position":"center center","background-size":"auto","background-attachment":"scroll","background-type":"","background-media":"","overlay-type":"","overlay-color":"","overlay-opacity":"","overlay-gradient":""},"tablet":{"background-color":"var(--ast-global-color-5)","background-image":"","background-repeat":"repeat","background-position":"center center","background-size":"auto","background-attachment":"scroll","background-type":"","background-media":"","overlay-type":"","overlay-color":"","overlay-opacity":"","overlay-gradient":""},"mobile":{"background-color":"var(--ast-global-color-5)","background-image":"","background-repeat":"repeat","background-position":"center center","background-size":"auto","background-attachment":"scroll","background-type":"","background-media":"","overlay-type":"","overlay-color":"","overlay-opacity":"","overlay-gradient":""}},"footnotes":""},"categories":[3816],"tags":[],"class_list":["post-29146","post","type-post","status-publish","format-image","hentry","category-camara-municipal-de-natal","post_format-post-format-image"],"_links":{"self":[{"href":"https:\/\/noticiasnoface.com.br\/index.php\/wp-json\/wp\/v2\/posts\/29146","targetHints":{"allow":["GET"]}}],"collection":[{"href":"https:\/\/noticiasnoface.com.br\/index.php\/wp-json\/wp\/v2\/posts"}],"about":[{"href":"https:\/\/noticiasnoface.com.br\/index.php\/wp-json\/wp\/v2\/types\/post"}],"author":[{"embeddable":true,"href":"https:\/\/noticiasnoface.com.br\/index.php\/wp-json\/wp\/v2\/users\/1"}],"replies":[{"embeddable":true,"href":"https:\/\/noticiasnoface.com.br\/index.php\/wp-json\/wp\/v2\/comments?post=29146"}],"version-history":[{"count":1,"href":"https:\/\/noticiasnoface.com.br\/index.php\/wp-json\/wp\/v2\/posts\/29146\/revisions"}],"predecessor-version":[{"id":29147,"href":"https:\/\/noticiasnoface.com.br\/index.php\/wp-json\/wp\/v2\/posts\/29146\/revisions\/29147"}],"wp:attachment":[{"href":"https:\/\/noticiasnoface.com.br\/index.php\/wp-json\/wp\/v2\/media?parent=29146"}],"wp:term":[{"taxonomy":"category","embeddable":true,"href":"https:\/\/noticiasnoface.com.br\/index.php\/wp-json\/wp\/v2\/categories?post=29146"},{"taxonomy":"post_tag","embeddable":true,"href":"https:\/\/noticiasnoface.com.br\/index.php\/wp-json\/wp\/v2\/tags?post=29146"}],"curies":[{"name":"wp","href":"https:\/\/api.w.org\/{rel}","templated":true}]}}