{"id":29155,"date":"2025-08-05T22:23:47","date_gmt":"2025-08-06T01:23:47","guid":{"rendered":"https:\/\/noticiasnoface.com.br\/?p=29155"},"modified":"2025-08-05T22:23:47","modified_gmt":"2025-08-06T01:23:47","slug":"irma-de-biancardi-mostra-sobrinhas-em-momento-fofo-muito-amor","status":"publish","type":"post","link":"https:\/\/noticiasnoface.com.br\/index.php\/2025\/08\/05\/irma-de-biancardi-mostra-sobrinhas-em-momento-fofo-muito-amor\/","title":{"rendered":"Irm\u00e3 de Biancardi mostra sobrinhas em momento fofo: &#8220;Muito amor&#8221;"},"content":{"rendered":"\n<h2 class=\"wp-block-heading subhead\">Bianca Biancardi compartilhou foto das sobrinhas Mavie, 1, e Mel, de 1 m\u00eas, juntas<\/h2>\n\n\n\n<p>05\/08\/25 \u00e0s 21:57&nbsp;|&nbsp;Atualizado&nbsp;05\/08\/25 \u00e0s 21:57<\/p>\n\n\n\n<figure class=\"wp-block-image\"><img data-opt-id=1935327039  fetchpriority=\"high\" decoding=\"async\" src=\"https:\/\/admin.cnnbrasil.com.br\/wp-content\/uploads\/sites\/12\/2025\/08\/bianca-biancardi_6d85a9.jpg?w=419&amp;h=283&amp;crop=0\" alt=\"\"\/><figcaption class=\"wp-element-caption\">Bianca Biancardi compartilhou fotos das sobrinhas no dia em que Mel completou 1 m\u00eas&nbsp; \u2022&nbsp;Instagram\/Bianca Biancardi<\/figcaption><\/figure>\n\n\n\n<p>A irm\u00e3 da influenciadora&nbsp;<strong>Bruna Biancardi<\/strong>, 31,&nbsp;<strong>Bianca Biancardi<\/strong>&nbsp;compartilhou nesta ter\u00e7a-feira (5) um registro das duas sobrinhas juntas. No registro, Mavie, de 1 ano, aparece beijando a irm\u00e3 ca\u00e7ula, Mel, de 1 m\u00eas.<\/p>\n\n\n\n<p>&#8220;1 m\u00eas da nossa pequenininha. 1 m\u00eas de muito amor&#8221;, escreveu Bianca. Ambas s\u00e3o filhas de Bruna Biancardi com o jogador&nbsp;<strong>Neymar,<\/strong>&nbsp;33.<\/p>\n\n\n\n<p>A influenciadora&nbsp;<a href=\"https:\/\/www.cnnbrasil.com.br\/entretenimento\/bruna-biancardi-celebra-1-mes-da-2a-filha-com-neymar-nosso-pacotinho\/\" target=\"_blank\" rel=\"noopener\">tamb\u00e9m celebrou o 1\u00ba m\u00eas de vida da segunda herdeira<\/a>.<\/p>\n\n\n\n<p>Neymar tamb\u00e9m \u00e9 pai de&nbsp;<strong>Davi Lucca<\/strong>, 13, fruto do relacionamento com Carol Dantas, e de&nbsp;<strong>Helena,<\/strong>&nbsp;1, fruto de um breve envolvimento com&nbsp;<a href=\"https:\/\/www.cnnbrasil.com.br\/entretenimento\/amanda-kimberlly-exibe-novas-fotos-de-helena-filha-com-neymar-confira\/\" target=\"_blank\" rel=\"noopener\">Amanda Kimberlly<\/a>.<\/p>\n\n\n\n<p>Entre idas e vindas, Biancardi e Neymar Jr. est\u00e3o juntos desde 2021. Nos \u00faltimos dias, ela&nbsp;<a href=\"https:\/\/www.cnnbrasil.com.br\/entretenimento\/bruna-biancardi-mostra-momentos-em-familia-com-neymar-mavie-e-mel\/\" target=\"_blank\" rel=\"noopener\">mostrou a rotina ao lado da fam\u00edlia<\/a>.<\/p>\n","protected":false},"excerpt":{"rendered":"<p>Bianca Biancardi compartilhou foto das sobrinhas Mavie, 1, e Mel, de 1 m\u00eas, juntas 05\/08\/25 \u00e0s 21:57&nbsp;|&nbsp;Atualizado&nbsp;05\/08\/25 \u00e0s 21:57 A [&hellip;]<\/p>\n","protected":false},"author":1,"featured_media":0,"comment_status":"closed","ping_status":"","sticky":false,"template":"","format":"image","meta":{"site-sidebar-layout":"default","site-content-layout":"","ast-site-content-layout":"default","site-content-style":"default","site-sidebar-style":"default","ast-global-header-display":"","ast-banner-title-visibility":"","ast-main-header-display":"","ast-hfb-above-header-display":"","ast-hfb-below-header-display":"","ast-hfb-mobile-header-display":"","site-post-title":"","ast-breadcrumbs-content":"","ast-featured-img":"","footer-sml-layout":"","ast-disable-related-posts":"","theme-transparent-header-meta":"","adv-header-id-meta":"","stick-header-meta":"","header-above-stick-meta":"","header-main-stick-meta":"","header-below-stick-meta":"","astra-migrate-meta-layouts":"default","ast-page-background-enabled":"default","ast-page-background-meta":{"desktop":{"background-color":"var(--ast-global-color-4)","background-image":"","background-repeat":"repeat","background-position":"center center","background-size":"auto","background-attachment":"scroll","background-type":"","background-media":"","overlay-type":"","overlay-color":"","overlay-opacity":"","overlay-gradient":""},"tablet":{"background-color":"","background-image":"","background-repeat":"repeat","background-position":"center center","background-size":"auto","background-attachment":"scroll","background-type":"","background-media":"","overlay-type":"","overlay-color":"","overlay-opacity":"","overlay-gradient":""},"mobile":{"background-color":"","background-image":"","background-repeat":"repeat","background-position":"center center","background-size":"auto","background-attachment":"scroll","background-type":"","background-media":"","overlay-type":"","overlay-color":"","overlay-opacity":"","overlay-gradient":""}},"ast-content-background-meta":{"desktop":{"background-color":"var(--ast-global-color-5)","background-image":"","background-repeat":"repeat","background-position":"center center","background-size":"auto","background-attachment":"scroll","background-type":"","background-media":"","overlay-type":"","overlay-color":"","overlay-opacity":"","overlay-gradient":""},"tablet":{"background-color":"var(--ast-global-color-5)","background-image":"","background-repeat":"repeat","background-position":"center center","background-size":"auto","background-attachment":"scroll","background-type":"","background-media":"","overlay-type":"","overlay-color":"","overlay-opacity":"","overlay-gradient":""},"mobile":{"background-color":"var(--ast-global-color-5)","background-image":"","background-repeat":"repeat","background-position":"center center","background-size":"auto","background-attachment":"scroll","background-type":"","background-media":"","overlay-type":"","overlay-color":"","overlay-opacity":"","overlay-gradient":""}},"footnotes":""},"categories":[517],"tags":[],"class_list":["post-29155","post","type-post","status-publish","format-image","hentry","category-aconteceu","post_format-post-format-image"],"_links":{"self":[{"href":"https:\/\/noticiasnoface.com.br\/index.php\/wp-json\/wp\/v2\/posts\/29155","targetHints":{"allow":["GET"]}}],"collection":[{"href":"https:\/\/noticiasnoface.com.br\/index.php\/wp-json\/wp\/v2\/posts"}],"about":[{"href":"https:\/\/noticiasnoface.com.br\/index.php\/wp-json\/wp\/v2\/types\/post"}],"author":[{"embeddable":true,"href":"https:\/\/noticiasnoface.com.br\/index.php\/wp-json\/wp\/v2\/users\/1"}],"replies":[{"embeddable":true,"href":"https:\/\/noticiasnoface.com.br\/index.php\/wp-json\/wp\/v2\/comments?post=29155"}],"version-history":[{"count":1,"href":"https:\/\/noticiasnoface.com.br\/index.php\/wp-json\/wp\/v2\/posts\/29155\/revisions"}],"predecessor-version":[{"id":29156,"href":"https:\/\/noticiasnoface.com.br\/index.php\/wp-json\/wp\/v2\/posts\/29155\/revisions\/29156"}],"wp:attachment":[{"href":"https:\/\/noticiasnoface.com.br\/index.php\/wp-json\/wp\/v2\/media?parent=29155"}],"wp:term":[{"taxonomy":"category","embeddable":true,"href":"https:\/\/noticiasnoface.com.br\/index.php\/wp-json\/wp\/v2\/categories?post=29155"},{"taxonomy":"post_tag","embeddable":true,"href":"https:\/\/noticiasnoface.com.br\/index.php\/wp-json\/wp\/v2\/tags?post=29155"}],"curies":[{"name":"wp","href":"https:\/\/api.w.org\/{rel}","templated":true}]}}