{"id":29158,"date":"2025-08-06T21:12:13","date_gmt":"2025-08-07T00:12:13","guid":{"rendered":"https:\/\/noticiasnoface.com.br\/?p=29158"},"modified":"2025-08-06T21:12:13","modified_gmt":"2025-08-07T00:12:13","slug":"comunicadores-prestigiam-evento-na-camara-de-parnamirim","status":"publish","type":"post","link":"https:\/\/noticiasnoface.com.br\/index.php\/2025\/08\/06\/comunicadores-prestigiam-evento-na-camara-de-parnamirim\/","title":{"rendered":"Comunicadores prestigiam evento na C\u00e2mara de Parnamirim"},"content":{"rendered":"\n<figure class=\"wp-block-image size-large\"><img data-opt-id=734169551  fetchpriority=\"high\" decoding=\"async\" width=\"1024\" height=\"682\" src=\"https:\/\/mlbfrsat7ahr.i.optimole.com\/w:1024\/h:682\/q:mauto\/ig:avif\/https:\/\/noticiasnoface.com.br\/wp-content\/uploads\/2025\/08\/4c677a4e-af29-4c70-b6a7-0b2946d92f19-1.jpg\" class=\"wp-image-29157\" srcset=\"https:\/\/mlbfrsat7ahr.i.optimole.com\/w:1024\/h:682\/q:mauto\/ig:avif\/https:\/\/noticiasnoface.com.br\/wp-content\/uploads\/2025\/08\/4c677a4e-af29-4c70-b6a7-0b2946d92f19-1.jpg 1024w, https:\/\/mlbfrsat7ahr.i.optimole.com\/w:300\/h:200\/q:mauto\/ig:avif\/https:\/\/noticiasnoface.com.br\/wp-content\/uploads\/2025\/08\/4c677a4e-af29-4c70-b6a7-0b2946d92f19-1.jpg 300w, https:\/\/mlbfrsat7ahr.i.optimole.com\/w:768\/h:512\/q:mauto\/ig:avif\/https:\/\/noticiasnoface.com.br\/wp-content\/uploads\/2025\/08\/4c677a4e-af29-4c70-b6a7-0b2946d92f19-1.jpg 768w, https:\/\/mlbfrsat7ahr.i.optimole.com\/w:1536\/h:1024\/q:mauto\/ig:avif\/https:\/\/noticiasnoface.com.br\/wp-content\/uploads\/2025\/08\/4c677a4e-af29-4c70-b6a7-0b2946d92f19-1.jpg 1536w, https:\/\/mlbfrsat7ahr.i.optimole.com\/w:1620\/h:1080\/q:mauto\/ig:avif\/https:\/\/noticiasnoface.com.br\/wp-content\/uploads\/2025\/08\/4c677a4e-af29-4c70-b6a7-0b2946d92f19-1.jpg 2000w\" sizes=\"(max-width: 1000px) 100vw, 1000px\" \/><\/figure>\n\n\n\n<p>Com o objetivo de fortalecer a rela\u00e7\u00e3o entre o Legislativo e os comunicadores da cidade, a C\u00e2mara Municipal de Parnamirim promoveu, na manh\u00e3 desta segunda-feira (14), o \u201cC\u00e2mara em Pauta: Encontro com Comunicadores de Parnamirim\u201d, primeiro evento focado na \u00e1rea realizado pela Casa. Na ocasi\u00e3o, estiveram presentes blogueiros, assessores de comunica\u00e7\u00e3o e profissionais da m\u00eddia local, que foram recebidos pelo presidente da Casa Legislativa, vereador Dr. C\u00e9sar Maia, e pelo Diretor de Comunica\u00e7\u00e3o Social, Gustavo Brendo. Tamb\u00e9m marcaram presen\u00e7a os vereadores Thiago Fernandes, Michael Borges, Serginho, Chic\u00e3o e Irani Guedes.<\/p>\n\n\n\n<p>O diretor de Comunica\u00e7\u00e3o, Gustavo Brendo, celebrou a oportunidade de promover esse encontro com os profissionais da \u00e1rea. \u201cAtrav\u00e9s dos ve\u00edculos de comunica\u00e7\u00e3o locais conseguimos expandir nossas pautas e falar com com o cidad\u00e3o parnamirinense. Esse evento \u00e9 um momento de confraterniza\u00e7\u00e3o, de networking e de mostrar nossos resultados neste primeiro semestre\u201d, afirma. Atualmente, o setor de comunica\u00e7\u00e3o \u00e9 o maior da Casa do Povo, abarcando a Assessoria de Comunica\u00e7\u00e3o, TV C\u00e2mara, Libras e Som e tem logrado n\u00fameros exitosos nas redes sociais oficiais.<\/p>\n\n\n\n<p>Para o presidente da Casa, vereador Dr. C\u00e9sar Maia, esses n\u00fameros refletem o interesse do povo com as pautas discutidas na C\u00e2mara. \u201cO que n\u00f3s temos feito na Ascom \u00e9 tentar desconstruir a imagem de que os pol\u00edticos est\u00e3o distantes da popula\u00e7\u00e3o e mostrar que n\u00f3s precisamos da participa\u00e7\u00e3o popular\u201d, declara.<\/p>\n\n\n\n<p>Para os participantes, o evento tamb\u00e9m foi de enorme ganho. O editor do Potiguar Not\u00edcias, Hiago Luis, parabenizou pela iniciativa e acrescentou que &#8220;o grande ponto deste encontro foi a import\u00e2ncia de construir e manter certa credibilidade, j\u00e1 que nosso compromisso \u00e9 fazer uma aproxima\u00e7\u00e3o entre o Legislativo e o povo&#8221;, assegura.<\/p>\n\n\n\n<p>O evento tamb\u00e9m teve a finalidade de valorizar o trabalho desses agentes da m\u00eddia e ressaltar o compromisso da C\u00e2mara com a transpar\u00eancia. &#8220;O trabalho do jornalista tem como princ\u00edpio a transforma\u00e7\u00e3o social, e quando alinhado com a C\u00e2mara, que \u00e9 a Casa do Povo, esse trabalho tende a ser mais eficiente&#8221;, disse o jornalista Willien Moura do Jornal Di\u00e1rio Potiguar.<\/p>\n\n\n\n<p><em>Palestra e participa\u00e7\u00e3o<\/em><\/p>\n\n\n\n<p>Um dos destaques do evento foi a palestra da jornalista Anna Ruth Dantas: \u201cA responsabilidade do comunicador e a constru\u00e7\u00e3o da cidadania\u201d. Para a jornalista, esse foi um momento importante para o debate sobre a comunica\u00e7\u00e3o p\u00fablica e a constru\u00e7\u00e3o da credibilidade de uma institui\u00e7\u00e3o p\u00fablica.<\/p>\n\n\n\n<p>Estiveram participando representantes de diversos ve\u00edculos, como Potiguar Not\u00edcias, Jornal Di\u00e1rio Potiguar, Blog do Gilson Moura, NoCast Podcast, Blog DuSouto, Blog Helo\u00edsa Macedo, Na Cophab, entre outros.<\/p>\n","protected":false},"excerpt":{"rendered":"<p>Com o objetivo de fortalecer a rela\u00e7\u00e3o entre o Legislativo e os comunicadores da cidade, a C\u00e2mara Municipal de Parnamirim [&hellip;]<\/p>\n","protected":false},"author":1,"featured_media":0,"comment_status":"closed","ping_status":"","sticky":false,"template":"","format":"image","meta":{"site-sidebar-layout":"default","site-content-layout":"","ast-site-content-layout":"default","site-content-style":"default","site-sidebar-style":"default","ast-global-header-display":"","ast-banner-title-visibility":"","ast-main-header-display":"","ast-hfb-above-header-display":"","ast-hfb-below-header-display":"","ast-hfb-mobile-header-display":"","site-post-title":"","ast-breadcrumbs-content":"","ast-featured-img":"","footer-sml-layout":"","ast-disable-related-posts":"","theme-transparent-header-meta":"","adv-header-id-meta":"","stick-header-meta":"","header-above-stick-meta":"","header-main-stick-meta":"","header-below-stick-meta":"","astra-migrate-meta-layouts":"default","ast-page-background-enabled":"default","ast-page-background-meta":{"desktop":{"background-color":"var(--ast-global-color-4)","background-image":"","background-repeat":"repeat","background-position":"center center","background-size":"auto","background-attachment":"scroll","background-type":"","background-media":"","overlay-type":"","overlay-color":"","overlay-opacity":"","overlay-gradient":""},"tablet":{"background-color":"","background-image":"","background-repeat":"repeat","background-position":"center center","background-size":"auto","background-attachment":"scroll","background-type":"","background-media":"","overlay-type":"","overlay-color":"","overlay-opacity":"","overlay-gradient":""},"mobile":{"background-color":"","background-image":"","background-repeat":"repeat","background-position":"center center","background-size":"auto","background-attachment":"scroll","background-type":"","background-media":"","overlay-type":"","overlay-color":"","overlay-opacity":"","overlay-gradient":""}},"ast-content-background-meta":{"desktop":{"background-color":"var(--ast-global-color-5)","background-image":"","background-repeat":"repeat","background-position":"center center","background-size":"auto","background-attachment":"scroll","background-type":"","background-media":"","overlay-type":"","overlay-color":"","overlay-opacity":"","overlay-gradient":""},"tablet":{"background-color":"var(--ast-global-color-5)","background-image":"","background-repeat":"repeat","background-position":"center center","background-size":"auto","background-attachment":"scroll","background-type":"","background-media":"","overlay-type":"","overlay-color":"","overlay-opacity":"","overlay-gradient":""},"mobile":{"background-color":"var(--ast-global-color-5)","background-image":"","background-repeat":"repeat","background-position":"center center","background-size":"auto","background-attachment":"scroll","background-type":"","background-media":"","overlay-type":"","overlay-color":"","overlay-opacity":"","overlay-gradient":""}},"footnotes":""},"categories":[3817],"tags":[],"class_list":["post-29158","post","type-post","status-publish","format-image","hentry","category-camara-municipal-de-parnamirim","post_format-post-format-image"],"_links":{"self":[{"href":"https:\/\/noticiasnoface.com.br\/index.php\/wp-json\/wp\/v2\/posts\/29158","targetHints":{"allow":["GET"]}}],"collection":[{"href":"https:\/\/noticiasnoface.com.br\/index.php\/wp-json\/wp\/v2\/posts"}],"about":[{"href":"https:\/\/noticiasnoface.com.br\/index.php\/wp-json\/wp\/v2\/types\/post"}],"author":[{"embeddable":true,"href":"https:\/\/noticiasnoface.com.br\/index.php\/wp-json\/wp\/v2\/users\/1"}],"replies":[{"embeddable":true,"href":"https:\/\/noticiasnoface.com.br\/index.php\/wp-json\/wp\/v2\/comments?post=29158"}],"version-history":[{"count":1,"href":"https:\/\/noticiasnoface.com.br\/index.php\/wp-json\/wp\/v2\/posts\/29158\/revisions"}],"predecessor-version":[{"id":29159,"href":"https:\/\/noticiasnoface.com.br\/index.php\/wp-json\/wp\/v2\/posts\/29158\/revisions\/29159"}],"wp:attachment":[{"href":"https:\/\/noticiasnoface.com.br\/index.php\/wp-json\/wp\/v2\/media?parent=29158"}],"wp:term":[{"taxonomy":"category","embeddable":true,"href":"https:\/\/noticiasnoface.com.br\/index.php\/wp-json\/wp\/v2\/categories?post=29158"},{"taxonomy":"post_tag","embeddable":true,"href":"https:\/\/noticiasnoface.com.br\/index.php\/wp-json\/wp\/v2\/tags?post=29158"}],"curies":[{"name":"wp","href":"https:\/\/api.w.org\/{rel}","templated":true}]}}