{"id":29169,"date":"2025-08-06T21:18:42","date_gmt":"2025-08-07T00:18:42","guid":{"rendered":"https:\/\/noticiasnoface.com.br\/?p=29169"},"modified":"2025-08-06T21:18:42","modified_gmt":"2025-08-07T00:18:42","slug":"prefeitura-de-sp-entra-na-justica-contra-renovacao-da-concessao-da-enel","status":"publish","type":"post","link":"https:\/\/noticiasnoface.com.br\/index.php\/2025\/08\/06\/prefeitura-de-sp-entra-na-justica-contra-renovacao-da-concessao-da-enel\/","title":{"rendered":"Prefeitura de SP entra na Justi\u00e7a contra renova\u00e7\u00e3o da concess\u00e3o da Enel"},"content":{"rendered":"\n<h2 class=\"wp-block-heading subhead\">Concession\u00e1ria afirma que aumentou funcion\u00e1rios, poda de \u00e1rvores e fez investimento recorde na regi\u00e3o, por conta das mudan\u00e7as clim\u00e1ticas<\/h2>\n\n\n\n<p>06\/08\/25 \u00e0s 21:05&nbsp;|&nbsp;Atualizado&nbsp;06\/08\/25 \u00e0s 21:05<\/p>\n\n\n\n<figure class=\"wp-block-image\"><img data-opt-id=919307719  fetchpriority=\"high\" decoding=\"async\" src=\"https:\/\/admin.cnnbrasil.com.br\/wp-content\/uploads\/sites\/12\/2022\/09\/energia-eletrica.jpg?w=419&amp;h=283&amp;crop=0\" alt=\"\"\/><figcaption class=\"wp-element-caption\">Funcion\u00e1rio da Enel trabalhando. Imagem ilustrativa&nbsp; \u2022&nbsp;Rovena Rosa\/Ag\u00eancia Brasil<\/figcaption><\/figure>\n\n\n\n<p><\/p>\n\n\n\n<p>A Prefeitura de S\u00e3o Paulo entrou com uma a\u00e7\u00e3o na Justi\u00e7a Federal para impedir a antecipa\u00e7\u00e3o da renova\u00e7\u00e3o do contrato de concess\u00e3o de energia el\u00e9trica com a Enel, nesta quarta-feira (6). O munic\u00edpio busca que o Governo Federal, respons\u00e1vel pela concess\u00e3o, e a Ag\u00eancia Nacional de Energia El\u00e9trica (Aneel), considerem a nova&nbsp; realidade da cidade \u2014 impactada pelas mudan\u00e7as clim\u00e1ticas \u2014 antes da renova\u00e7\u00e3o dos servi\u00e7os que se encerram em 2028.<\/p>\n\n\n\n<p>Em meio aos eventos clim\u00e1ticos cada vez mais comuns na cidade, o texto do \u00f3rg\u00e3o municipal pede um plano de conting\u00eancia espec\u00edfico e eficaz, &#8220;com metas claras de atendimento e puni\u00e7\u00f5es em caso de descumprimento&#8221; e que sejam \u201cprofundamente reformulados os crit\u00e9rios de avalia\u00e7\u00e3o da qualidade e da adequa\u00e7\u00e3o dos servi\u00e7os prestados,&nbsp;<a href=\"https:\/\/www.cnnbrasil.com.br\/nacional\/justica-da-24h-para-enel-restabelecer-energia-em-sao-paulo\/\" target=\"_blank\" rel=\"noopener\">diante do hist\u00f3rico de falhas graves no fornecimento de energia<\/a>\u201d.<\/p>\n\n\n\n<blockquote class=\"wp-block-quote is-layout-flow wp-block-quote-is-layout-flow\">\n<p>Se em 2028 eles melhorarem o servi\u00e7o, acho que talvez possa se falar em renova\u00e7\u00e3o. Hoje n\u00e3o d\u00e1 para aceitar, a popula\u00e7\u00e3o de S\u00e3o Paulo n\u00e3o aceita, \u00e9 uma empresa que n\u00e3o tem responsabilidade, que presta um mau servi\u00e7o aqui para a cidade de S\u00e3o Paulo e para os demais 23 munic\u00edpios da Regi\u00e3o MetropolitanaRicardo Nunes (MDB), prefeito de S\u00e3o Paulo<\/p>\n<\/blockquote>\n\n\n\n<p>O \u00f3rg\u00e3o municipal pede a revis\u00e3o dos crit\u00e9rios t\u00e9cnicos, operacionais e ambientais de avalia\u00e7\u00e3o da concession\u00e1ria, que substitui a &nbsp;Eletropaulo, em 2018. Em nota \u00e0&nbsp;<strong>CNN<\/strong>, a Enel afirma que cumpre com os indicadores previstos no contrato de concess\u00e3o e tem realizado uma s\u00e9rie de melhorias para aprimorar de forma cont\u00ednua o servi\u00e7o prestado.<\/p>\n\n\n\n<p>&#8220;Com o refor\u00e7o estrutural do plano operacional, que incluiu a contrata\u00e7\u00e3o de 1.200 novos eletricistas, de novembro a mar\u00e7o, a Enel reduziu em 50% o tempo m\u00e9dio de atendimento (TMA),&nbsp;<a href=\"https:\/\/www.cnnbrasil.com.br\/economia\/macroeconomia\/enel-sao-paulo-melhorou-desempenho-apos-problemas-diz-aneel\/\" target=\"_blank\" rel=\"noopener\">registrando o melhor indicador dos \u00faltimos anos<\/a>&#8220;, afirma a Enel.<\/p>\n\n\n\n<p>A Enel tamb\u00e9m afirma que realizou mais de 600 mil podas, o dobro do realizado em 2023, e mais 370 mil podas neste ano. De 2025 a 2027, a companhia&nbsp; diz que est\u00e1 investindo R$10,4 bilh\u00f5es, montante recorde para a regi\u00e3o.<\/p>\n\n\n\n<p>Desde o fim de 2023, a Prefeitura de S\u00e3o Paulo tem adotado medidas contra a concession\u00e1ria Enel devido a apag\u00f5es frequentes, descumprimento de ordens judiciais e falhas no atendimento \u00e0 popula\u00e7\u00e3o. Foram enviados of\u00edcios ao Tribunal de Contas da Uni\u00e3o, \u00e0 Aneel e ao Procon, cobrando maior fiscaliza\u00e7\u00e3o, multas e at\u00e9 o cancelamento do contrato da empresa.<\/p>\n\n\n\n<p>O prefeito Ricardo Nunes (MDB) tamb\u00e9m busca apoio federal para aumentar a autonomia dos munic\u00edpios na fiscaliza\u00e7\u00e3o das concession\u00e1rias.<\/p>\n","protected":false},"excerpt":{"rendered":"<p>Concession\u00e1ria afirma que aumentou funcion\u00e1rios, poda de \u00e1rvores e fez investimento recorde na regi\u00e3o, por conta das mudan\u00e7as clim\u00e1ticas 06\/08\/25 [&hellip;]<\/p>\n","protected":false},"author":1,"featured_media":0,"comment_status":"closed","ping_status":"","sticky":false,"template":"","format":"image","meta":{"site-sidebar-layout":"default","site-content-layout":"","ast-site-content-layout":"default","site-content-style":"default","site-sidebar-style":"default","ast-global-header-display":"","ast-banner-title-visibility":"","ast-main-header-display":"","ast-hfb-above-header-display":"","ast-hfb-below-header-display":"","ast-hfb-mobile-header-display":"","site-post-title":"","ast-breadcrumbs-content":"","ast-featured-img":"","footer-sml-layout":"","ast-disable-related-posts":"","theme-transparent-header-meta":"","adv-header-id-meta":"","stick-header-meta":"","header-above-stick-meta":"","header-main-stick-meta":"","header-below-stick-meta":"","astra-migrate-meta-layouts":"default","ast-page-background-enabled":"default","ast-page-background-meta":{"desktop":{"background-color":"var(--ast-global-color-4)","background-image":"","background-repeat":"repeat","background-position":"center center","background-size":"auto","background-attachment":"scroll","background-type":"","background-media":"","overlay-type":"","overlay-color":"","overlay-opacity":"","overlay-gradient":""},"tablet":{"background-color":"","background-image":"","background-repeat":"repeat","background-position":"center center","background-size":"auto","background-attachment":"scroll","background-type":"","background-media":"","overlay-type":"","overlay-color":"","overlay-opacity":"","overlay-gradient":""},"mobile":{"background-color":"","background-image":"","background-repeat":"repeat","background-position":"center center","background-size":"auto","background-attachment":"scroll","background-type":"","background-media":"","overlay-type":"","overlay-color":"","overlay-opacity":"","overlay-gradient":""}},"ast-content-background-meta":{"desktop":{"background-color":"var(--ast-global-color-5)","background-image":"","background-repeat":"repeat","background-position":"center center","background-size":"auto","background-attachment":"scroll","background-type":"","background-media":"","overlay-type":"","overlay-color":"","overlay-opacity":"","overlay-gradient":""},"tablet":{"background-color":"var(--ast-global-color-5)","background-image":"","background-repeat":"repeat","background-position":"center center","background-size":"auto","background-attachment":"scroll","background-type":"","background-media":"","overlay-type":"","overlay-color":"","overlay-opacity":"","overlay-gradient":""},"mobile":{"background-color":"var(--ast-global-color-5)","background-image":"","background-repeat":"repeat","background-position":"center center","background-size":"auto","background-attachment":"scroll","background-type":"","background-media":"","overlay-type":"","overlay-color":"","overlay-opacity":"","overlay-gradient":""}},"footnotes":""},"categories":[517],"tags":[],"class_list":["post-29169","post","type-post","status-publish","format-image","hentry","category-aconteceu","post_format-post-format-image"],"_links":{"self":[{"href":"https:\/\/noticiasnoface.com.br\/index.php\/wp-json\/wp\/v2\/posts\/29169","targetHints":{"allow":["GET"]}}],"collection":[{"href":"https:\/\/noticiasnoface.com.br\/index.php\/wp-json\/wp\/v2\/posts"}],"about":[{"href":"https:\/\/noticiasnoface.com.br\/index.php\/wp-json\/wp\/v2\/types\/post"}],"author":[{"embeddable":true,"href":"https:\/\/noticiasnoface.com.br\/index.php\/wp-json\/wp\/v2\/users\/1"}],"replies":[{"embeddable":true,"href":"https:\/\/noticiasnoface.com.br\/index.php\/wp-json\/wp\/v2\/comments?post=29169"}],"version-history":[{"count":1,"href":"https:\/\/noticiasnoface.com.br\/index.php\/wp-json\/wp\/v2\/posts\/29169\/revisions"}],"predecessor-version":[{"id":29170,"href":"https:\/\/noticiasnoface.com.br\/index.php\/wp-json\/wp\/v2\/posts\/29169\/revisions\/29170"}],"wp:attachment":[{"href":"https:\/\/noticiasnoface.com.br\/index.php\/wp-json\/wp\/v2\/media?parent=29169"}],"wp:term":[{"taxonomy":"category","embeddable":true,"href":"https:\/\/noticiasnoface.com.br\/index.php\/wp-json\/wp\/v2\/categories?post=29169"},{"taxonomy":"post_tag","embeddable":true,"href":"https:\/\/noticiasnoface.com.br\/index.php\/wp-json\/wp\/v2\/tags?post=29169"}],"curies":[{"name":"wp","href":"https:\/\/api.w.org\/{rel}","templated":true}]}}