{"id":29176,"date":"2025-08-07T21:37:24","date_gmt":"2025-08-08T00:37:24","guid":{"rendered":"https:\/\/noticiasnoface.com.br\/?p=29176"},"modified":"2025-08-07T21:37:24","modified_gmt":"2025-08-08T00:37:24","slug":"extremoz-encerra-ciclo-de-oficinas-do-rota-22-na-regiao-metropolitana","status":"publish","type":"post","link":"https:\/\/noticiasnoface.com.br\/index.php\/2025\/08\/07\/extremoz-encerra-ciclo-de-oficinas-do-rota-22-na-regiao-metropolitana\/","title":{"rendered":"Extremoz encerra ciclo de oficinas do Rota 22 na regi\u00e3o Metropolitana"},"content":{"rendered":"\n<figure class=\"wp-block-image size-large\"><img data-opt-id=729662832  fetchpriority=\"high\" decoding=\"async\" width=\"682\" height=\"1024\" src=\"https:\/\/mlbfrsat7ahr.i.optimole.com\/w:682\/h:1024\/q:mauto\/ig:avif\/https:\/\/noticiasnoface.com.br\/wp-content\/uploads\/2025\/08\/e6525bdf-c0a5-4e31-807e-b51423655c33-1.jpg\" class=\"wp-image-29174\" srcset=\"https:\/\/mlbfrsat7ahr.i.optimole.com\/w:682\/h:1024\/q:mauto\/ig:avif\/https:\/\/noticiasnoface.com.br\/wp-content\/uploads\/2025\/08\/e6525bdf-c0a5-4e31-807e-b51423655c33-1.jpg 682w, https:\/\/mlbfrsat7ahr.i.optimole.com\/w:200\/h:300\/q:mauto\/ig:avif\/https:\/\/noticiasnoface.com.br\/wp-content\/uploads\/2025\/08\/e6525bdf-c0a5-4e31-807e-b51423655c33-1.jpg 200w, https:\/\/mlbfrsat7ahr.i.optimole.com\/w:719\/h:1080\/q:mauto\/ig:avif\/https:\/\/noticiasnoface.com.br\/wp-content\/uploads\/2025\/08\/e6525bdf-c0a5-4e31-807e-b51423655c33-1.jpg 768w, https:\/\/mlbfrsat7ahr.i.optimole.com\/w:719\/h:1080\/q:mauto\/ig:avif\/https:\/\/noticiasnoface.com.br\/wp-content\/uploads\/2025\/08\/e6525bdf-c0a5-4e31-807e-b51423655c33-1.jpg 1023w, https:\/\/mlbfrsat7ahr.i.optimole.com\/w:719\/h:1080\/q:mauto\/ig:avif\/https:\/\/noticiasnoface.com.br\/wp-content\/uploads\/2025\/08\/e6525bdf-c0a5-4e31-807e-b51423655c33-1.jpg 1066w\" sizes=\"(max-width: 682px) 100vw, 682px\" \/><\/figure>\n\n\n\n<p>Ao percorrer o Rio Grande do Norte com o objetivo de fortalecer a organiza\u00e7\u00e3o partid\u00e1ria e promover o alinhamento pol\u00edtico de suas lideran\u00e7as, o projeto Rota 22, iniciativa do Partido Liberal (PL), em parceria com o instituto \u00c1lvaro Valle, promoveu uma oficina em Extremoz nesta quinta-feira (7). A pr\u00f3xima agenda do Rota 22 ser\u00e1 o Semin\u00e1rio da Regi\u00e3o Metropolitana, em Natal, no dia 16 de agosto, no Olimpo Recep\u00e7\u00f5es. Se inscreva em www.plrota22.com.br.<\/p>\n\n\n\n<p>A prefeita de Extremoz, Jussara Sales (PL), durante a abertura do evento, foi enf\u00e1tica: &#8220;A cidade de Extremoz \u00e9 comprometida com quem tem compromisso com ela. E todos os dias eu re\u00fano minha equipe para dizer a eles quem tem compromisso com Extremoz. N\u00f3s vamos gritar por quem ajuda o nosso povo&#8221;, disse a gestora referindo-se \u00e0s lideran\u00e7a do PL.<\/p>\n\n\n\n<figure class=\"wp-block-image size-large\"><img data-opt-id=735442521  fetchpriority=\"high\" decoding=\"async\" src=\"file:\/\/\/private\/var\/mobile\/Containers\/Data\/Application\/2B5F0EFA-9CD2-46DC-A2DC-74FE2949AB0E\/tmp\/org.automattic.MediaImageServiceSymlinks\/thumbnail-655e73e7-83b9-4cfe-a275-7438e2dc9eac-1024x1537.jpeg\" class=\"wp-image-976010829\"\/><\/figure>\n\n\n\n<p>O presidente municipal do PL em Natal, Coronel H\u00e9lio, demonstrou ao p\u00fablico presente que todos s\u00e3o a mola propulsora da regi\u00e3o. &#8220;A voz que propaga, impulsiona e faz crescer&#8221;, ressaltou. O empres\u00e1rio Paulo de Paula, ex-chanceler da UnP, foi um dos palestrantes em Extremoz. Paula de Paula diz que o foco reside na supera\u00e7\u00e3o e na resili\u00eancia. Ele enfatiza a import\u00e2ncia de tomar decis\u00f5es, mesmo diante da adversidade, e de seguir em frente.<\/p>\n\n\n\n<p>Idealizado pelo senador Rog\u00e9rio Marinho (PL-RN), o Rota 22 j\u00e1 passou por diversas regi\u00f5es do estado \u2014 como o Serid\u00f3, Alto Oeste, Mato Grande, Trair\u00ed, Agreste e Potengi \u2014 reunindo prefeitos, vereadores, lideran\u00e7as comunit\u00e1rias, filiados e apoiadores em encontros regionais que debatem os desafios locais e as perspectivas para 2026.<\/p>\n\n\n\n<p>Fique conectado com o Rota 22 \u2014 acesse o site plrota22.com.br e confira quando o projeto passar\u00e1 por sua regi\u00e3o. Mais informa\u00e7\u00f5es tamb\u00e9m est\u00e3o dispon\u00edveis nas redes sociais, pelos perfis @pl22rn e @plnacional22, e no canal de WhatsApp do Rota 22 no Rio Grande do Norte: canal.plrota22.com.br.<\/p>\n","protected":false},"excerpt":{"rendered":"<p>Ao percorrer o Rio Grande do Norte com o objetivo de fortalecer a organiza\u00e7\u00e3o partid\u00e1ria e promover o alinhamento pol\u00edtico [&hellip;]<\/p>\n","protected":false},"author":1,"featured_media":0,"comment_status":"closed","ping_status":"","sticky":false,"template":"","format":"image","meta":{"site-sidebar-layout":"default","site-content-layout":"","ast-site-content-layout":"default","site-content-style":"default","site-sidebar-style":"default","ast-global-header-display":"","ast-banner-title-visibility":"","ast-main-header-display":"","ast-hfb-above-header-display":"","ast-hfb-below-header-display":"","ast-hfb-mobile-header-display":"","site-post-title":"","ast-breadcrumbs-content":"","ast-featured-img":"","footer-sml-layout":"","ast-disable-related-posts":"","theme-transparent-header-meta":"","adv-header-id-meta":"","stick-header-meta":"","header-above-stick-meta":"","header-main-stick-meta":"","header-below-stick-meta":"","astra-migrate-meta-layouts":"default","ast-page-background-enabled":"default","ast-page-background-meta":{"desktop":{"background-color":"var(--ast-global-color-4)","background-image":"","background-repeat":"repeat","background-position":"center center","background-size":"auto","background-attachment":"scroll","background-type":"","background-media":"","overlay-type":"","overlay-color":"","overlay-opacity":"","overlay-gradient":""},"tablet":{"background-color":"","background-image":"","background-repeat":"repeat","background-position":"center center","background-size":"auto","background-attachment":"scroll","background-type":"","background-media":"","overlay-type":"","overlay-color":"","overlay-opacity":"","overlay-gradient":""},"mobile":{"background-color":"","background-image":"","background-repeat":"repeat","background-position":"center center","background-size":"auto","background-attachment":"scroll","background-type":"","background-media":"","overlay-type":"","overlay-color":"","overlay-opacity":"","overlay-gradient":""}},"ast-content-background-meta":{"desktop":{"background-color":"var(--ast-global-color-5)","background-image":"","background-repeat":"repeat","background-position":"center center","background-size":"auto","background-attachment":"scroll","background-type":"","background-media":"","overlay-type":"","overlay-color":"","overlay-opacity":"","overlay-gradient":""},"tablet":{"background-color":"var(--ast-global-color-5)","background-image":"","background-repeat":"repeat","background-position":"center center","background-size":"auto","background-attachment":"scroll","background-type":"","background-media":"","overlay-type":"","overlay-color":"","overlay-opacity":"","overlay-gradient":""},"mobile":{"background-color":"var(--ast-global-color-5)","background-image":"","background-repeat":"repeat","background-position":"center center","background-size":"auto","background-attachment":"scroll","background-type":"","background-media":"","overlay-type":"","overlay-color":"","overlay-opacity":"","overlay-gradient":""}},"footnotes":""},"categories":[517],"tags":[],"class_list":["post-29176","post","type-post","status-publish","format-image","hentry","category-aconteceu","post_format-post-format-image"],"_links":{"self":[{"href":"https:\/\/noticiasnoface.com.br\/index.php\/wp-json\/wp\/v2\/posts\/29176","targetHints":{"allow":["GET"]}}],"collection":[{"href":"https:\/\/noticiasnoface.com.br\/index.php\/wp-json\/wp\/v2\/posts"}],"about":[{"href":"https:\/\/noticiasnoface.com.br\/index.php\/wp-json\/wp\/v2\/types\/post"}],"author":[{"embeddable":true,"href":"https:\/\/noticiasnoface.com.br\/index.php\/wp-json\/wp\/v2\/users\/1"}],"replies":[{"embeddable":true,"href":"https:\/\/noticiasnoface.com.br\/index.php\/wp-json\/wp\/v2\/comments?post=29176"}],"version-history":[{"count":1,"href":"https:\/\/noticiasnoface.com.br\/index.php\/wp-json\/wp\/v2\/posts\/29176\/revisions"}],"predecessor-version":[{"id":29177,"href":"https:\/\/noticiasnoface.com.br\/index.php\/wp-json\/wp\/v2\/posts\/29176\/revisions\/29177"}],"wp:attachment":[{"href":"https:\/\/noticiasnoface.com.br\/index.php\/wp-json\/wp\/v2\/media?parent=29176"}],"wp:term":[{"taxonomy":"category","embeddable":true,"href":"https:\/\/noticiasnoface.com.br\/index.php\/wp-json\/wp\/v2\/categories?post=29176"},{"taxonomy":"post_tag","embeddable":true,"href":"https:\/\/noticiasnoface.com.br\/index.php\/wp-json\/wp\/v2\/tags?post=29176"}],"curies":[{"name":"wp","href":"https:\/\/api.w.org\/{rel}","templated":true}]}}