{"id":29179,"date":"2025-08-07T21:38:30","date_gmt":"2025-08-08T00:38:30","guid":{"rendered":"https:\/\/noticiasnoface.com.br\/?p=29179"},"modified":"2025-08-07T21:38:30","modified_gmt":"2025-08-08T00:38:30","slug":"camara-de-parnamirim-promovera-sessao-solene-de-homenagem-ao-america-fc","status":"publish","type":"post","link":"https:\/\/noticiasnoface.com.br\/index.php\/2025\/08\/07\/camara-de-parnamirim-promovera-sessao-solene-de-homenagem-ao-america-fc\/","title":{"rendered":"C\u00e2mara de Parnamirim promover\u00e1 sess\u00e3o solene de homenagem ao Am\u00e9rica FC"},"content":{"rendered":"\n<figure class=\"wp-block-image size-large\"><img data-opt-id=1021438151  fetchpriority=\"high\" decoding=\"async\" width=\"819\" height=\"1024\" src=\"https:\/\/mlbfrsat7ahr.i.optimole.com\/w:819\/h:1024\/q:mauto\/ig:avif\/https:\/\/noticiasnoface.com.br\/wp-content\/uploads\/2025\/08\/f1152cc3-b47a-4c0d-b11c-d1b56a1c9e8d-1.jpg\" class=\"wp-image-29178\" srcset=\"https:\/\/mlbfrsat7ahr.i.optimole.com\/w:819\/h:1024\/q:mauto\/ig:avif\/https:\/\/noticiasnoface.com.br\/wp-content\/uploads\/2025\/08\/f1152cc3-b47a-4c0d-b11c-d1b56a1c9e8d-1.jpg 819w, https:\/\/mlbfrsat7ahr.i.optimole.com\/w:240\/h:300\/q:mauto\/ig:avif\/https:\/\/noticiasnoface.com.br\/wp-content\/uploads\/2025\/08\/f1152cc3-b47a-4c0d-b11c-d1b56a1c9e8d-1.jpg 240w, https:\/\/mlbfrsat7ahr.i.optimole.com\/w:768\/h:960\/q:mauto\/ig:avif\/https:\/\/noticiasnoface.com.br\/wp-content\/uploads\/2025\/08\/f1152cc3-b47a-4c0d-b11c-d1b56a1c9e8d-1.jpg 768w, https:\/\/mlbfrsat7ahr.i.optimole.com\/w:832\/h:1040\/q:mauto\/ig:avif\/https:\/\/noticiasnoface.com.br\/wp-content\/uploads\/2025\/08\/f1152cc3-b47a-4c0d-b11c-d1b56a1c9e8d-1.jpg 832w\" sizes=\"(max-width: 819px) 100vw, 819px\" \/><\/figure>\n\n\n\n<p>No ano em que o Am\u00e9rica Futebol Clube completa 110 anos, a C\u00e2mara de Parnamirim, por proposi\u00e7\u00e3o do vereador Gabriel C\u00e9sar, vai realizar uma sess\u00e3o solene para homenagear o time potiguar. O evento ocorre no dia 07 de agosto, \u00e0s 18h no plen\u00e1rio Dr. M\u00e1rio Medeiros.<\/p>\n\n\n\n<p>Para a celebra\u00e7\u00e3o, foram convidados a torcida e os atletas do Am\u00e9rica FC, o presidente do time, Hermano Moraes e o presidente da Sociedade An\u00f4nima de Futebol (SAF), Vitor Arteiro.<\/p>\n\n\n\n<p>A homenagem visa destacar o legado centen\u00e1rio do clube fundado em 1915, reconhecendo sua import\u00e2ncia n\u00e3o apenas no cen\u00e1rio esportivo, mas tamb\u00e9m como um elemento cultural e social que une milhares de potiguares em torno da paix\u00e3o rubra. A cerim\u00f4nia ser\u00e1 aberta ao p\u00fablico e a todos que desejam prestigiar essa justa homenagem ao clube que faz vibrar o cora\u00e7\u00e3o rubro dos norte-rio-grandenses.<\/p>\n\n\n\n<p><em>SERVI\u00c7O<\/em><br \/><em>O QU\u00ca:<\/em> Sess\u00e3o solene em homenagem ao Am\u00e9rica Futebol Clube<br \/><em>QUANDO:<\/em> Quinta-feira, 7 de agosto \u00e0s 18h<br \/><em>ONDE:<\/em> Plen\u00e1rio Dr. M\u00e1rio Medeiros, na C\u00e2mara Municipal de Parnamirim<\/p>\n","protected":false},"excerpt":{"rendered":"<p>No ano em que o Am\u00e9rica Futebol Clube completa 110 anos, a C\u00e2mara de Parnamirim, por proposi\u00e7\u00e3o do vereador Gabriel [&hellip;]<\/p>\n","protected":false},"author":1,"featured_media":0,"comment_status":"closed","ping_status":"","sticky":false,"template":"","format":"image","meta":{"site-sidebar-layout":"default","site-content-layout":"","ast-site-content-layout":"default","site-content-style":"default","site-sidebar-style":"default","ast-global-header-display":"","ast-banner-title-visibility":"","ast-main-header-display":"","ast-hfb-above-header-display":"","ast-hfb-below-header-display":"","ast-hfb-mobile-header-display":"","site-post-title":"","ast-breadcrumbs-content":"","ast-featured-img":"","footer-sml-layout":"","ast-disable-related-posts":"","theme-transparent-header-meta":"","adv-header-id-meta":"","stick-header-meta":"","header-above-stick-meta":"","header-main-stick-meta":"","header-below-stick-meta":"","astra-migrate-meta-layouts":"default","ast-page-background-enabled":"default","ast-page-background-meta":{"desktop":{"background-color":"var(--ast-global-color-4)","background-image":"","background-repeat":"repeat","background-position":"center center","background-size":"auto","background-attachment":"scroll","background-type":"","background-media":"","overlay-type":"","overlay-color":"","overlay-opacity":"","overlay-gradient":""},"tablet":{"background-color":"","background-image":"","background-repeat":"repeat","background-position":"center center","background-size":"auto","background-attachment":"scroll","background-type":"","background-media":"","overlay-type":"","overlay-color":"","overlay-opacity":"","overlay-gradient":""},"mobile":{"background-color":"","background-image":"","background-repeat":"repeat","background-position":"center center","background-size":"auto","background-attachment":"scroll","background-type":"","background-media":"","overlay-type":"","overlay-color":"","overlay-opacity":"","overlay-gradient":""}},"ast-content-background-meta":{"desktop":{"background-color":"var(--ast-global-color-5)","background-image":"","background-repeat":"repeat","background-position":"center center","background-size":"auto","background-attachment":"scroll","background-type":"","background-media":"","overlay-type":"","overlay-color":"","overlay-opacity":"","overlay-gradient":""},"tablet":{"background-color":"var(--ast-global-color-5)","background-image":"","background-repeat":"repeat","background-position":"center center","background-size":"auto","background-attachment":"scroll","background-type":"","background-media":"","overlay-type":"","overlay-color":"","overlay-opacity":"","overlay-gradient":""},"mobile":{"background-color":"var(--ast-global-color-5)","background-image":"","background-repeat":"repeat","background-position":"center center","background-size":"auto","background-attachment":"scroll","background-type":"","background-media":"","overlay-type":"","overlay-color":"","overlay-opacity":"","overlay-gradient":""}},"footnotes":""},"categories":[3817],"tags":[],"class_list":["post-29179","post","type-post","status-publish","format-image","hentry","category-camara-municipal-de-parnamirim","post_format-post-format-image"],"_links":{"self":[{"href":"https:\/\/noticiasnoface.com.br\/index.php\/wp-json\/wp\/v2\/posts\/29179","targetHints":{"allow":["GET"]}}],"collection":[{"href":"https:\/\/noticiasnoface.com.br\/index.php\/wp-json\/wp\/v2\/posts"}],"about":[{"href":"https:\/\/noticiasnoface.com.br\/index.php\/wp-json\/wp\/v2\/types\/post"}],"author":[{"embeddable":true,"href":"https:\/\/noticiasnoface.com.br\/index.php\/wp-json\/wp\/v2\/users\/1"}],"replies":[{"embeddable":true,"href":"https:\/\/noticiasnoface.com.br\/index.php\/wp-json\/wp\/v2\/comments?post=29179"}],"version-history":[{"count":1,"href":"https:\/\/noticiasnoface.com.br\/index.php\/wp-json\/wp\/v2\/posts\/29179\/revisions"}],"predecessor-version":[{"id":29180,"href":"https:\/\/noticiasnoface.com.br\/index.php\/wp-json\/wp\/v2\/posts\/29179\/revisions\/29180"}],"wp:attachment":[{"href":"https:\/\/noticiasnoface.com.br\/index.php\/wp-json\/wp\/v2\/media?parent=29179"}],"wp:term":[{"taxonomy":"category","embeddable":true,"href":"https:\/\/noticiasnoface.com.br\/index.php\/wp-json\/wp\/v2\/categories?post=29179"},{"taxonomy":"post_tag","embeddable":true,"href":"https:\/\/noticiasnoface.com.br\/index.php\/wp-json\/wp\/v2\/tags?post=29179"}],"curies":[{"name":"wp","href":"https:\/\/api.w.org\/{rel}","templated":true}]}}