{"id":2919,"date":"2022-01-16T07:58:19","date_gmt":"2022-01-16T10:58:19","guid":{"rendered":"https:\/\/noticiasnoface.com.br\/?p=2919"},"modified":"2022-01-16T07:59:36","modified_gmt":"2022-01-16T10:59:36","slug":"fabio-faria-mode-on","status":"publish","type":"post","link":"https:\/\/noticiasnoface.com.br\/index.php\/2022\/01\/16\/fabio-faria-mode-on\/","title":{"rendered":"F\u00e1bio Faria parte para cima da governadora do RN!"},"content":{"rendered":"\n<figure class=\"wp-block-image size-large\"><img data-opt-id=1995832548  fetchpriority=\"high\" decoding=\"async\" width=\"1385\" height=\"1410\" src=\"https:\/\/mlbfrsat7ahr.i.optimole.com\/w:auto\/h:auto\/q:mauto\/ig:avif\/https:\/\/noticiasnoface.com.br\/wp-content\/uploads\/2022\/01\/image-15.jpg\" alt=\"\" class=\"wp-image-2918\" srcset=\"https:\/\/mlbfrsat7ahr.i.optimole.com\/w:1060\/h:1080\/q:mauto\/ig:avif\/https:\/\/noticiasnoface.com.br\/wp-content\/uploads\/2022\/01\/image-15.jpg 1385w, https:\/\/mlbfrsat7ahr.i.optimole.com\/w:295\/h:300\/q:mauto\/ig:avif\/https:\/\/noticiasnoface.com.br\/wp-content\/uploads\/2022\/01\/image-15.jpg 295w, https:\/\/mlbfrsat7ahr.i.optimole.com\/w:1006\/h:1024\/q:mauto\/ig:avif\/https:\/\/noticiasnoface.com.br\/wp-content\/uploads\/2022\/01\/image-15.jpg 1006w, https:\/\/mlbfrsat7ahr.i.optimole.com\/w:768\/h:782\/q:mauto\/ig:avif\/https:\/\/noticiasnoface.com.br\/wp-content\/uploads\/2022\/01\/image-15.jpg 768w\" sizes=\"(max-width: 1000px) 100vw, 1000px\" \/><figcaption>O ministro das Comunica\u00e7\u00f5es, F\u00e1bio Faria, fez cr\u00edticas ao governo F\u00e1tima Bezerra lembrando dos problemas encontrados diariamente na educa\u00e7\u00e3o, sa\u00fade e seguran\u00e7a.<br \/>Em entrevista \u00e0 Tribuna do Norte, F\u00e1bio Faria foi enf\u00e1tico nas cr\u00edticas \u00e0 governadora: \u201cDeixou as crian\u00e7as um ano e meio sem estudar. Ela \u00e9 professora. O Hospital Walfredo Gurgel \u00e9 um caos. Todo dia h\u00e1 assassinatos, mortes, explos\u00e3o de farm\u00e1cias. Vejo que o governo fechou as portas para o Brasil todo. N\u00e3o vejo ningu\u00e9m conversando com o Rio Grande do Norte\u201d, diz.<br \/>Ele ainda afirmou que tem, neste fim de semana e na segunda-feira, uma s\u00e9rie de conversas com lideran\u00e7as da oposi\u00e7\u00e3o ou que podem aderir a uma articula\u00e7\u00e3o contr\u00e1ria \u00e0 reelei\u00e7\u00e3o da governadora F\u00e1tima Bezerra. Nos di\u00e1logos, pretende fazer uma convoca\u00e7\u00e3o para a unidade em busca de um nome que agregue e unifique quem estiver disposto a integrar essa alian\u00e7a pol\u00edtica. \u201cEstou fazendo uma convoca\u00e7\u00e3o das oposi\u00e7\u00f5es a F\u00e1tima Bezerra no Estado para que a gente saia com um nome. Neste fim de semana, vou ter v\u00e1rias conversas, e na segunda-feira tamb\u00e9m, para que a gente possa buscar um nome\u201d, disse o ministro. Ele est\u00e1 convicto de que, com essa unidade, a oposi\u00e7\u00e3o ter\u00e1 possibilidade de sair vitoriosa na campanha eleitoral.<\/figcaption><\/figure>\n","protected":false},"excerpt":{"rendered":"","protected":false},"author":1,"featured_media":0,"comment_status":"open","ping_status":"open","sticky":false,"template":"","format":"standard","meta":{"site-sidebar-layout":"default","site-content-layout":"","ast-site-content-layout":"default","site-content-style":"default","site-sidebar-style":"default","ast-global-header-display":"","ast-banner-title-visibility":"","ast-main-header-display":"","ast-hfb-above-header-display":"","ast-hfb-below-header-display":"","ast-hfb-mobile-header-display":"","site-post-title":"","ast-breadcrumbs-content":"","ast-featured-img":"","footer-sml-layout":"","ast-disable-related-posts":"","theme-transparent-header-meta":"","adv-header-id-meta":"","stick-header-meta":"","header-above-stick-meta":"","header-main-stick-meta":"","header-below-stick-meta":"","astra-migrate-meta-layouts":"default","ast-page-background-enabled":"default","ast-page-background-meta":{"desktop":{"background-color":"var(--ast-global-color-4)","background-image":"","background-repeat":"repeat","background-position":"center center","background-size":"auto","background-attachment":"scroll","background-type":"","background-media":"","overlay-type":"","overlay-color":"","overlay-opacity":"","overlay-gradient":""},"tablet":{"background-color":"","background-image":"","background-repeat":"repeat","background-position":"center center","background-size":"auto","background-attachment":"scroll","background-type":"","background-media":"","overlay-type":"","overlay-color":"","overlay-opacity":"","overlay-gradient":""},"mobile":{"background-color":"","background-image":"","background-repeat":"repeat","background-position":"center center","background-size":"auto","background-attachment":"scroll","background-type":"","background-media":"","overlay-type":"","overlay-color":"","overlay-opacity":"","overlay-gradient":""}},"ast-content-background-meta":{"desktop":{"background-color":"var(--ast-global-color-5)","background-image":"","background-repeat":"repeat","background-position":"center center","background-size":"auto","background-attachment":"scroll","background-type":"","background-media":"","overlay-type":"","overlay-color":"","overlay-opacity":"","overlay-gradient":""},"tablet":{"background-color":"var(--ast-global-color-5)","background-image":"","background-repeat":"repeat","background-position":"center center","background-size":"auto","background-attachment":"scroll","background-type":"","background-media":"","overlay-type":"","overlay-color":"","overlay-opacity":"","overlay-gradient":""},"mobile":{"background-color":"var(--ast-global-color-5)","background-image":"","background-repeat":"repeat","background-position":"center center","background-size":"auto","background-attachment":"scroll","background-type":"","background-media":"","overlay-type":"","overlay-color":"","overlay-opacity":"","overlay-gradient":""}},"footnotes":""},"categories":[517],"tags":[],"class_list":["post-2919","post","type-post","status-publish","format-standard","hentry","category-aconteceu"],"_links":{"self":[{"href":"https:\/\/noticiasnoface.com.br\/index.php\/wp-json\/wp\/v2\/posts\/2919","targetHints":{"allow":["GET"]}}],"collection":[{"href":"https:\/\/noticiasnoface.com.br\/index.php\/wp-json\/wp\/v2\/posts"}],"about":[{"href":"https:\/\/noticiasnoface.com.br\/index.php\/wp-json\/wp\/v2\/types\/post"}],"author":[{"embeddable":true,"href":"https:\/\/noticiasnoface.com.br\/index.php\/wp-json\/wp\/v2\/users\/1"}],"replies":[{"embeddable":true,"href":"https:\/\/noticiasnoface.com.br\/index.php\/wp-json\/wp\/v2\/comments?post=2919"}],"version-history":[{"count":2,"href":"https:\/\/noticiasnoface.com.br\/index.php\/wp-json\/wp\/v2\/posts\/2919\/revisions"}],"predecessor-version":[{"id":2921,"href":"https:\/\/noticiasnoface.com.br\/index.php\/wp-json\/wp\/v2\/posts\/2919\/revisions\/2921"}],"wp:attachment":[{"href":"https:\/\/noticiasnoface.com.br\/index.php\/wp-json\/wp\/v2\/media?parent=2919"}],"wp:term":[{"taxonomy":"category","embeddable":true,"href":"https:\/\/noticiasnoface.com.br\/index.php\/wp-json\/wp\/v2\/categories?post=2919"},{"taxonomy":"post_tag","embeddable":true,"href":"https:\/\/noticiasnoface.com.br\/index.php\/wp-json\/wp\/v2\/tags?post=2919"}],"curies":[{"name":"wp","href":"https:\/\/api.w.org\/{rel}","templated":true}]}}