{"id":29206,"date":"2025-08-11T10:26:09","date_gmt":"2025-08-11T13:26:09","guid":{"rendered":"https:\/\/noticiasnoface.com.br\/?p=29206"},"modified":"2025-08-11T10:26:09","modified_gmt":"2025-08-11T13:26:09","slug":"tarifaco-veja-impactos-em-principais-setores-brasileiros-atingidos","status":"publish","type":"post","link":"https:\/\/noticiasnoface.com.br\/index.php\/2025\/08\/11\/tarifaco-veja-impactos-em-principais-setores-brasileiros-atingidos\/","title":{"rendered":"Tarifa\u00e7o: Veja impactos em principais setores brasileiros atingidos"},"content":{"rendered":"\n<h2 class=\"wp-block-heading subhead\">Com as taxas de 50% em vigor, exportadores de produtos como caf\u00e9 e madeira est\u00e3o entre os mais afetados<\/h2>\n\n\n\n<p>11\/08\/25 \u00e0s 10:15&nbsp;|&nbsp;Atualizado&nbsp;11\/08\/25 \u00e0s 10:15<\/p>\n\n\n\n<figure class=\"wp-block-image\"><img data-opt-id=165659078  fetchpriority=\"high\" decoding=\"async\" src=\"https:\/\/admin.cnnbrasil.com.br\/wp-content\/uploads\/sites\/12\/2021\/06\/16808_8354E737BB0DC5AC.jpg?w=419&amp;h=283&amp;crop=0\" alt=\"Exporta\u00e7\u00f5es; Cont\u00eaineres\"\/><figcaption class=\"wp-element-caption\">&nbsp; \u2022&nbsp;Foto: REUTERS\/Amanda Perobelli<\/figcaption><\/figure>\n\n\n\n<p><a href=\"https:\/\/www.cnnbrasil.com.br\/economia\/macroeconomia\/tarifaco-de-trump-aliquota-de-50-a-produtos-brasileiros-entra-em-vigor\/\" target=\"_blank\" rel=\"noopener\">O tarifa\u00e7o de Donald Trump sobre produtos brasileiros est\u00e1 em vigor,&nbsp;<\/a>mas os impactos da medida s\u00e3o sentidos apenas por alguns segmentos de exportadores do pa\u00eds.<\/p>\n\n\n\n<p>Enquanto algumas exporta\u00e7\u00f5es foram isentas das taxas do n\u00edvel mais alto, cerca de 55,4% das exporta\u00e7\u00f5es ainda encaram o teto tarif\u00e1rio imposto pelos EUA, segundo estimativas do Mdic (do Minist\u00e9rio do Desenvolvimento, Ind\u00fastria, Com\u00e9rcio e Servi\u00e7os).&nbsp;<\/p>\n\n\n\n<p>Dentre os produtos que ser\u00e3o sobretaxados, est\u00e3o algumas das principais exporta\u00e7\u00f5es do Brasil para os americanos. A&nbsp;<strong>CNN&nbsp;<\/strong>destaca alguns destes setores e os impactos estimados para cada um deles.<\/p>\n\n\n\n<p><strong>Caf\u00e9<\/strong><\/p>\n\n\n\n<p>O setor cafeeiro estima grandes perdas com a taxa\u00e7\u00e3o do produto, j\u00e1 que o Brasil ocupa o topo da lista de exportadores do gr\u00e3o para os EUA,&nbsp;<a href=\"https:\/\/www.cnnbrasil.com.br\/economia\/macroeconomia\/setor-de-cafe-ainda-espera-evitar-tarifa-via-lista-abrangente-de-excecoes\/\" target=\"_blank\" rel=\"noopener\">sendo respons\u00e1vel por aproximadamente 35% do caf\u00e9 consumido em territ\u00f3rio estadunidense.<\/a><\/p>\n\n\n\n<p>O maior destino do caf\u00e9 n\u00e3o torrado brasileiro foi os Estados Unidos, que importaram 16,7% do total vendido pelo pa\u00eds, no valor de US$ 1,9 bilh\u00e3o.<\/p>\n\n\n\n<p><a href=\"https:\/\/www.cnnbrasil.com.br\/economia\/macroeconomia\/vendas-de-cafe-em-mg-podem-cair-em-r-1-bi-com-tarifas-diz-vice-governador\/\" target=\"_blank\" rel=\"noopener\">Em entrevista ao&nbsp;<strong>CNN Money<\/strong><\/a><a href=\"https:\/\/www.cnnbrasil.com.br\/economia\/macroeconomia\/vendas-de-cafe-em-mg-podem-cair-em-r-1-bi-com-tarifas-diz-vice-governador\/\" target=\"_blank\" rel=\"noopener\">,<\/a>&nbsp;o vice-governador de Minas Gerais, Mateus Sim\u00f5es, estimou perda de R$ 1 bilh\u00e3o em vendas do produto s\u00f3 no estado mineiro.<\/p>\n\n\n\n<p>No entanto, o secret\u00e1rio de Com\u00e9rcio dos EUA,&nbsp;<a href=\"https:\/\/www.cnnbrasil.com.br\/economia\/macroeconomia\/eua-podem-isentar-cafe-cacau-e-outros-produtos-agricolas-diz-secretario\/\" target=\"_blank\" rel=\"noopener\">Howard Lutnick, j\u00e1 abriu a possibilidade de que o gr\u00e3o seja inclu\u00eddo em uma futura rodada de isen\u00e7\u00f5es.<\/a><\/p>\n\n\n\n<p><strong>Madeira<\/strong><\/p>\n\n\n\n<p>A madeira \u00e9 outro bem que deve ser fortemente impactado pela pol\u00edtica tarif\u00e1ria de Trump. Em 2024, os exportadores do produto comercializaram cerca de US$ 1,6 bilh\u00e3o ao mercado americano.&nbsp;<\/p>\n\n\n\n<p>Segundo a Abimci (Associa\u00e7\u00e3o Brasileira da Ind\u00fastria de Madeira Processada Mecanicamente), o volume &#8220;representa uma depend\u00eancia do mercado norte-americano de uma m\u00e9dia de 50% da produ\u00e7\u00e3o nacional&#8221;.<\/p>\n\n\n\n<p>Ainda em nota divulgada pela associa\u00e7\u00e3o no dia 18 de julho,&nbsp;<a href=\"https:\/\/www.cnnbrasil.com.br\/economia\/negocios\/setor-madeireiro-forca-ferias-e-projeta-demissoes-frente-a-tarifas-de-trump\/\" target=\"_blank\" rel=\"noopener\">o setor estaria enfrentando &#8220;o in\u00edcio de um colapso&#8221; com o tarifa\u00e7o.<\/a><\/p>\n\n\n\n<p>Efeitos sobre os madeireiros j\u00e1 vinham sendo sentidos durante o \u00faltimo m\u00eas, com empresas &#8220;sendo obrigadas a optar por f\u00e9rias coletivas for\u00e7adas, na tentativa de ganhar tempo e preservar empregos, enquanto outras est\u00e3o planejando desligamentos&#8221;, segundo a Abimci.<\/p>\n\n\n\n<p><strong>Carnes<\/strong><\/p>\n\n\n\n<p>As carnes tamb\u00e9m n\u00e3o escaparam da taxa\u00e7\u00e3o de Trump. A Abiec (Associa\u00e7\u00e3o Brasileira das Ind\u00fastrias Exportadoras de Carnes), que representa empresas como a JBS e&nbsp;Marfrig,&nbsp;<a href=\"https:\/\/www.cnnbrasil.com.br\/economia\/macroeconomia\/tarifaco-exportadores-de-carne-do-brasil-estimam-perdas-de-us-1-bilhao\/\" target=\"_blank\" rel=\"noopener\">estima perdas de US$ 1 bilh\u00e3o com as novas tarifas de 50%.<\/a><\/p>\n\n\n\n<p>Os Estados Unidos s\u00e3o o segundo maior destino das exporta\u00e7\u00f5es de carne bovina do Brasil, depois da China.<\/p>\n\n\n\n<p>Segundo Roberto Perosa, diretor da Abiec, a expectativa das empresas brasileiras era vender cerca de 400.000 toneladas de carne at\u00e9 o final do ano para os EUA, o que se torna \u201cinvi\u00e1vel\u201d com o n\u00edvel tarif\u00e1rio imposto.<\/p>\n\n\n\n<p>Os frigor\u00edficos brasileiros exportaram cerca de 181.000 toneladas de carne bovina, no valor de US$ 1 bilh\u00e3o, para os EUA no primeiro semestre deste ano, de acordo com dados comerciais. Isto equivale \u00e0 cerca de 12% do total de exporta\u00e7\u00f5es de carne bovina do pa\u00eds.<\/p>\n\n\n\n<p><strong>Pescados<\/strong><\/p>\n\n\n\n<p><a href=\"https:\/\/www.cnnbrasil.com.br\/economia\/macroeconomia\/sentimento-e-de-frustracao-diz-presidente-da-abipesca\/\" target=\"_blank\" rel=\"noopener\">O setor de pescados \u00e9 um dos grandes afetados pela pol\u00edtica tarif\u00e1ria de Trump.<\/a>&nbsp;De acordo com Eduardo Lobo, da Abipesca (Associa\u00e7\u00e3o Brasileira das Ind\u00fastrias de Pescados), 70% das exporta\u00e7\u00f5es do setor s\u00e3o destinadas ao mercado estadunidense.<\/p>\n\n\n\n<p>O Brasil ainda enfrenta a falta de alternativas comerciais no setor, devido ao embargo nas exporta\u00e7\u00f5es de pescados para a Uni\u00e3o Europeia que o pa\u00eds enfrenta desde 2017.<\/p>\n\n\n\n<p>As empresas exportadoras previam vendas totais ao exterior na casa dos US$ 600 milh\u00f5es, sendo que US$ 350 milh\u00f5es deste montante seriam destinados aos EUA.<\/p>\n\n\n\n<p><strong>Frutas<\/strong><\/p>\n\n\n\n<p>Segundo a Abrafrutas (Associa\u00e7\u00e3o Brasileira dos Produtores Exportadores de Frutas e Derivados), os Estados Unidos absorveram 7% do volume total exportado de frutas pelo Brasil em 2024.&nbsp;<\/p>\n\n\n\n<p>Guilherme Coelho, presidente da Abrafrutas, disse que o direcionamento dos produtos para o mercado interno seria&nbsp;<a href=\"https:\/\/www.cnnbrasil.com.br\/economia\/macroeconomia\/tarifaco-setores-de-suco-e-frutas-afirmam-nao-ter-como-redirecionar-vendas\/\" target=\"_blank\" rel=\"noopener\">&#8220;uma quantidade t\u00e3o grande que vai colapsar o mercado&#8221;.<\/a><\/p>\n\n\n\n<p>O presidente tamb\u00e9m ressalta que produtores preparam lotes especiais para vender aos EUA: de agosto a outubro, por exemplo, produtores de manga do Nordeste colhem frutos especialmente para envio ao mercado estadunidense.&nbsp;<\/p>\n\n\n\n<p>&#8220;Estamos muito preocupados de atingir diretamente os produtores do Vale do S\u00e3o Francisco, temos a safra da manga para os Estados Unidos, uma safra planejada por 6 meses&#8221;, conta Coelho.<\/p>\n\n\n\n<p><strong>Equipamentos de constru\u00e7\u00e3o civil<\/strong><\/p>\n\n\n\n<p>Mais da metade (52,2%) das exporta\u00e7\u00f5es de equipamentos de constru\u00e7\u00e3o civil brasileiros foram destinados aos americanos em 2024, totalizando um montante de US$ 1,5 bilh\u00e3o para o setor.<\/p>\n\n\n\n<p>O presidente-executivo da Abimaq (Associa\u00e7\u00e3o Brasileira da Ind\u00fastria de M\u00e1quinas e Equipamentos) alertou que as&nbsp;<a href=\"https:\/\/www.cnnbrasil.com.br\/economia\/macroeconomia\/sem-isencao-setor-de-maquinas-e-o-mais-afetado-em-faturamento-diz-abimaq\/\" target=\"_blank\" rel=\"noopener\">tarifas podem tornar os equipamentos brasileiros menos competitivos tanto dentro dos EUA<\/a>, por conta da alta nos pre\u00e7os, quanto pelo escoamento para destinos alternativos de outros pa\u00edses exportadores, como China, Jap\u00e3o, Coreia do Sul e outras na\u00e7\u00f5es da Europa.<\/p>\n\n\n\n<p><\/p>\n","protected":false},"excerpt":{"rendered":"<p>Com as taxas de 50% em vigor, exportadores de produtos como caf\u00e9 e madeira est\u00e3o entre os mais afetados 11\/08\/25 [&hellip;]<\/p>\n","protected":false},"author":1,"featured_media":0,"comment_status":"closed","ping_status":"","sticky":false,"template":"","format":"image","meta":{"site-sidebar-layout":"default","site-content-layout":"","ast-site-content-layout":"default","site-content-style":"default","site-sidebar-style":"default","ast-global-header-display":"","ast-banner-title-visibility":"","ast-main-header-display":"","ast-hfb-above-header-display":"","ast-hfb-below-header-display":"","ast-hfb-mobile-header-display":"","site-post-title":"","ast-breadcrumbs-content":"","ast-featured-img":"","footer-sml-layout":"","ast-disable-related-posts":"","theme-transparent-header-meta":"","adv-header-id-meta":"","stick-header-meta":"","header-above-stick-meta":"","header-main-stick-meta":"","header-below-stick-meta":"","astra-migrate-meta-layouts":"default","ast-page-background-enabled":"default","ast-page-background-meta":{"desktop":{"background-color":"var(--ast-global-color-4)","background-image":"","background-repeat":"repeat","background-position":"center center","background-size":"auto","background-attachment":"scroll","background-type":"","background-media":"","overlay-type":"","overlay-color":"","overlay-opacity":"","overlay-gradient":""},"tablet":{"background-color":"","background-image":"","background-repeat":"repeat","background-position":"center center","background-size":"auto","background-attachment":"scroll","background-type":"","background-media":"","overlay-type":"","overlay-color":"","overlay-opacity":"","overlay-gradient":""},"mobile":{"background-color":"","background-image":"","background-repeat":"repeat","background-position":"center center","background-size":"auto","background-attachment":"scroll","background-type":"","background-media":"","overlay-type":"","overlay-color":"","overlay-opacity":"","overlay-gradient":""}},"ast-content-background-meta":{"desktop":{"background-color":"var(--ast-global-color-5)","background-image":"","background-repeat":"repeat","background-position":"center center","background-size":"auto","background-attachment":"scroll","background-type":"","background-media":"","overlay-type":"","overlay-color":"","overlay-opacity":"","overlay-gradient":""},"tablet":{"background-color":"var(--ast-global-color-5)","background-image":"","background-repeat":"repeat","background-position":"center center","background-size":"auto","background-attachment":"scroll","background-type":"","background-media":"","overlay-type":"","overlay-color":"","overlay-opacity":"","overlay-gradient":""},"mobile":{"background-color":"var(--ast-global-color-5)","background-image":"","background-repeat":"repeat","background-position":"center center","background-size":"auto","background-attachment":"scroll","background-type":"","background-media":"","overlay-type":"","overlay-color":"","overlay-opacity":"","overlay-gradient":""}},"footnotes":""},"categories":[517],"tags":[],"class_list":["post-29206","post","type-post","status-publish","format-image","hentry","category-aconteceu","post_format-post-format-image"],"_links":{"self":[{"href":"https:\/\/noticiasnoface.com.br\/index.php\/wp-json\/wp\/v2\/posts\/29206","targetHints":{"allow":["GET"]}}],"collection":[{"href":"https:\/\/noticiasnoface.com.br\/index.php\/wp-json\/wp\/v2\/posts"}],"about":[{"href":"https:\/\/noticiasnoface.com.br\/index.php\/wp-json\/wp\/v2\/types\/post"}],"author":[{"embeddable":true,"href":"https:\/\/noticiasnoface.com.br\/index.php\/wp-json\/wp\/v2\/users\/1"}],"replies":[{"embeddable":true,"href":"https:\/\/noticiasnoface.com.br\/index.php\/wp-json\/wp\/v2\/comments?post=29206"}],"version-history":[{"count":1,"href":"https:\/\/noticiasnoface.com.br\/index.php\/wp-json\/wp\/v2\/posts\/29206\/revisions"}],"predecessor-version":[{"id":29207,"href":"https:\/\/noticiasnoface.com.br\/index.php\/wp-json\/wp\/v2\/posts\/29206\/revisions\/29207"}],"wp:attachment":[{"href":"https:\/\/noticiasnoface.com.br\/index.php\/wp-json\/wp\/v2\/media?parent=29206"}],"wp:term":[{"taxonomy":"category","embeddable":true,"href":"https:\/\/noticiasnoface.com.br\/index.php\/wp-json\/wp\/v2\/categories?post=29206"},{"taxonomy":"post_tag","embeddable":true,"href":"https:\/\/noticiasnoface.com.br\/index.php\/wp-json\/wp\/v2\/tags?post=29206"}],"curies":[{"name":"wp","href":"https:\/\/api.w.org\/{rel}","templated":true}]}}