{"id":29231,"date":"2025-08-12T22:39:18","date_gmt":"2025-08-13T01:39:18","guid":{"rendered":"https:\/\/noticiasnoface.com.br\/?p=29231"},"modified":"2025-08-12T22:39:18","modified_gmt":"2025-08-13T01:39:18","slug":"projeto-que-cria-lei-de-arborizacao-urbana-avanca-na-comissao-de-planejamento","status":"publish","type":"post","link":"https:\/\/noticiasnoface.com.br\/index.php\/2025\/08\/12\/projeto-que-cria-lei-de-arborizacao-urbana-avanca-na-comissao-de-planejamento\/","title":{"rendered":"Projeto que cria Lei de Arboriza\u00e7\u00e3o Urbana avan\u00e7a na Comiss\u00e3o de Planejamento&nbsp;"},"content":{"rendered":"\n<h1 class=\"wp-block-heading\">Not\u00edcia<\/h1>\n\n\n\n<figure class=\"wp-block-image\"><img data-opt-id=1771008452  fetchpriority=\"high\" decoding=\"async\" src=\"https:\/\/www.cmnat.rn.gov.br\/_ups\/noticias\/2025\/08\/12\/fe371d72ed1681a756eecc2c1e890183.jpg\" alt=\"\"\/><\/figure>\n\n\n\n<p>Nesta ter\u00e7a-feira (12), a Comiss\u00e3o de Planejamento Urbano, Meio Ambiente e Habita\u00e7\u00e3o da C\u00e2mara Municipal de Natal realizou uma reuni\u00e3o ordin\u00e1ria na qual deu parecer favor\u00e1vel a quatro projetos de lei. Destaque para a aprova\u00e7\u00e3o do Projeto de Lei 078\/2025 de autoria do vereador Chagas Catarino (Uni\u00e3o Brasil) que prop\u00f5e a cria\u00e7\u00e3o da Lei de Arboriza\u00e7\u00e3o Urbana e Preserva\u00e7\u00e3o de \u00c1reas Verdes na capital potiguar.&nbsp;<\/p>\n\n\n\n<p>De acordo com o vereador Eribaldo Medeiros (REDE), relator da mat\u00e9ria, a arboriza\u00e7\u00e3o urbana desempenha um papel crucial na melhoria da qualidade de vida nas cidades. &#8220;Oferece uma s\u00e9rie de benef\u00edcios ambientais, sociais e econ\u00f4micos. Contribui para a redu\u00e7\u00e3o do calor, melhora a qualidade do ar e da \u00e1gua, s\u00f3 pra citar alguns exemplos. Trata-se de uma iniciativa conectada com as demandas da atualidade&#8221;, defendeu.<\/p>\n\n\n\n<p>Por sua vez, o PL 702\/2024, do vereador Preto Aquino (Podemos), estabelece a divulga\u00e7\u00e3o com anteced\u00eancia m\u00ednima de 60 (sessenta) dias do in\u00edcio de qualquer obra p\u00fablica Municipal, que afete a livre circula\u00e7\u00e3o de ve\u00edculos e pessoas nas imedia\u00e7\u00f5es da obra, ou que seja necess\u00e1rio desviar trajetos de transporte p\u00fablico ou privado, no Munic\u00edpio. O vereador Kleber Fernandes (Republicanos) fez a relatoria do texto e apresentou parecer favor\u00e1vel, que foi aprovado pelo colegiado.<\/p>\n\n\n\n<p>&#8220;\u00c9 fundamental informar a popula\u00e7\u00e3o com anteced\u00eancia sobre obras p\u00fablicas que afetem o tr\u00e2nsito, pois isso ajuda a evitar transtornos, acidentes e garante a seguran\u00e7a de todos. A comunica\u00e7\u00e3o pr\u00e9via permite que os motoristas se planejem, usem rotas alternativas e reduzam a ocorr\u00eancia de congestionamentos, al\u00e9m de dar tempo para que os pedestres se adaptem \u00e0s mudan\u00e7as na circula\u00e7\u00e3o&#8221;, justificou Kleber Fernandes.<\/p>\n\n\n\n<p>Outras duas proposi\u00e7\u00f5es foram acatadas pelo grupo tem\u00e1tico: PL 708\/2024, do vereador Chagas Catarino, sobre a cria\u00e7\u00e3o do &#8220;PraC\u00e3o&#8221;, pra\u00e7a destinada ao conv\u00edvio de c\u00e3es e seus propriet\u00e1rios, e o PL 818\/2024, da vereadora licenciada Nina Souza, que institui a proibi\u00e7\u00e3o da denomina\u00e7\u00e3o de logradouros p\u00fablicos com nomes de pessoas condenadas por crimes cometidos contra a mulher em Natal.&nbsp;<\/p>\n\n\n\n<p>Ao final do encontro, o presidente da Comiss\u00e3o, vereador Itapo\u00e3 N\u00f3brega (Republicanos), avaliou como positivo o andamento dos trabalhos. &#8220;Esta comiss\u00e3o tem se mostrado muito eficaz, buscando qualidade e celeridade na abordagem de projetos relevantes produzidos pelos vereadores e vereadoras para atender \u00e0s necessidades da popula\u00e7\u00e3o&#8221;.&nbsp;<\/p>\n\n\n\n<p>Texto: Junior Martins&nbsp;<br \/>Fotos: Ot\u00e1vio Augusto<\/p>\n","protected":false},"excerpt":{"rendered":"<p>Not\u00edcia Nesta ter\u00e7a-feira (12), a Comiss\u00e3o de Planejamento Urbano, Meio Ambiente e Habita\u00e7\u00e3o da C\u00e2mara Municipal de Natal realizou uma [&hellip;]<\/p>\n","protected":false},"author":1,"featured_media":0,"comment_status":"closed","ping_status":"","sticky":false,"template":"","format":"image","meta":{"site-sidebar-layout":"default","site-content-layout":"","ast-site-content-layout":"default","site-content-style":"default","site-sidebar-style":"default","ast-global-header-display":"","ast-banner-title-visibility":"","ast-main-header-display":"","ast-hfb-above-header-display":"","ast-hfb-below-header-display":"","ast-hfb-mobile-header-display":"","site-post-title":"","ast-breadcrumbs-content":"","ast-featured-img":"","footer-sml-layout":"","ast-disable-related-posts":"","theme-transparent-header-meta":"","adv-header-id-meta":"","stick-header-meta":"","header-above-stick-meta":"","header-main-stick-meta":"","header-below-stick-meta":"","astra-migrate-meta-layouts":"default","ast-page-background-enabled":"default","ast-page-background-meta":{"desktop":{"background-color":"var(--ast-global-color-4)","background-image":"","background-repeat":"repeat","background-position":"center center","background-size":"auto","background-attachment":"scroll","background-type":"","background-media":"","overlay-type":"","overlay-color":"","overlay-opacity":"","overlay-gradient":""},"tablet":{"background-color":"","background-image":"","background-repeat":"repeat","background-position":"center center","background-size":"auto","background-attachment":"scroll","background-type":"","background-media":"","overlay-type":"","overlay-color":"","overlay-opacity":"","overlay-gradient":""},"mobile":{"background-color":"","background-image":"","background-repeat":"repeat","background-position":"center center","background-size":"auto","background-attachment":"scroll","background-type":"","background-media":"","overlay-type":"","overlay-color":"","overlay-opacity":"","overlay-gradient":""}},"ast-content-background-meta":{"desktop":{"background-color":"var(--ast-global-color-5)","background-image":"","background-repeat":"repeat","background-position":"center center","background-size":"auto","background-attachment":"scroll","background-type":"","background-media":"","overlay-type":"","overlay-color":"","overlay-opacity":"","overlay-gradient":""},"tablet":{"background-color":"var(--ast-global-color-5)","background-image":"","background-repeat":"repeat","background-position":"center center","background-size":"auto","background-attachment":"scroll","background-type":"","background-media":"","overlay-type":"","overlay-color":"","overlay-opacity":"","overlay-gradient":""},"mobile":{"background-color":"var(--ast-global-color-5)","background-image":"","background-repeat":"repeat","background-position":"center center","background-size":"auto","background-attachment":"scroll","background-type":"","background-media":"","overlay-type":"","overlay-color":"","overlay-opacity":"","overlay-gradient":""}},"footnotes":""},"categories":[3816],"tags":[],"class_list":["post-29231","post","type-post","status-publish","format-image","hentry","category-camara-municipal-de-natal","post_format-post-format-image"],"_links":{"self":[{"href":"https:\/\/noticiasnoface.com.br\/index.php\/wp-json\/wp\/v2\/posts\/29231","targetHints":{"allow":["GET"]}}],"collection":[{"href":"https:\/\/noticiasnoface.com.br\/index.php\/wp-json\/wp\/v2\/posts"}],"about":[{"href":"https:\/\/noticiasnoface.com.br\/index.php\/wp-json\/wp\/v2\/types\/post"}],"author":[{"embeddable":true,"href":"https:\/\/noticiasnoface.com.br\/index.php\/wp-json\/wp\/v2\/users\/1"}],"replies":[{"embeddable":true,"href":"https:\/\/noticiasnoface.com.br\/index.php\/wp-json\/wp\/v2\/comments?post=29231"}],"version-history":[{"count":1,"href":"https:\/\/noticiasnoface.com.br\/index.php\/wp-json\/wp\/v2\/posts\/29231\/revisions"}],"predecessor-version":[{"id":29232,"href":"https:\/\/noticiasnoface.com.br\/index.php\/wp-json\/wp\/v2\/posts\/29231\/revisions\/29232"}],"wp:attachment":[{"href":"https:\/\/noticiasnoface.com.br\/index.php\/wp-json\/wp\/v2\/media?parent=29231"}],"wp:term":[{"taxonomy":"category","embeddable":true,"href":"https:\/\/noticiasnoface.com.br\/index.php\/wp-json\/wp\/v2\/categories?post=29231"},{"taxonomy":"post_tag","embeddable":true,"href":"https:\/\/noticiasnoface.com.br\/index.php\/wp-json\/wp\/v2\/tags?post=29231"}],"curies":[{"name":"wp","href":"https:\/\/api.w.org\/{rel}","templated":true}]}}