{"id":29244,"date":"2025-08-13T21:31:04","date_gmt":"2025-08-14T00:31:04","guid":{"rendered":"https:\/\/noticiasnoface.com.br\/?p=29244"},"modified":"2025-08-13T21:31:04","modified_gmt":"2025-08-14T00:31:04","slug":"nove-projetos-avancam-na-camara-de-natal-com-foco-em-saude-emocional","status":"publish","type":"post","link":"https:\/\/noticiasnoface.com.br\/index.php\/2025\/08\/13\/nove-projetos-avancam-na-camara-de-natal-com-foco-em-saude-emocional\/","title":{"rendered":"Nove projetos avan\u00e7am na C\u00e2mara de Natal com foco em sa\u00fade emocional&nbsp;"},"content":{"rendered":"\n<figure class=\"wp-block-image foto-noticia\"><img data-opt-id=616810117  fetchpriority=\"high\" decoding=\"async\" src=\"https:\/\/www.cmnat.rn.gov.br\/_ups\/noticias\/2025\/08\/13\/17c613be2de96bbf68a8052dae180efa.jpeg\" alt=\"\"\/><\/figure>\n\n\n\n<p>Na sess\u00e3o ordin\u00e1ria desta quarta-feira (13), os vereadores de Natal aprovaram nove projetos de lei. Entre elas, est\u00e1 o Projeto de Lei n\u00ba 264\/2024, do vereador Kleber Fernandes (Republicanos), que inclui a Corrida do M\u00e9dico, realizada em outubro, no Calend\u00e1rio Oficial de Eventos do Munic\u00edpio.&nbsp;<\/p>\n\n\n\n<p>Tamb\u00e9m foi confirmada, em vota\u00e7\u00e3o definitiva, a nomea\u00e7\u00e3o do novo Complexo Tur\u00edstico da Redinha como \u201cGovernadora Wilma de Faria\u201d, proposta pelo vereador Aldo Clemente (PSDB). Durante a defesa da mat\u00e9ria, Aldo destacou a import\u00e2ncia da obra da ex-governadora para a cidade. \u201cNada mais justo do que homenagear quem fez um grande trabalho por Natal. N\u00e3o podemos esquecer o passado para vivermos o presente e o futuro\u201d, afirmou.<\/p>\n\n\n\n<p>A novidade do dia foi a aprova\u00e7\u00e3o, em primeira discuss\u00e3o, do Projeto de Lei n\u00ba 215\/2025, de autoria do vereador Daniell Rendall (Republicanos), que cria o \u201cPrograma Municipal de Apoio \u00e0 Sa\u00fade Emocional no Ambiente de Trabalho\u201d. A proposta incentiva empresas a adotarem a\u00e7\u00f5es de preven\u00e7\u00e3o e tratamento da depress\u00e3o e ansiedade entre seus colaboradores.<\/p>\n\n\n\n<p>\u201cO pa\u00eds j\u00e1 est\u00e1 entre os que t\u00eam os maiores \u00edndices de depress\u00e3o do mundo. Precisamos de pol\u00edticas p\u00fablicas efetivas e integradas, envolvendo sa\u00fade, educa\u00e7\u00e3o e assist\u00eancia social, para enfrentar esse problema que afeta profissionais, empresas e a economia como um todo\u201d, defendeu Daniell.<\/p>\n\n\n\n<p>Texto: Phablo Galv\u00e3o<br \/>Fotos: Francisco de Assis<\/p>\n\n\n\n<p><\/p>\n","protected":false},"excerpt":{"rendered":"<p>Na sess\u00e3o ordin\u00e1ria desta quarta-feira (13), os vereadores de Natal aprovaram nove projetos de lei. Entre elas, est\u00e1 o Projeto [&hellip;]<\/p>\n","protected":false},"author":1,"featured_media":0,"comment_status":"closed","ping_status":"","sticky":false,"template":"","format":"image","meta":{"site-sidebar-layout":"default","site-content-layout":"","ast-site-content-layout":"default","site-content-style":"default","site-sidebar-style":"default","ast-global-header-display":"","ast-banner-title-visibility":"","ast-main-header-display":"","ast-hfb-above-header-display":"","ast-hfb-below-header-display":"","ast-hfb-mobile-header-display":"","site-post-title":"","ast-breadcrumbs-content":"","ast-featured-img":"","footer-sml-layout":"","ast-disable-related-posts":"","theme-transparent-header-meta":"","adv-header-id-meta":"","stick-header-meta":"","header-above-stick-meta":"","header-main-stick-meta":"","header-below-stick-meta":"","astra-migrate-meta-layouts":"default","ast-page-background-enabled":"default","ast-page-background-meta":{"desktop":{"background-color":"var(--ast-global-color-4)","background-image":"","background-repeat":"repeat","background-position":"center center","background-size":"auto","background-attachment":"scroll","background-type":"","background-media":"","overlay-type":"","overlay-color":"","overlay-opacity":"","overlay-gradient":""},"tablet":{"background-color":"","background-image":"","background-repeat":"repeat","background-position":"center center","background-size":"auto","background-attachment":"scroll","background-type":"","background-media":"","overlay-type":"","overlay-color":"","overlay-opacity":"","overlay-gradient":""},"mobile":{"background-color":"","background-image":"","background-repeat":"repeat","background-position":"center center","background-size":"auto","background-attachment":"scroll","background-type":"","background-media":"","overlay-type":"","overlay-color":"","overlay-opacity":"","overlay-gradient":""}},"ast-content-background-meta":{"desktop":{"background-color":"var(--ast-global-color-5)","background-image":"","background-repeat":"repeat","background-position":"center center","background-size":"auto","background-attachment":"scroll","background-type":"","background-media":"","overlay-type":"","overlay-color":"","overlay-opacity":"","overlay-gradient":""},"tablet":{"background-color":"var(--ast-global-color-5)","background-image":"","background-repeat":"repeat","background-position":"center center","background-size":"auto","background-attachment":"scroll","background-type":"","background-media":"","overlay-type":"","overlay-color":"","overlay-opacity":"","overlay-gradient":""},"mobile":{"background-color":"var(--ast-global-color-5)","background-image":"","background-repeat":"repeat","background-position":"center center","background-size":"auto","background-attachment":"scroll","background-type":"","background-media":"","overlay-type":"","overlay-color":"","overlay-opacity":"","overlay-gradient":""}},"footnotes":""},"categories":[3816],"tags":[],"class_list":["post-29244","post","type-post","status-publish","format-image","hentry","category-camara-municipal-de-natal","post_format-post-format-image"],"_links":{"self":[{"href":"https:\/\/noticiasnoface.com.br\/index.php\/wp-json\/wp\/v2\/posts\/29244","targetHints":{"allow":["GET"]}}],"collection":[{"href":"https:\/\/noticiasnoface.com.br\/index.php\/wp-json\/wp\/v2\/posts"}],"about":[{"href":"https:\/\/noticiasnoface.com.br\/index.php\/wp-json\/wp\/v2\/types\/post"}],"author":[{"embeddable":true,"href":"https:\/\/noticiasnoface.com.br\/index.php\/wp-json\/wp\/v2\/users\/1"}],"replies":[{"embeddable":true,"href":"https:\/\/noticiasnoface.com.br\/index.php\/wp-json\/wp\/v2\/comments?post=29244"}],"version-history":[{"count":1,"href":"https:\/\/noticiasnoface.com.br\/index.php\/wp-json\/wp\/v2\/posts\/29244\/revisions"}],"predecessor-version":[{"id":29245,"href":"https:\/\/noticiasnoface.com.br\/index.php\/wp-json\/wp\/v2\/posts\/29244\/revisions\/29245"}],"wp:attachment":[{"href":"https:\/\/noticiasnoface.com.br\/index.php\/wp-json\/wp\/v2\/media?parent=29244"}],"wp:term":[{"taxonomy":"category","embeddable":true,"href":"https:\/\/noticiasnoface.com.br\/index.php\/wp-json\/wp\/v2\/categories?post=29244"},{"taxonomy":"post_tag","embeddable":true,"href":"https:\/\/noticiasnoface.com.br\/index.php\/wp-json\/wp\/v2\/tags?post=29244"}],"curies":[{"name":"wp","href":"https:\/\/api.w.org\/{rel}","templated":true}]}}