{"id":29254,"date":"2025-08-13T21:35:20","date_gmt":"2025-08-14T00:35:20","guid":{"rendered":"https:\/\/noticiasnoface.com.br\/?p=29254"},"modified":"2025-08-13T21:35:20","modified_gmt":"2025-08-14T00:35:20","slug":"eua-criticam-trabalho-forcado-apos-cancelar-vistos-ligados-a-mais-medicos","status":"publish","type":"post","link":"https:\/\/noticiasnoface.com.br\/index.php\/2025\/08\/13\/eua-criticam-trabalho-forcado-apos-cancelar-vistos-ligados-a-mais-medicos\/","title":{"rendered":"EUA criticam &#8220;trabalho for\u00e7ado&#8221; ap\u00f3s cancelar vistos ligados a Mais M\u00e9dicos"},"content":{"rendered":"\n<h2 class=\"wp-block-heading subhead\">Escrit\u00f3rio do Departamento de Estado declara apoio o povo cubano e condena &#8220;esquema coercitivo e explorat\u00f3rio&#8221;<\/h2>\n\n\n\n<p>13\/08\/25 \u00e0s 21:27&nbsp;|&nbsp;Atualizado&nbsp;13\/08\/25 \u00e0s 21:27<\/p>\n\n\n\n<figure class=\"wp-block-image\"><img data-opt-id=1032491793  fetchpriority=\"high\" decoding=\"async\" src=\"https:\/\/admin.cnnbrasil.com.br\/wp-content\/uploads\/sites\/12\/Reuters_Direct_Media\/BrazilOnlineReportTopNews\/tagreuters.com2025binary_LYNXNPEL4R0WF-BASEIMAGE-e1752014078995.jpg?w=419&amp;h=283&amp;crop=0\" alt=\"\"\/><figcaption class=\"wp-element-caption\">Secret\u00e1rio de Estado dos EUA, Marco Rubio&nbsp; \u2022&nbsp;21\/05\/2025 REUTERS\/Elizabeth Frantz<\/figcaption><\/figure>\n\n\n\n<p>O escrit\u00f3rio do Departamento de Estado dos EUA para Assuntos do Hemisf\u00e9rio Ocidental afirmou que o trabalho for\u00e7ado e a explora\u00e7\u00e3o n\u00e3o tem lugar no mundo moderno, ap\u00f3s a revoga\u00e7\u00e3o de vistos ligados ao programa Mais M\u00e9dicos nesta quarta-feira (13).<\/p>\n\n\n\n<p>A publica\u00e7\u00e3o nas redes sociais afirma que a revoga\u00e7\u00e3o de vistos mira funcion\u00e1rios e ex-funcion\u00e1rios do governo brasileiro e da OPAS (Organiza\u00e7\u00e3o Pan-Americana de Sa\u00fade) &#8220;ligados ao esquema coercitivo e explorat\u00f3rio de exporta\u00e7\u00e3o de m\u00e3o de obra do regime cubano&#8221;.<\/p>\n\n\n\n<p>A nota expressa apoio ao povo cubano e&nbsp;conclui que o &#8220;trabalho for\u00e7ado e explora\u00e7\u00e3o n\u00e3o t\u00eam lugar no mundo moderno&#8221;<\/p>\n\n\n\n<p>O Departamento de Estado anunciou mais cedo a<a href=\"https:\/\/www.cnnbrasil.com.br\/blogs\/caio-junqueira\/internacional\/rubio-anuncia-revogacao-de-vistos-de-funcionarios-do-governo-brasileiro\/\" target=\"_blank\" rel=\"noopener\">revoga\u00e7\u00e3o de vistos<\/a>&nbsp;de pessoas que chamou de &#8220;c\u00famplices&#8221; do que seria um esquema de trabalho for\u00e7ado que explora m\u00e9dicos cubanos. &#8220;Esse esquema enriquece o regime corrupto em Cuba e priva o povo cubano de cuidados m\u00e9dicos essenciais&#8221;, afirma.<\/p>\n\n\n\n<p>As restri\u00e7\u00f5es de vistos tamb\u00e9m atingem funcion\u00e1rios de governos africanos, cubanos e granadinos, de acordo com o secret\u00e1rio Marco Rubio. &#8220;Pa\u00edses c\u00famplices dessa pr\u00e1tica explorat\u00f3ria devem pensar duas vezes&#8221;, disse.<\/p>\n\n\n\n<p>O ministro da Sa\u00fade, Alexandre Padilha, defendeu o Mais M\u00e9dicos e os&nbsp;<a href=\"https:\/\/www.cnnbrasil.com.br\/politica\/saiba-quem-sao-os-dois-servidores-publicos-que-tiveram-vistos-revogados\/\" target=\"_blank\" rel=\"noopener\">servidores que contribu\u00edram para implementar o programa<\/a>&nbsp;em publica\u00e7\u00e3o nas redes sociais.<\/p>\n\n\n\n<p>\u201cO Mais M\u00e9dicos, assim como o Pix, sobreviver\u00e1 aos ataques injustific\u00e1veis de quem quer que seja. O programa salva vidas e \u00e9 aprovado por quem mais importa: a popula\u00e7\u00e3o brasileira&#8221;, escreveu Padilha no X (antigo Twitter).<\/p>\n\n\n\n<p>Segundo Padilha, o governo tem \u201cmuito orgulho de todo esse legado que leva atendimento m\u00e9dico para milh\u00f5es de brasileiros que antes n\u00e3o tinham acesso \u00e0 sa\u00fade\u201d.<\/p>\n","protected":false},"excerpt":{"rendered":"<p>Escrit\u00f3rio do Departamento de Estado declara apoio o povo cubano e condena &#8220;esquema coercitivo e explorat\u00f3rio&#8221; 13\/08\/25 \u00e0s 21:27&nbsp;|&nbsp;Atualizado&nbsp;13\/08\/25 \u00e0s [&hellip;]<\/p>\n","protected":false},"author":1,"featured_media":0,"comment_status":"closed","ping_status":"","sticky":false,"template":"","format":"image","meta":{"site-sidebar-layout":"default","site-content-layout":"","ast-site-content-layout":"default","site-content-style":"default","site-sidebar-style":"default","ast-global-header-display":"","ast-banner-title-visibility":"","ast-main-header-display":"","ast-hfb-above-header-display":"","ast-hfb-below-header-display":"","ast-hfb-mobile-header-display":"","site-post-title":"","ast-breadcrumbs-content":"","ast-featured-img":"","footer-sml-layout":"","ast-disable-related-posts":"","theme-transparent-header-meta":"","adv-header-id-meta":"","stick-header-meta":"","header-above-stick-meta":"","header-main-stick-meta":"","header-below-stick-meta":"","astra-migrate-meta-layouts":"default","ast-page-background-enabled":"default","ast-page-background-meta":{"desktop":{"background-color":"var(--ast-global-color-4)","background-image":"","background-repeat":"repeat","background-position":"center center","background-size":"auto","background-attachment":"scroll","background-type":"","background-media":"","overlay-type":"","overlay-color":"","overlay-opacity":"","overlay-gradient":""},"tablet":{"background-color":"","background-image":"","background-repeat":"repeat","background-position":"center center","background-size":"auto","background-attachment":"scroll","background-type":"","background-media":"","overlay-type":"","overlay-color":"","overlay-opacity":"","overlay-gradient":""},"mobile":{"background-color":"","background-image":"","background-repeat":"repeat","background-position":"center center","background-size":"auto","background-attachment":"scroll","background-type":"","background-media":"","overlay-type":"","overlay-color":"","overlay-opacity":"","overlay-gradient":""}},"ast-content-background-meta":{"desktop":{"background-color":"var(--ast-global-color-5)","background-image":"","background-repeat":"repeat","background-position":"center center","background-size":"auto","background-attachment":"scroll","background-type":"","background-media":"","overlay-type":"","overlay-color":"","overlay-opacity":"","overlay-gradient":""},"tablet":{"background-color":"var(--ast-global-color-5)","background-image":"","background-repeat":"repeat","background-position":"center center","background-size":"auto","background-attachment":"scroll","background-type":"","background-media":"","overlay-type":"","overlay-color":"","overlay-opacity":"","overlay-gradient":""},"mobile":{"background-color":"var(--ast-global-color-5)","background-image":"","background-repeat":"repeat","background-position":"center center","background-size":"auto","background-attachment":"scroll","background-type":"","background-media":"","overlay-type":"","overlay-color":"","overlay-opacity":"","overlay-gradient":""}},"footnotes":""},"categories":[517],"tags":[],"class_list":["post-29254","post","type-post","status-publish","format-image","hentry","category-aconteceu","post_format-post-format-image"],"_links":{"self":[{"href":"https:\/\/noticiasnoface.com.br\/index.php\/wp-json\/wp\/v2\/posts\/29254","targetHints":{"allow":["GET"]}}],"collection":[{"href":"https:\/\/noticiasnoface.com.br\/index.php\/wp-json\/wp\/v2\/posts"}],"about":[{"href":"https:\/\/noticiasnoface.com.br\/index.php\/wp-json\/wp\/v2\/types\/post"}],"author":[{"embeddable":true,"href":"https:\/\/noticiasnoface.com.br\/index.php\/wp-json\/wp\/v2\/users\/1"}],"replies":[{"embeddable":true,"href":"https:\/\/noticiasnoface.com.br\/index.php\/wp-json\/wp\/v2\/comments?post=29254"}],"version-history":[{"count":1,"href":"https:\/\/noticiasnoface.com.br\/index.php\/wp-json\/wp\/v2\/posts\/29254\/revisions"}],"predecessor-version":[{"id":29255,"href":"https:\/\/noticiasnoface.com.br\/index.php\/wp-json\/wp\/v2\/posts\/29254\/revisions\/29255"}],"wp:attachment":[{"href":"https:\/\/noticiasnoface.com.br\/index.php\/wp-json\/wp\/v2\/media?parent=29254"}],"wp:term":[{"taxonomy":"category","embeddable":true,"href":"https:\/\/noticiasnoface.com.br\/index.php\/wp-json\/wp\/v2\/categories?post=29254"},{"taxonomy":"post_tag","embeddable":true,"href":"https:\/\/noticiasnoface.com.br\/index.php\/wp-json\/wp\/v2\/tags?post=29254"}],"curies":[{"name":"wp","href":"https:\/\/api.w.org\/{rel}","templated":true}]}}