{"id":29266,"date":"2025-08-14T21:38:41","date_gmt":"2025-08-15T00:38:41","guid":{"rendered":"https:\/\/noticiasnoface.com.br\/?p=29266"},"modified":"2025-08-14T21:38:41","modified_gmt":"2025-08-15T00:38:41","slug":"saude-mental-sera-tema-de-audiencia-publica-na-camara-de-parnamirim","status":"publish","type":"post","link":"https:\/\/noticiasnoface.com.br\/index.php\/2025\/08\/14\/saude-mental-sera-tema-de-audiencia-publica-na-camara-de-parnamirim\/","title":{"rendered":"Sa\u00fade mental ser\u00e1 tema de audi\u00eancia p\u00fablica na C\u00e2mara de Parnamirim"},"content":{"rendered":"\n<figure class=\"wp-block-image size-large\"><img data-opt-id=1438747120  fetchpriority=\"high\" decoding=\"async\" width=\"1024\" height=\"679\" src=\"https:\/\/mlbfrsat7ahr.i.optimole.com\/w:1024\/h:679\/q:mauto\/ig:avif\/https:\/\/noticiasnoface.com.br\/wp-content\/uploads\/2025\/08\/236dc019-a970-4ef4-8b8d-e2148cb3613e-1.jpg\" class=\"wp-image-29265\" srcset=\"https:\/\/mlbfrsat7ahr.i.optimole.com\/w:1024\/h:679\/q:mauto\/ig:avif\/https:\/\/noticiasnoface.com.br\/wp-content\/uploads\/2025\/08\/236dc019-a970-4ef4-8b8d-e2148cb3613e-1.jpg 1024w, https:\/\/mlbfrsat7ahr.i.optimole.com\/w:300\/h:199\/q:mauto\/ig:avif\/https:\/\/noticiasnoface.com.br\/wp-content\/uploads\/2025\/08\/236dc019-a970-4ef4-8b8d-e2148cb3613e-1.jpg 300w, https:\/\/mlbfrsat7ahr.i.optimole.com\/w:768\/h:509\/q:mauto\/ig:avif\/https:\/\/noticiasnoface.com.br\/wp-content\/uploads\/2025\/08\/236dc019-a970-4ef4-8b8d-e2148cb3613e-1.jpg 768w, https:\/\/mlbfrsat7ahr.i.optimole.com\/w:1280\/h:849\/q:mauto\/ig:avif\/https:\/\/noticiasnoface.com.br\/wp-content\/uploads\/2025\/08\/236dc019-a970-4ef4-8b8d-e2148cb3613e-1.jpg 1280w\" sizes=\"(max-width: 1000px) 100vw, 1000px\" \/><\/figure>\n\n\n\n<p>A Comiss\u00e3o Permanente de Sa\u00fade da C\u00e2mara Municipal de Parnamirim realizar\u00e1, nesta sexta-feira (15\/08), uma audi\u00eancia p\u00fablica para discutir \u201cA Situa\u00e7\u00e3o da Sa\u00fade Mental da Popula\u00e7\u00e3o de Parnamirim\u201d. O encontro vai ocorrer no Plen\u00e1rio Dr. M\u00e1rio Medeiros, a partir das 9h.<\/p>\n\n\n\n<p>Presidida pelo vereador Irani Guedes, a comiss\u00e3o tamb\u00e9m \u00e9 composta pelo vereador L\u00e9o Lima e pela vereadora Rafaela de Nilda. A iniciativa busca reunir autoridades, profissionais de sa\u00fade, representantes do Sindicato dos Trabalhadores em Sa\u00fade do RN (SindSa\u00fade), institui\u00e7\u00f5es ligadas ao tema e a comunidade em geral para debater os desafios e apontar caminhos para a promo\u00e7\u00e3o e o cuidado com a sa\u00fade mental no munic\u00edpio.<\/p>\n\n\n\n<p>Segundo os organizadores, a audi\u00eancia ser\u00e1 um espa\u00e7o aberto para ouvir diferentes perspectivas e apresentar propostas que possam contribuir para a melhoria dos servi\u00e7os e pol\u00edticas p\u00fablicas voltadas \u00e0 \u00e1rea.<\/p>\n\n\n\n<p><em>SERVI\u00c7O<\/em><br \/>O que: Audi\u00eancia P\u00fablica sobre Sa\u00fade Mental em Parnamirim<br \/>Quando: Sexta-feira, 15 de agosto de 2025, \u00e0s 9h<br \/>Local: Plen\u00e1rio Dr. M\u00e1rio Medeiros, C\u00e2mara Municipal de Parnamirim<br \/>Tema: \u201cA Situa\u00e7\u00e3o da Sa\u00fade Mental da Popula\u00e7\u00e3o de Parnamirim\u201d<br \/>Realiza\u00e7\u00e3o: Comiss\u00e3o Permanente de Sa\u00fade da C\u00e2mara Municipal de Parnamirim<\/p>\n","protected":false},"excerpt":{"rendered":"<p>A Comiss\u00e3o Permanente de Sa\u00fade da C\u00e2mara Municipal de Parnamirim realizar\u00e1, nesta sexta-feira (15\/08), uma audi\u00eancia p\u00fablica para discutir \u201cA [&hellip;]<\/p>\n","protected":false},"author":1,"featured_media":0,"comment_status":"closed","ping_status":"","sticky":false,"template":"","format":"image","meta":{"site-sidebar-layout":"default","site-content-layout":"","ast-site-content-layout":"default","site-content-style":"default","site-sidebar-style":"default","ast-global-header-display":"","ast-banner-title-visibility":"","ast-main-header-display":"","ast-hfb-above-header-display":"","ast-hfb-below-header-display":"","ast-hfb-mobile-header-display":"","site-post-title":"","ast-breadcrumbs-content":"","ast-featured-img":"","footer-sml-layout":"","ast-disable-related-posts":"","theme-transparent-header-meta":"","adv-header-id-meta":"","stick-header-meta":"","header-above-stick-meta":"","header-main-stick-meta":"","header-below-stick-meta":"","astra-migrate-meta-layouts":"default","ast-page-background-enabled":"default","ast-page-background-meta":{"desktop":{"background-color":"var(--ast-global-color-4)","background-image":"","background-repeat":"repeat","background-position":"center center","background-size":"auto","background-attachment":"scroll","background-type":"","background-media":"","overlay-type":"","overlay-color":"","overlay-opacity":"","overlay-gradient":""},"tablet":{"background-color":"","background-image":"","background-repeat":"repeat","background-position":"center center","background-size":"auto","background-attachment":"scroll","background-type":"","background-media":"","overlay-type":"","overlay-color":"","overlay-opacity":"","overlay-gradient":""},"mobile":{"background-color":"","background-image":"","background-repeat":"repeat","background-position":"center center","background-size":"auto","background-attachment":"scroll","background-type":"","background-media":"","overlay-type":"","overlay-color":"","overlay-opacity":"","overlay-gradient":""}},"ast-content-background-meta":{"desktop":{"background-color":"var(--ast-global-color-5)","background-image":"","background-repeat":"repeat","background-position":"center center","background-size":"auto","background-attachment":"scroll","background-type":"","background-media":"","overlay-type":"","overlay-color":"","overlay-opacity":"","overlay-gradient":""},"tablet":{"background-color":"var(--ast-global-color-5)","background-image":"","background-repeat":"repeat","background-position":"center center","background-size":"auto","background-attachment":"scroll","background-type":"","background-media":"","overlay-type":"","overlay-color":"","overlay-opacity":"","overlay-gradient":""},"mobile":{"background-color":"var(--ast-global-color-5)","background-image":"","background-repeat":"repeat","background-position":"center center","background-size":"auto","background-attachment":"scroll","background-type":"","background-media":"","overlay-type":"","overlay-color":"","overlay-opacity":"","overlay-gradient":""}},"footnotes":""},"categories":[3817],"tags":[],"class_list":["post-29266","post","type-post","status-publish","format-image","hentry","category-camara-municipal-de-parnamirim","post_format-post-format-image"],"_links":{"self":[{"href":"https:\/\/noticiasnoface.com.br\/index.php\/wp-json\/wp\/v2\/posts\/29266","targetHints":{"allow":["GET"]}}],"collection":[{"href":"https:\/\/noticiasnoface.com.br\/index.php\/wp-json\/wp\/v2\/posts"}],"about":[{"href":"https:\/\/noticiasnoface.com.br\/index.php\/wp-json\/wp\/v2\/types\/post"}],"author":[{"embeddable":true,"href":"https:\/\/noticiasnoface.com.br\/index.php\/wp-json\/wp\/v2\/users\/1"}],"replies":[{"embeddable":true,"href":"https:\/\/noticiasnoface.com.br\/index.php\/wp-json\/wp\/v2\/comments?post=29266"}],"version-history":[{"count":1,"href":"https:\/\/noticiasnoface.com.br\/index.php\/wp-json\/wp\/v2\/posts\/29266\/revisions"}],"predecessor-version":[{"id":29267,"href":"https:\/\/noticiasnoface.com.br\/index.php\/wp-json\/wp\/v2\/posts\/29266\/revisions\/29267"}],"wp:attachment":[{"href":"https:\/\/noticiasnoface.com.br\/index.php\/wp-json\/wp\/v2\/media?parent=29266"}],"wp:term":[{"taxonomy":"category","embeddable":true,"href":"https:\/\/noticiasnoface.com.br\/index.php\/wp-json\/wp\/v2\/categories?post=29266"},{"taxonomy":"post_tag","embeddable":true,"href":"https:\/\/noticiasnoface.com.br\/index.php\/wp-json\/wp\/v2\/tags?post=29266"}],"curies":[{"name":"wp","href":"https:\/\/api.w.org\/{rel}","templated":true}]}}