{"id":29268,"date":"2025-08-14T21:39:38","date_gmt":"2025-08-15T00:39:38","guid":{"rendered":"https:\/\/noticiasnoface.com.br\/?p=29268"},"modified":"2025-08-14T21:39:38","modified_gmt":"2025-08-15T00:39:38","slug":"camara-aprova-novas-medidas-para-eventos-e-calendario-oficial-de-natal","status":"publish","type":"post","link":"https:\/\/noticiasnoface.com.br\/index.php\/2025\/08\/14\/camara-aprova-novas-medidas-para-eventos-e-calendario-oficial-de-natal\/","title":{"rendered":"C\u00e2mara aprova novas medidas para eventos e calend\u00e1rio oficial de Natal&nbsp;"},"content":{"rendered":"\n<figure class=\"wp-block-image foto-noticia\"><img data-opt-id=1053448356  fetchpriority=\"high\" decoding=\"async\" src=\"https:\/\/www.cmnat.rn.gov.br\/_ups\/noticias\/2025\/08\/14\/aaeedfc58a42fa1baf785ed5b5a3cd11.jpeg\" alt=\"\"\/><\/figure>\n\n\n\n<p>Na Sess\u00e3o Ordin\u00e1ria desta quinta-feira (14), a C\u00e2mara Municipal de Natal analisou cinco vetos integrais enviados pelo Poder Executivo. Quatro deles tiveram parecer pela manuten\u00e7\u00e3o e foram mantidos, enquanto um recebeu parecer pela derrubada.<\/p>\n\n\n\n<p>O veto derrubado foi ao Projeto de Lei n\u00ba 547\/2022, de autoria do vereador Robson Carvalho (Uni\u00e3o), que garante o acesso de animais a feiras de artesanato, bazares, brech\u00f3s e eventos similares no munic\u00edpio, desde que respeitadas regras de seguran\u00e7a e cuidados necess\u00e1rios.<\/p>\n\n\n\n<p>\u201cEsse projeto \u00e9 importante para Natal, especialmente para os tutores, que passam a ter a liberdade de levar seus pets para esses espa\u00e7os, sempre com responsabilidade\u201d, destacou a vereadora Camila Ara\u00fajo (Uni\u00e3o Brasil), que defendeu a proposta em plen\u00e1rio.<\/p>\n\n\n\n<p>Ainda durante a sess\u00e3o, foi aprovado em segunda discuss\u00e3o o Projeto de Lei n\u00ba 802\/2024, de autoria da vereadora Camila Ara\u00fajo, que institui no Calend\u00e1rio Oficial de Eventos do Munic\u00edpio de Natal o Dia do Auxiliar de Trabalho Evang\u00e9lico.<\/p>\n\n\n\n<p>Segundo a parlamentar, a data reconhece a atua\u00e7\u00e3o desses volunt\u00e1rios, que desempenham fun\u00e7\u00f5es essenciais nas igrejas, como coleta de ofertas, organiza\u00e7\u00e3o do espa\u00e7o, limpeza e apoio \u00e0s celebra\u00e7\u00f5es.<\/p>\n\n\n\n<p>Texto: Phablo Galv\u00e3o&nbsp;<br \/>Fotos: Francisco de Assis<\/p>\n","protected":false},"excerpt":{"rendered":"<p>Na Sess\u00e3o Ordin\u00e1ria desta quinta-feira (14), a C\u00e2mara Municipal de Natal analisou cinco vetos integrais enviados pelo Poder Executivo. Quatro [&hellip;]<\/p>\n","protected":false},"author":1,"featured_media":0,"comment_status":"closed","ping_status":"","sticky":false,"template":"","format":"image","meta":{"site-sidebar-layout":"default","site-content-layout":"","ast-site-content-layout":"default","site-content-style":"default","site-sidebar-style":"default","ast-global-header-display":"","ast-banner-title-visibility":"","ast-main-header-display":"","ast-hfb-above-header-display":"","ast-hfb-below-header-display":"","ast-hfb-mobile-header-display":"","site-post-title":"","ast-breadcrumbs-content":"","ast-featured-img":"","footer-sml-layout":"","ast-disable-related-posts":"","theme-transparent-header-meta":"","adv-header-id-meta":"","stick-header-meta":"","header-above-stick-meta":"","header-main-stick-meta":"","header-below-stick-meta":"","astra-migrate-meta-layouts":"default","ast-page-background-enabled":"default","ast-page-background-meta":{"desktop":{"background-color":"var(--ast-global-color-4)","background-image":"","background-repeat":"repeat","background-position":"center center","background-size":"auto","background-attachment":"scroll","background-type":"","background-media":"","overlay-type":"","overlay-color":"","overlay-opacity":"","overlay-gradient":""},"tablet":{"background-color":"","background-image":"","background-repeat":"repeat","background-position":"center center","background-size":"auto","background-attachment":"scroll","background-type":"","background-media":"","overlay-type":"","overlay-color":"","overlay-opacity":"","overlay-gradient":""},"mobile":{"background-color":"","background-image":"","background-repeat":"repeat","background-position":"center center","background-size":"auto","background-attachment":"scroll","background-type":"","background-media":"","overlay-type":"","overlay-color":"","overlay-opacity":"","overlay-gradient":""}},"ast-content-background-meta":{"desktop":{"background-color":"var(--ast-global-color-5)","background-image":"","background-repeat":"repeat","background-position":"center center","background-size":"auto","background-attachment":"scroll","background-type":"","background-media":"","overlay-type":"","overlay-color":"","overlay-opacity":"","overlay-gradient":""},"tablet":{"background-color":"var(--ast-global-color-5)","background-image":"","background-repeat":"repeat","background-position":"center center","background-size":"auto","background-attachment":"scroll","background-type":"","background-media":"","overlay-type":"","overlay-color":"","overlay-opacity":"","overlay-gradient":""},"mobile":{"background-color":"var(--ast-global-color-5)","background-image":"","background-repeat":"repeat","background-position":"center center","background-size":"auto","background-attachment":"scroll","background-type":"","background-media":"","overlay-type":"","overlay-color":"","overlay-opacity":"","overlay-gradient":""}},"footnotes":""},"categories":[3816],"tags":[],"class_list":["post-29268","post","type-post","status-publish","format-image","hentry","category-camara-municipal-de-natal","post_format-post-format-image"],"_links":{"self":[{"href":"https:\/\/noticiasnoface.com.br\/index.php\/wp-json\/wp\/v2\/posts\/29268","targetHints":{"allow":["GET"]}}],"collection":[{"href":"https:\/\/noticiasnoface.com.br\/index.php\/wp-json\/wp\/v2\/posts"}],"about":[{"href":"https:\/\/noticiasnoface.com.br\/index.php\/wp-json\/wp\/v2\/types\/post"}],"author":[{"embeddable":true,"href":"https:\/\/noticiasnoface.com.br\/index.php\/wp-json\/wp\/v2\/users\/1"}],"replies":[{"embeddable":true,"href":"https:\/\/noticiasnoface.com.br\/index.php\/wp-json\/wp\/v2\/comments?post=29268"}],"version-history":[{"count":1,"href":"https:\/\/noticiasnoface.com.br\/index.php\/wp-json\/wp\/v2\/posts\/29268\/revisions"}],"predecessor-version":[{"id":29269,"href":"https:\/\/noticiasnoface.com.br\/index.php\/wp-json\/wp\/v2\/posts\/29268\/revisions\/29269"}],"wp:attachment":[{"href":"https:\/\/noticiasnoface.com.br\/index.php\/wp-json\/wp\/v2\/media?parent=29268"}],"wp:term":[{"taxonomy":"category","embeddable":true,"href":"https:\/\/noticiasnoface.com.br\/index.php\/wp-json\/wp\/v2\/categories?post=29268"},{"taxonomy":"post_tag","embeddable":true,"href":"https:\/\/noticiasnoface.com.br\/index.php\/wp-json\/wp\/v2\/tags?post=29268"}],"curies":[{"name":"wp","href":"https:\/\/api.w.org\/{rel}","templated":true}]}}