{"id":29273,"date":"2025-08-14T21:43:16","date_gmt":"2025-08-15T00:43:16","guid":{"rendered":"https:\/\/noticiasnoface.com.br\/?p=29273"},"modified":"2025-08-14T21:43:16","modified_gmt":"2025-08-15T00:43:16","slug":"padilha-chama-donald-trump-de-inimigo-da-saude-e-defende-o-mais-medicos","status":"publish","type":"post","link":"https:\/\/noticiasnoface.com.br\/index.php\/2025\/08\/14\/padilha-chama-donald-trump-de-inimigo-da-saude-e-defende-o-mais-medicos\/","title":{"rendered":"Padilha chama Donald Trump de \u201cinimigo da sa\u00fade\u201d e defende o Mais M\u00e9dicos"},"content":{"rendered":"\n<p><\/p>\n\n\n\n<figure class=\"wp-block-image\"><img data-opt-id=1763008261  fetchpriority=\"high\" decoding=\"async\" src=\"https:\/\/media.gazetadopovo.com.br\/2025\/05\/30132108\/alexandre-padilha-foto-reproducao-canal-gov-1-660x372.jpg.webp\" alt=\"Alexandre Padilha\"\/><\/figure>\n\n\n\n<p>O ministro da Sa\u00fade, Alexandre Padilha (PT-SP), criticou nesta quinta-feira (14) o presidente dos Estados Unidos, Donald Trump, e o chamou de \u201cinimigo da sa\u00fade\u201d durante a inaugura\u00e7\u00e3o da f\u00e1brica da Hemobr\u00e1s, em Goi\u00e2nia (PE). \u201c(Trump) se acha chefe do mundo\u201d, disparou durante seu discurso.<\/p>\n\n\n\n<p>A declara\u00e7\u00e3o ocorreu ap\u00f3s o Departamento de Estado americano anunciar, na quarta-feira (13), a revoga\u00e7\u00e3o dos vistos de Mozart Sales, secret\u00e1rio de Aten\u00e7\u00e3o Especializada \u00e0 Sa\u00fade, e Alberto Kleiman, ex-diretor do Departamento de Rela\u00e7\u00f5es Internacionais do Minist\u00e9rio da Sa\u00fade, ambos ligados ao programa Mais M\u00e9dicos.<\/p>\n\n\n\n<p>\u201cNenhum ataque, seja aqui no Brasil, muito menos um ataque que vem de fora, com outros interesses, de quem j\u00e1 tem uma hist\u00f3ria de atacar a sa\u00fade. Porque o presidente Trump come\u00e7ou o ano perseguindo cientistas que desenvolvem vacinas (\u2026) e agora faz um ataque a um programa internacionalmente reconhecido, que \u00e9 o Mais M\u00e9dicos\u201d, sustentou aos jornalistas.<\/p>\n\n\n\n<p>Alexandre Padilha defendeu o programa Mais M\u00e9dicos, criado em 2013 no governo petista Dilma Rousseff, afirmando que ele \u201csalva vidas\u201d e \u00e9 aprovado pela popula\u00e7\u00e3o brasileira. \u201cSa\u00fade e soberania n\u00e3o se negociam\u201d, disse o ministro, assegurando que o programa \u201csobreviver\u00e1 aos ataques injustific\u00e1veis de quem quer que seja\u201d. O Programa Mais M\u00e9dicos foi encerrado em 2019.<\/p>\n\n\n\n<h2 class=\"wp-block-heading\">EUA afirmam que Mais M\u00e9dico ajudou a sustentar ditadura comunista em Cuba<\/h2>\n\n\n\n<p>O governo dos EUA justifica a revoga\u00e7\u00e3o dos vistos alegando que Sales e Kleiman participaram da implementa\u00e7\u00e3o do Mais M\u00e9dicos, que os americanos consideram parte de um suposto esquema de explora\u00e7\u00e3o de m\u00e9dicos cubanos, gerando recursos para a manuten\u00e7\u00e3o do regime autorit\u00e1rio na ilha.<\/p>\n\n\n\n<p>&#8220;Esses funcion\u00e1rios foram respons\u00e1veis pela cumplicidade com o esquema coercitivo de exporta\u00e7\u00e3o de m\u00e3o de obra do regime cubano ou se envolveram nisso, o que explora profissionais m\u00e9dicos cubanos por meio de trabalho for\u00e7ado. Esse esquema enriquece o corrupto regime cubano e priva o povo cubano de cuidados m\u00e9dicos essenciais&#8221;, indicou o documento norte-americano para justificar a revoga\u00e7\u00e3o dos vistos dos brasileiros.<\/p>\n\n\n\n<p>Aliados ao governo Lula interpretam as san\u00e7\u00f5es como uma manobra pol\u00edtica do governo Trump, e o Brasil n\u00e3o planeja alterar sua posi\u00e7\u00e3o, especialmente diante do julgamento de Jair Bolsonaro (PL-RJ), previsto para setembro. O epis\u00f3dio acirrou ainda mais as tens\u00f5es diplom\u00e1ticas e evidenciou as diverg\u00eancias entre Brasil e Estados Unidos.<\/p>\n\n\n\n<p><\/p>\n","protected":false},"excerpt":{"rendered":"<p>O ministro da Sa\u00fade, Alexandre Padilha (PT-SP), criticou nesta quinta-feira (14) o presidente dos Estados Unidos, Donald Trump, e o [&hellip;]<\/p>\n","protected":false},"author":1,"featured_media":0,"comment_status":"closed","ping_status":"","sticky":false,"template":"","format":"image","meta":{"site-sidebar-layout":"default","site-content-layout":"","ast-site-content-layout":"default","site-content-style":"default","site-sidebar-style":"default","ast-global-header-display":"","ast-banner-title-visibility":"","ast-main-header-display":"","ast-hfb-above-header-display":"","ast-hfb-below-header-display":"","ast-hfb-mobile-header-display":"","site-post-title":"","ast-breadcrumbs-content":"","ast-featured-img":"","footer-sml-layout":"","ast-disable-related-posts":"","theme-transparent-header-meta":"","adv-header-id-meta":"","stick-header-meta":"","header-above-stick-meta":"","header-main-stick-meta":"","header-below-stick-meta":"","astra-migrate-meta-layouts":"default","ast-page-background-enabled":"default","ast-page-background-meta":{"desktop":{"background-color":"var(--ast-global-color-4)","background-image":"","background-repeat":"repeat","background-position":"center center","background-size":"auto","background-attachment":"scroll","background-type":"","background-media":"","overlay-type":"","overlay-color":"","overlay-opacity":"","overlay-gradient":""},"tablet":{"background-color":"","background-image":"","background-repeat":"repeat","background-position":"center center","background-size":"auto","background-attachment":"scroll","background-type":"","background-media":"","overlay-type":"","overlay-color":"","overlay-opacity":"","overlay-gradient":""},"mobile":{"background-color":"","background-image":"","background-repeat":"repeat","background-position":"center center","background-size":"auto","background-attachment":"scroll","background-type":"","background-media":"","overlay-type":"","overlay-color":"","overlay-opacity":"","overlay-gradient":""}},"ast-content-background-meta":{"desktop":{"background-color":"var(--ast-global-color-5)","background-image":"","background-repeat":"repeat","background-position":"center center","background-size":"auto","background-attachment":"scroll","background-type":"","background-media":"","overlay-type":"","overlay-color":"","overlay-opacity":"","overlay-gradient":""},"tablet":{"background-color":"var(--ast-global-color-5)","background-image":"","background-repeat":"repeat","background-position":"center center","background-size":"auto","background-attachment":"scroll","background-type":"","background-media":"","overlay-type":"","overlay-color":"","overlay-opacity":"","overlay-gradient":""},"mobile":{"background-color":"var(--ast-global-color-5)","background-image":"","background-repeat":"repeat","background-position":"center center","background-size":"auto","background-attachment":"scroll","background-type":"","background-media":"","overlay-type":"","overlay-color":"","overlay-opacity":"","overlay-gradient":""}},"footnotes":""},"categories":[517],"tags":[],"class_list":["post-29273","post","type-post","status-publish","format-image","hentry","category-aconteceu","post_format-post-format-image"],"_links":{"self":[{"href":"https:\/\/noticiasnoface.com.br\/index.php\/wp-json\/wp\/v2\/posts\/29273","targetHints":{"allow":["GET"]}}],"collection":[{"href":"https:\/\/noticiasnoface.com.br\/index.php\/wp-json\/wp\/v2\/posts"}],"about":[{"href":"https:\/\/noticiasnoface.com.br\/index.php\/wp-json\/wp\/v2\/types\/post"}],"author":[{"embeddable":true,"href":"https:\/\/noticiasnoface.com.br\/index.php\/wp-json\/wp\/v2\/users\/1"}],"replies":[{"embeddable":true,"href":"https:\/\/noticiasnoface.com.br\/index.php\/wp-json\/wp\/v2\/comments?post=29273"}],"version-history":[{"count":1,"href":"https:\/\/noticiasnoface.com.br\/index.php\/wp-json\/wp\/v2\/posts\/29273\/revisions"}],"predecessor-version":[{"id":29274,"href":"https:\/\/noticiasnoface.com.br\/index.php\/wp-json\/wp\/v2\/posts\/29273\/revisions\/29274"}],"wp:attachment":[{"href":"https:\/\/noticiasnoface.com.br\/index.php\/wp-json\/wp\/v2\/media?parent=29273"}],"wp:term":[{"taxonomy":"category","embeddable":true,"href":"https:\/\/noticiasnoface.com.br\/index.php\/wp-json\/wp\/v2\/categories?post=29273"},{"taxonomy":"post_tag","embeddable":true,"href":"https:\/\/noticiasnoface.com.br\/index.php\/wp-json\/wp\/v2\/tags?post=29273"}],"curies":[{"name":"wp","href":"https:\/\/api.w.org\/{rel}","templated":true}]}}