{"id":29290,"date":"2025-08-16T21:11:04","date_gmt":"2025-08-17T00:11:04","guid":{"rendered":"https:\/\/noticiasnoface.com.br\/?p=29290"},"modified":"2025-08-16T21:11:04","modified_gmt":"2025-08-17T00:11:04","slug":"stf-tem-maioria-pro-uniao-em-disputa-previdenciaria-de-r-1313-bi-2","status":"publish","type":"post","link":"https:\/\/noticiasnoface.com.br\/index.php\/2025\/08\/16\/stf-tem-maioria-pro-uniao-em-disputa-previdenciaria-de-r-1313-bi-2\/","title":{"rendered":"STF tem maioria pr\u00f3-Uni\u00e3o em disputa previdenci\u00e1ria de R$ 131,3 bi"},"content":{"rendered":"\n<h2 class=\"wp-block-heading subhead\">Vota\u00e7\u00e3o busca validar a aplica\u00e7\u00e3o do fator previdenci\u00e1rio a aposentadorias concedidas sob as regras de transi\u00e7\u00e3o da reforma da Previd\u00eancia de 1998<\/h2>\n\n\n\n<p>15\/08\/25 \u00e0s 21:11&nbsp;|&nbsp;Atualizado&nbsp;15\/08\/25 \u00e0s 21:11<\/p>\n\n\n\n<figure class=\"wp-block-image\"><img data-opt-id=551392502  fetchpriority=\"high\" decoding=\"async\" src=\"https:\/\/admin.cnnbrasil.com.br\/wp-content\/uploads\/sites\/12\/2022\/08\/GettyImages-1229154174.jpg?w=419&amp;h=283&amp;crop=0\" alt=\"Previd\u00eancia Social\"\/><figcaption class=\"wp-element-caption\">Vota\u00e7\u00e3o busca validar a aplica\u00e7\u00e3o do fator previdenci\u00e1rio a aposentadorias concedidas sob as regras de transi\u00e7\u00e3o da reforma da Previd\u00eancia de 1998&nbsp; \u2022&nbsp;Rafael Henrique\/SOPA Images\/LightRocket via Getty Images<\/figcaption><\/figure>\n\n\n\n<p>O STF (Supremo Tribunal Federal) formou maioria nesta sexta-feira (15) para validar a aplica\u00e7\u00e3o do fator previdenci\u00e1rio a aposentadorias concedidas sob as regras de transi\u00e7\u00e3o da reforma da Previd\u00eancia de 1998.<\/p>\n\n\n\n<p>A AGU (Advocacia-Geral da Uni\u00e3o) estima que o impacto para os cofres p\u00fablicos em caso de derrota poderia chegar a R$ 131,3 bilh\u00f5es.<\/p>\n\n\n\n<p>&#8220;Os valores monet\u00e1rios, relativos ao per\u00edodo concessivo de 2016 a 2025, apontam que o impacto financeiro decorrente do afastamento do uso do fator previdenci\u00e1rio no c\u00e1lculo dos benef\u00edcios de aposentadoria nesse per\u00edodo representa a quantia de R$ 131,3 bilh\u00f5es, com tend\u00eancia de crescimento ao longo dos anos seguintes&#8221;, informou a AGU em memorial entregue ao Supremo na semana passada.<\/p>\n\n\n\n<p>Na LDO (Lei de Diretrizes Or\u00e7ament\u00e1rias) de 2025, o impacto previsto era de R$ 89 bilh\u00f5es.<\/p>\n\n\n\n<p>O relator, ministro Gilmar Mendes, votou para negar o recurso e foi acompanhado at\u00e9 o momento pelos ministros Alexandre de Moraes, Cristiano Zanin, Fl\u00e1vio Dino, Andr\u00e9 Mendon\u00e7a e Luiz Fux. A conclus\u00e3o do julgamento est\u00e1 prevista para segunda-feira (18).<\/p>\n\n\n\n<p>A maioria dos ministros defendeu que, nos benef\u00edcios concedidos a segurados filiados ao RGPS (Regime Geral de Previd\u00eancia Social) at\u00e9 16 de dezembro de 1998, deve prevalecer a incid\u00eancia do fator previdenci\u00e1rio, criado pela Lei 9.876\/99.<\/p>\n\n\n\n<p>A discuss\u00e3o era se o fator previdenci\u00e1rio poderia se sobrepor \u00e0s regras de transi\u00e7\u00e3o trazidas pela EC (Emenda Constitucional) 20\/98.<\/p>\n\n\n\n<p>O fator previdenci\u00e1rio \u00e9 uma f\u00f3rmula que envolve elementos como a idade do segurado, o tempo de contribui\u00e7\u00e3o e a expectativa de sobrevida no momento da aposentadoria.<\/p>\n\n\n\n<p>O resultado desse c\u00e1lculo \u00e9 determinante para a defini\u00e7\u00e3o do valor mensal do benef\u00edcio. O fator previdenci\u00e1rio foi extinto para a maioria dos trabalhadores na reforma da Previd\u00eancia de 2019.<\/p>\n\n\n\n<p>O caso come\u00e7ou com a a\u00e7\u00e3o de uma segurada contra o INSS pedindo a revis\u00e3o do c\u00e1lculo da sua aposentadoria por tempo de contribui\u00e7\u00e3o proporcional, concedida em julho de 2003, sob a vig\u00eancia da Emenda Constitucional 20\/1998.<\/p>\n\n\n\n<p>Para ela, o fator previdenci\u00e1rio criado na lei de 1999 n\u00e3o deveria ter sido aplicado no c\u00e1lculo do seu benef\u00edcio porque se sobrep\u00f4s \u00e0s regras de transi\u00e7\u00e3o criadas na emenda de 1998 e causou a dupla restri\u00e7\u00e3o do benef\u00edcio, reduzindo sua renda mensal.<\/p>\n\n\n\n<p>Para Gilmar, o fator previdenci\u00e1rio est\u00e1 inserido em um contexto de ajustes estruturais necess\u00e1rios para manter a sustentabilidade do sistema e que n\u00e3o se pode falar em &#8220;cristaliza\u00e7\u00e3o absoluta&#8221; das normas vigentes.<\/p>\n\n\n\n<p>&#8220;Em mat\u00e9ria previdenci\u00e1ria, a confian\u00e7a leg\u00edtima opera de forma mitigada, protegendo apenas situa\u00e7\u00f5es jur\u00eddicas consolidadas, como aquelas em que j\u00e1 se completaram todos os requisitos para a concess\u00e3o do benef\u00edcio&#8221;, disse.<\/p>\n","protected":false},"excerpt":{"rendered":"<p>Vota\u00e7\u00e3o busca validar a aplica\u00e7\u00e3o do fator previdenci\u00e1rio a aposentadorias concedidas sob as regras de transi\u00e7\u00e3o da reforma da Previd\u00eancia [&hellip;]<\/p>\n","protected":false},"author":1,"featured_media":0,"comment_status":"closed","ping_status":"","sticky":false,"template":"","format":"image","meta":{"site-sidebar-layout":"default","site-content-layout":"","ast-site-content-layout":"default","site-content-style":"default","site-sidebar-style":"default","ast-global-header-display":"","ast-banner-title-visibility":"","ast-main-header-display":"","ast-hfb-above-header-display":"","ast-hfb-below-header-display":"","ast-hfb-mobile-header-display":"","site-post-title":"","ast-breadcrumbs-content":"","ast-featured-img":"","footer-sml-layout":"","ast-disable-related-posts":"","theme-transparent-header-meta":"","adv-header-id-meta":"","stick-header-meta":"","header-above-stick-meta":"","header-main-stick-meta":"","header-below-stick-meta":"","astra-migrate-meta-layouts":"default","ast-page-background-enabled":"default","ast-page-background-meta":{"desktop":{"background-color":"var(--ast-global-color-4)","background-image":"","background-repeat":"repeat","background-position":"center center","background-size":"auto","background-attachment":"scroll","background-type":"","background-media":"","overlay-type":"","overlay-color":"","overlay-opacity":"","overlay-gradient":""},"tablet":{"background-color":"","background-image":"","background-repeat":"repeat","background-position":"center center","background-size":"auto","background-attachment":"scroll","background-type":"","background-media":"","overlay-type":"","overlay-color":"","overlay-opacity":"","overlay-gradient":""},"mobile":{"background-color":"","background-image":"","background-repeat":"repeat","background-position":"center center","background-size":"auto","background-attachment":"scroll","background-type":"","background-media":"","overlay-type":"","overlay-color":"","overlay-opacity":"","overlay-gradient":""}},"ast-content-background-meta":{"desktop":{"background-color":"var(--ast-global-color-5)","background-image":"","background-repeat":"repeat","background-position":"center center","background-size":"auto","background-attachment":"scroll","background-type":"","background-media":"","overlay-type":"","overlay-color":"","overlay-opacity":"","overlay-gradient":""},"tablet":{"background-color":"var(--ast-global-color-5)","background-image":"","background-repeat":"repeat","background-position":"center center","background-size":"auto","background-attachment":"scroll","background-type":"","background-media":"","overlay-type":"","overlay-color":"","overlay-opacity":"","overlay-gradient":""},"mobile":{"background-color":"var(--ast-global-color-5)","background-image":"","background-repeat":"repeat","background-position":"center center","background-size":"auto","background-attachment":"scroll","background-type":"","background-media":"","overlay-type":"","overlay-color":"","overlay-opacity":"","overlay-gradient":""}},"footnotes":""},"categories":[517],"tags":[],"class_list":["post-29290","post","type-post","status-publish","format-image","hentry","category-aconteceu","post_format-post-format-image"],"_links":{"self":[{"href":"https:\/\/noticiasnoface.com.br\/index.php\/wp-json\/wp\/v2\/posts\/29290","targetHints":{"allow":["GET"]}}],"collection":[{"href":"https:\/\/noticiasnoface.com.br\/index.php\/wp-json\/wp\/v2\/posts"}],"about":[{"href":"https:\/\/noticiasnoface.com.br\/index.php\/wp-json\/wp\/v2\/types\/post"}],"author":[{"embeddable":true,"href":"https:\/\/noticiasnoface.com.br\/index.php\/wp-json\/wp\/v2\/users\/1"}],"replies":[{"embeddable":true,"href":"https:\/\/noticiasnoface.com.br\/index.php\/wp-json\/wp\/v2\/comments?post=29290"}],"version-history":[{"count":1,"href":"https:\/\/noticiasnoface.com.br\/index.php\/wp-json\/wp\/v2\/posts\/29290\/revisions"}],"predecessor-version":[{"id":29291,"href":"https:\/\/noticiasnoface.com.br\/index.php\/wp-json\/wp\/v2\/posts\/29290\/revisions\/29291"}],"wp:attachment":[{"href":"https:\/\/noticiasnoface.com.br\/index.php\/wp-json\/wp\/v2\/media?parent=29290"}],"wp:term":[{"taxonomy":"category","embeddable":true,"href":"https:\/\/noticiasnoface.com.br\/index.php\/wp-json\/wp\/v2\/categories?post=29290"},{"taxonomy":"post_tag","embeddable":true,"href":"https:\/\/noticiasnoface.com.br\/index.php\/wp-json\/wp\/v2\/tags?post=29290"}],"curies":[{"name":"wp","href":"https:\/\/api.w.org\/{rel}","templated":true}]}}