{"id":29294,"date":"2025-08-16T21:13:16","date_gmt":"2025-08-17T00:13:16","guid":{"rendered":"https:\/\/noticiasnoface.com.br\/?p=29294"},"modified":"2025-08-16T21:13:16","modified_gmt":"2025-08-17T00:13:16","slug":"michelle-chama-lula-de-pinguco-e-acusa-presidente-de-provocar-sancoes","status":"publish","type":"post","link":"https:\/\/noticiasnoface.com.br\/index.php\/2025\/08\/16\/michelle-chama-lula-de-pinguco-e-acusa-presidente-de-provocar-sancoes\/","title":{"rendered":"Michelle chama Lula de &#8220;pingu\u00e7o&#8221; e acusa presidente de provocar san\u00e7\u00f5es"},"content":{"rendered":"\n<h2 class=\"wp-block-heading text-lg font-normal group-[.isActiveSource]:text-xl\">Ex-primeira-dama criticou o petista em evento em Natal e disse o Brasil est\u00e1 &#8220;colhendo abacaxis&#8221; depois de Lula &#8220;oferecer jabuticaba&#8221; para Trump<\/h2>\n\n\n\n<p><a href=\"https:\/\/www.cnnbrasil.com.br\/autor\/maria-clara-matos\/\" class=\"text-sm underline\" target=\"_blank\" rel=\"noopener\">Maria Clara Matos<\/a>, da CNN, S\u00e3o Paulo16\/08\/25 \u00e0s 18:05&nbsp;|&nbsp;Atualizado&nbsp;16\/08\/25 \u00e0s 20:33<\/p>\n\n\n\n<figure class=\"wp-block-image group\/featureImage featuredImage relative z-10 mb-4 flex shrink flex-col gap-2\"><img data-opt-id=22762447  fetchpriority=\"high\" decoding=\"async\" src=\"https:\/\/admin.cnnbrasil.com.br\/wp-content\/uploads\/sites\/12\/2025\/08\/WhatsApp-Image-2025-08-16-at-20.30.48.jpeg?w=419&amp;h=283&amp;crop=0\" alt=\"\"\/><figcaption class=\"wp-element-caption\">Ex-primeira dama Michelle Bolsonaro em evento do PL Mulher em Natal, Rio Grande do Norte&nbsp; \u2022&nbsp;Divulga\u00e7\u00e3o\/PL<\/figcaption><\/figure>\n\n\n\n<p class=\"my-5 break-words group-[.isActiveSource]:text-xl\">A<strong class=\"group-[.isActiveSource]:text-xl group-[.isActiveSource]:font-bold\">&nbsp;ex-primeira-dama Michelle Bolsonaro (PL),<\/strong>presidente do PL Mulher, acusou neste s\u00e1bado (16) o presidente<strong class=\"group-[.isActiveSource]:text-xl group-[.isActiveSource]:font-bold\">&nbsp;Luiz In\u00e1cio Lula da Silva (PT)<\/strong>de ter provocado as&nbsp;<strong class=\"group-[.isActiveSource]:text-xl group-[.isActiveSource]:font-bold\">tarifas impostas pelos Estados Unidos<\/strong>&nbsp;a parte dos produtos importados pelo pa\u00eds do Brasil. De acordo com ela, o chefe do Executivo &#8220;provoca&#8221; os EUA para que a fam\u00edlia Bolsonaro &#8220;receba a culpa&#8221;.<\/p>\n","protected":false},"excerpt":{"rendered":"<p>Ex-primeira-dama criticou o petista em evento em Natal e disse o Brasil est\u00e1 &#8220;colhendo abacaxis&#8221; depois de Lula &#8220;oferecer jabuticaba&#8221; [&hellip;]<\/p>\n","protected":false},"author":1,"featured_media":0,"comment_status":"closed","ping_status":"","sticky":false,"template":"","format":"image","meta":{"site-sidebar-layout":"default","site-content-layout":"","ast-site-content-layout":"default","site-content-style":"default","site-sidebar-style":"default","ast-global-header-display":"","ast-banner-title-visibility":"","ast-main-header-display":"","ast-hfb-above-header-display":"","ast-hfb-below-header-display":"","ast-hfb-mobile-header-display":"","site-post-title":"","ast-breadcrumbs-content":"","ast-featured-img":"","footer-sml-layout":"","ast-disable-related-posts":"","theme-transparent-header-meta":"","adv-header-id-meta":"","stick-header-meta":"","header-above-stick-meta":"","header-main-stick-meta":"","header-below-stick-meta":"","astra-migrate-meta-layouts":"default","ast-page-background-enabled":"default","ast-page-background-meta":{"desktop":{"background-color":"var(--ast-global-color-4)","background-image":"","background-repeat":"repeat","background-position":"center center","background-size":"auto","background-attachment":"scroll","background-type":"","background-media":"","overlay-type":"","overlay-color":"","overlay-opacity":"","overlay-gradient":""},"tablet":{"background-color":"","background-image":"","background-repeat":"repeat","background-position":"center center","background-size":"auto","background-attachment":"scroll","background-type":"","background-media":"","overlay-type":"","overlay-color":"","overlay-opacity":"","overlay-gradient":""},"mobile":{"background-color":"","background-image":"","background-repeat":"repeat","background-position":"center center","background-size":"auto","background-attachment":"scroll","background-type":"","background-media":"","overlay-type":"","overlay-color":"","overlay-opacity":"","overlay-gradient":""}},"ast-content-background-meta":{"desktop":{"background-color":"var(--ast-global-color-5)","background-image":"","background-repeat":"repeat","background-position":"center center","background-size":"auto","background-attachment":"scroll","background-type":"","background-media":"","overlay-type":"","overlay-color":"","overlay-opacity":"","overlay-gradient":""},"tablet":{"background-color":"var(--ast-global-color-5)","background-image":"","background-repeat":"repeat","background-position":"center center","background-size":"auto","background-attachment":"scroll","background-type":"","background-media":"","overlay-type":"","overlay-color":"","overlay-opacity":"","overlay-gradient":""},"mobile":{"background-color":"var(--ast-global-color-5)","background-image":"","background-repeat":"repeat","background-position":"center center","background-size":"auto","background-attachment":"scroll","background-type":"","background-media":"","overlay-type":"","overlay-color":"","overlay-opacity":"","overlay-gradient":""}},"footnotes":""},"categories":[517],"tags":[],"class_list":["post-29294","post","type-post","status-publish","format-image","hentry","category-aconteceu","post_format-post-format-image"],"_links":{"self":[{"href":"https:\/\/noticiasnoface.com.br\/index.php\/wp-json\/wp\/v2\/posts\/29294","targetHints":{"allow":["GET"]}}],"collection":[{"href":"https:\/\/noticiasnoface.com.br\/index.php\/wp-json\/wp\/v2\/posts"}],"about":[{"href":"https:\/\/noticiasnoface.com.br\/index.php\/wp-json\/wp\/v2\/types\/post"}],"author":[{"embeddable":true,"href":"https:\/\/noticiasnoface.com.br\/index.php\/wp-json\/wp\/v2\/users\/1"}],"replies":[{"embeddable":true,"href":"https:\/\/noticiasnoface.com.br\/index.php\/wp-json\/wp\/v2\/comments?post=29294"}],"version-history":[{"count":1,"href":"https:\/\/noticiasnoface.com.br\/index.php\/wp-json\/wp\/v2\/posts\/29294\/revisions"}],"predecessor-version":[{"id":29295,"href":"https:\/\/noticiasnoface.com.br\/index.php\/wp-json\/wp\/v2\/posts\/29294\/revisions\/29295"}],"wp:attachment":[{"href":"https:\/\/noticiasnoface.com.br\/index.php\/wp-json\/wp\/v2\/media?parent=29294"}],"wp:term":[{"taxonomy":"category","embeddable":true,"href":"https:\/\/noticiasnoface.com.br\/index.php\/wp-json\/wp\/v2\/categories?post=29294"},{"taxonomy":"post_tag","embeddable":true,"href":"https:\/\/noticiasnoface.com.br\/index.php\/wp-json\/wp\/v2\/tags?post=29294"}],"curies":[{"name":"wp","href":"https:\/\/api.w.org\/{rel}","templated":true}]}}