{"id":29300,"date":"2025-08-18T19:52:49","date_gmt":"2025-08-18T22:52:49","guid":{"rendered":"https:\/\/noticiasnoface.com.br\/?p=29300"},"modified":"2025-08-18T19:52:49","modified_gmt":"2025-08-18T22:52:49","slug":"governo-trump-rebate-dino-nenhuma-corte-estrangeira-pode-invalidar-sancoes-dos-eua","status":"publish","type":"post","link":"https:\/\/noticiasnoface.com.br\/index.php\/2025\/08\/18\/governo-trump-rebate-dino-nenhuma-corte-estrangeira-pode-invalidar-sancoes-dos-eua\/","title":{"rendered":"Governo Trump rebate Dino: &#8216;Nenhuma Corte estrangeira pode invalidar san\u00e7\u00f5es dos EUA&#8217;"},"content":{"rendered":"\n<p>A administra\u00e7\u00e3o&nbsp;<a href=\"https:\/\/oglobo.globo.com\/tudo-sobre\/politico\/donald-trump\/\" target=\"_blank\" rel=\"noopener\">Donald Trump<\/a>&nbsp;classificou ainda o ministro&nbsp;<a href=\"https:\/\/oglobo.globo.com\/tudo-sobre\/personalidade\/alexandre-de-moraes\/\" target=\"_blank\" rel=\"noopener\">Alexandre de Moraes<\/a>, alvo de san\u00e7\u00f5es financeiras dos EUA, de \u201ct\u00f3xico\u201d e, em tom de amea\u00e7a, alertou que quem mantiver transa\u00e7\u00f5es com o magistrado est\u00e1 sujeito a retalia\u00e7\u00f5es americanas. A publica\u00e7\u00e3o foi reproduzida pelo perfil da Embaixada dos EUA no Brasil em portugu\u00eas na rede social X apenas 12 minutos ap\u00f3s a diplomacia americana se manifestar sobre a decis\u00e3o de Dino.&nbsp;<\/p>\n\n\n\n<p>&#8220;Alexandre de Moraes \u00e9 t\u00f3xico para todas as empresas leg\u00edtimas e indiv\u00edduos que buscam acesso aos Estados Unidos e seus mercados. Nenhuma Corte estrangeira pode invalidar as san\u00e7\u00f5es impostas pelos EUA ou proteger algu\u00e9m das severas consequ\u00eancias de descumpri-las&#8221;.&nbsp;<\/p>\n\n\n\n<p>&#8220;Pessoas e entidades sob jurisdi\u00e7\u00e3o dos EUA est\u00e3o proibidas de manter qualquer rela\u00e7\u00e3o comercial com ele. J\u00e1 aquelas pessoas e entidades fora da jurisdi\u00e7\u00e3o americana devem agir com m\u00e1xima cautela: quem oferecer apoio material a violadores de direitos humanos tamb\u00e9m pode ser alvo de san\u00e7\u00f5es&#8221;.&nbsp;<\/p>\n\n\n\n<blockquote class=\"wp-block-quote simple-tweet is-layout-flow wp-block-quote-is-layout-flow\">\n<p><a href=\"https:\/\/twitter.com\/twitter\/status\/1957557850718498839\" target=\"_blank\" rel=\"noopener\"><\/a><\/p>\n<\/blockquote>\n\n\n\n<figure class=\"wp-block-embed\"><div class=\"wp-block-embed__wrapper\">\nhttps:\/\/platform.twitter.com\/embed\/Tweet.html?dnt=true&#038;embedId=twitter-widget-0&#038;features=e30%3D&#038;frame=false&#038;hideCard=false&#038;hideThread=false&#038;id=1957557850718498839&#038;lang=en&#038;origin=safari-reader%3A%2F%2Foglobo.globo.com%2Fblogs%2Fmalu-gaspar%2Fpost%2F2025%2F08%2Fgoverno-trump-rebate-dino-nenhuma-corte-estrangeira-pode-invalidar-sancoes-dos-eua.ghtml%3Futm_source%3DTwitter%26utm_medium%3DSocial%26utm_campaign%3DO%2520Globo&#038;theme=light&#038;widgetsVersion=2615f7e52b7e0%3A1702314776716&#038;width=550px\n<\/div><\/figure>\n\n\n\n<p>Embora tenha sido tomada no \u00e2mbito de um processo do STF que julgava a legalidade da indeniza\u00e7\u00e3o de prefeituras por danos ambientais ocorridos no Brasil por meio de a\u00e7\u00f5es judicializadas no exterior em busca, a exemplo da trag\u00e9dia de&nbsp;<a href=\"https:\/\/oglobo.globo.com\/tudo-sobre\/cidade\/mariana-mg\" target=\"_blank\" rel=\"noopener\">Mariana (MG)<\/a>&nbsp;em 2015, a decis\u00e3o de Dino foi encarada como uma resposta da Corte \u00e0 imposi\u00e7\u00e3o de san\u00e7\u00f5es americanas contra integrantes do Supremo, em especial Alexandre de Moraes, que al\u00e9m de restri\u00e7\u00f5es a vistos americanos foi alvo da chamada Lei Magnitsky, legisla\u00e7\u00e3o aprovada pelo Congresso dos EUA no governo&nbsp;<a href=\"https:\/\/oglobo.globo.com\/tudo-sobre\/politico\/barack-obama\/\" target=\"_blank\" rel=\"noopener\">Barack Obama<\/a>&nbsp;(2009-2017).&nbsp;<\/p>\n\n\n\n<p>Assim como Moraes, Fl\u00e1vio Dino tamb\u00e9m \u00e9 alvo de san\u00e7\u00f5es de vistos por parte do Departamento de Estado americano. Al\u00e9m deles, os ministros&nbsp;<a href=\"https:\/\/oglobo.globo.com\/tudo-sobre\/personalidade\/gilmar-mendes\/\" target=\"_blank\" rel=\"noopener\">Gilmar Mendes<\/a>,&nbsp;<a href=\"https:\/\/oglobo.globo.com\/tudo-sobre\/personalidade\/dias-toffoli\/\" target=\"_blank\" rel=\"noopener\">Dias Toffoli<\/a>,&nbsp;<a href=\"https:\/\/oglobo.globo.com\/tudo-sobre\/personalidade\/carmen-lucia\/\" target=\"_blank\" rel=\"noopener\">C\u00e1rmen L\u00facia<\/a>,&nbsp;<a href=\"https:\/\/oglobo.globo.com\/tudo-sobre\/personalidade\/luis-roberto-barroso\/\" target=\"_blank\" rel=\"noopener\">Lu\u00eds Roberto Barroso<\/a>,&nbsp;<a href=\"https:\/\/oglobo.globo.com\/tudo-sobre\/personalidade\/edson-fachin\/\" target=\"_blank\" rel=\"noopener\">Edson Fachin<\/a>&nbsp;e&nbsp;<a href=\"https:\/\/oglobo.globo.com\/tudo-sobre\/personalidade\/cristiano-zanin\/\" target=\"_blank\" rel=\"noopener\">Cristiano Zanin<\/a>tamb\u00e9m est\u00e3o na lista de vetos de Washington. Ficaram de fora Luiz Fux, que tem feito cr\u00edticas \u00e0 condu\u00e7\u00e3o do julgamento da trama golpista,&nbsp;<a href=\"https:\/\/oglobo.globo.com\/tudo-sobre\/personalidade\/kassio-nunes-marques\/\" target=\"_blank\" rel=\"noopener\">Kassio Nunes Marques<\/a>&nbsp;e&nbsp;<a href=\"https:\/\/oglobo.globo.com\/tudo-sobre\/personalidade\/andre-mendonca\/\" target=\"_blank\" rel=\"noopener\">Andr\u00e9 Mendon\u00e7a<\/a>&nbsp;&#8211; os dois \u00faltimos indicados ao Supremo por&nbsp;<a href=\"https:\/\/oglobo.globo.com\/tudo-sobre\/politico\/jair-messias-bolsonaro\" target=\"_blank\" rel=\"noopener\">Jair Bolsonaro<\/a>.&nbsp;<\/p>\n\n\n\n<p>Procurado pelo blog, o gabinete de Dino informou que n\u00e3o comentaria as postagens do governo americano, j\u00e1 que o &#8220;ministro n\u00e3o trata sobre diplomacia&#8221;.&nbsp;<\/p>\n\n\n\n<p>O pronunciamento da administra\u00e7\u00e3o Trump foi repercutido pelo deputado federal&nbsp;<a href=\"https:\/\/oglobo.globo.com\/tudo-sobre\/politico\/eduardo-bolsonaro\" target=\"_blank\" rel=\"noopener\">Eduardo Bolsonaro<\/a>&nbsp;(<a href=\"https:\/\/oglobo.globo.com\/tudo-sobre\/partido-politico\/pl\/\" target=\"_blank\" rel=\"noopener\">PL<\/a>-SP), que est\u00e1 \u00e0 frente da campanha bolsonarista por san\u00e7\u00f5es contra autoridades e institui\u00e7\u00f5es brasileiras. As retalia\u00e7\u00f5es t\u00eam sido atribu\u00eddas por Trump ao que ele chama de &#8220;ca\u00e7a \u00e0s bruxas&#8221; contra o ex-presidente Bolsonaro, investigado no STF por golpe de Estado.&nbsp;<\/p>\n\n\n\n<p>Eduardo destacou o alinhamento entre as redes sociais do governo dos EUA citando a \u201cdobradinha\u201d entre a divis\u00e3o do Departamento de Estado para o Hemisf\u00e9rio Ocidental e a Embaixada em Bras\u00edlia.&nbsp;<\/p>\n\n\n\n<p>Como j\u00e1 publicamos no blog, aliados de Jair Bolsonaro veem o padr\u00e3o de publica\u00e7\u00f5es nas redes como um \u201croteiro\u201d para novas san\u00e7\u00f5es contra brasileiros.&nbsp;<\/p>\n\n\n\n<p>O ex-apresentador da Jovem Pan Paulo Figueiredo, que articula retalia\u00e7\u00f5es dos EUA ao lado de Eduardo, tamb\u00e9m repercutiu o pronunciamento do governo Trump ironizando o ministro Fl\u00e1vio Dino.&nbsp;<\/p>\n\n\n\n<p>Dino e Moraes v\u00e3o participar do julgamento do ex-presidente marcado para come\u00e7ar no pr\u00f3ximo dia 2. Os dois ministros integram a Primeira Turma do STF, a quem caber\u00e1 decidir se condena ou absolve Bolsonaro,&nbsp;<a href=\"https:\/\/oglobo.globo.com\/tudo-sobre\/politico\/walter-braga-netto\" target=\"_blank\" rel=\"noopener\">Walter Braga Netto<\/a>&nbsp;e outros seis r\u00e9us por envolvimento numa trama golpista para impedir a posse de Lula e manter o ex-presidente no poder.&nbsp;<\/p>\n\n\n\n<p>Nos julgamentos relacionados \u00e0s investiga\u00e7\u00f5es do 8 de Janeiro, os dois ministros costumam votar de forma alinhada para impor penas elevadas aos investigados.<\/p>\n","protected":false},"excerpt":{"rendered":"<p>A administra\u00e7\u00e3o&nbsp;Donald Trump&nbsp;classificou ainda o ministro&nbsp;Alexandre de Moraes, alvo de san\u00e7\u00f5es financeiras dos EUA, de \u201ct\u00f3xico\u201d e, em tom de [&hellip;]<\/p>\n","protected":false},"author":1,"featured_media":0,"comment_status":"closed","ping_status":"","sticky":false,"template":"","format":"image","meta":{"site-sidebar-layout":"default","site-content-layout":"","ast-site-content-layout":"default","site-content-style":"default","site-sidebar-style":"default","ast-global-header-display":"","ast-banner-title-visibility":"","ast-main-header-display":"","ast-hfb-above-header-display":"","ast-hfb-below-header-display":"","ast-hfb-mobile-header-display":"","site-post-title":"","ast-breadcrumbs-content":"","ast-featured-img":"","footer-sml-layout":"","ast-disable-related-posts":"","theme-transparent-header-meta":"","adv-header-id-meta":"","stick-header-meta":"","header-above-stick-meta":"","header-main-stick-meta":"","header-below-stick-meta":"","astra-migrate-meta-layouts":"default","ast-page-background-enabled":"default","ast-page-background-meta":{"desktop":{"background-color":"var(--ast-global-color-4)","background-image":"","background-repeat":"repeat","background-position":"center center","background-size":"auto","background-attachment":"scroll","background-type":"","background-media":"","overlay-type":"","overlay-color":"","overlay-opacity":"","overlay-gradient":""},"tablet":{"background-color":"","background-image":"","background-repeat":"repeat","background-position":"center center","background-size":"auto","background-attachment":"scroll","background-type":"","background-media":"","overlay-type":"","overlay-color":"","overlay-opacity":"","overlay-gradient":""},"mobile":{"background-color":"","background-image":"","background-repeat":"repeat","background-position":"center center","background-size":"auto","background-attachment":"scroll","background-type":"","background-media":"","overlay-type":"","overlay-color":"","overlay-opacity":"","overlay-gradient":""}},"ast-content-background-meta":{"desktop":{"background-color":"var(--ast-global-color-5)","background-image":"","background-repeat":"repeat","background-position":"center center","background-size":"auto","background-attachment":"scroll","background-type":"","background-media":"","overlay-type":"","overlay-color":"","overlay-opacity":"","overlay-gradient":""},"tablet":{"background-color":"var(--ast-global-color-5)","background-image":"","background-repeat":"repeat","background-position":"center center","background-size":"auto","background-attachment":"scroll","background-type":"","background-media":"","overlay-type":"","overlay-color":"","overlay-opacity":"","overlay-gradient":""},"mobile":{"background-color":"var(--ast-global-color-5)","background-image":"","background-repeat":"repeat","background-position":"center center","background-size":"auto","background-attachment":"scroll","background-type":"","background-media":"","overlay-type":"","overlay-color":"","overlay-opacity":"","overlay-gradient":""}},"footnotes":""},"categories":[517],"tags":[],"class_list":["post-29300","post","type-post","status-publish","format-image","hentry","category-aconteceu","post_format-post-format-image"],"_links":{"self":[{"href":"https:\/\/noticiasnoface.com.br\/index.php\/wp-json\/wp\/v2\/posts\/29300","targetHints":{"allow":["GET"]}}],"collection":[{"href":"https:\/\/noticiasnoface.com.br\/index.php\/wp-json\/wp\/v2\/posts"}],"about":[{"href":"https:\/\/noticiasnoface.com.br\/index.php\/wp-json\/wp\/v2\/types\/post"}],"author":[{"embeddable":true,"href":"https:\/\/noticiasnoface.com.br\/index.php\/wp-json\/wp\/v2\/users\/1"}],"replies":[{"embeddable":true,"href":"https:\/\/noticiasnoface.com.br\/index.php\/wp-json\/wp\/v2\/comments?post=29300"}],"version-history":[{"count":1,"href":"https:\/\/noticiasnoface.com.br\/index.php\/wp-json\/wp\/v2\/posts\/29300\/revisions"}],"predecessor-version":[{"id":29301,"href":"https:\/\/noticiasnoface.com.br\/index.php\/wp-json\/wp\/v2\/posts\/29300\/revisions\/29301"}],"wp:attachment":[{"href":"https:\/\/noticiasnoface.com.br\/index.php\/wp-json\/wp\/v2\/media?parent=29300"}],"wp:term":[{"taxonomy":"category","embeddable":true,"href":"https:\/\/noticiasnoface.com.br\/index.php\/wp-json\/wp\/v2\/categories?post=29300"},{"taxonomy":"post_tag","embeddable":true,"href":"https:\/\/noticiasnoface.com.br\/index.php\/wp-json\/wp\/v2\/tags?post=29300"}],"curies":[{"name":"wp","href":"https:\/\/api.w.org\/{rel}","templated":true}]}}