{"id":29302,"date":"2025-08-18T21:21:43","date_gmt":"2025-08-19T00:21:43","guid":{"rendered":"https:\/\/noticiasnoface.com.br\/?p=29302"},"modified":"2025-08-18T21:21:43","modified_gmt":"2025-08-19T00:21:43","slug":"moraes-abre-prazo-para-alegacoes-finais-do-nucleo-4-do-plano-de-golpe","status":"publish","type":"post","link":"https:\/\/noticiasnoface.com.br\/index.php\/2025\/08\/18\/moraes-abre-prazo-para-alegacoes-finais-do-nucleo-4-do-plano-de-golpe\/","title":{"rendered":"Moraes abre prazo para alega\u00e7\u00f5es finais do n\u00facleo 4 do plano de golpe"},"content":{"rendered":"\n<h2 class=\"wp-block-heading subhead\">PGR ser\u00e1 a primeira a apresentar manifesta\u00e7\u00e3o e depois as defesas dos sete r\u00e9us<\/h2>\n\n\n\n<p>18\/08\/25 \u00e0s 21:05&nbsp;|&nbsp;Atualizado&nbsp;18\/08\/25 \u00e0s 21:07<\/p>\n\n\n\n<figure class=\"wp-block-image\"><img data-opt-id=1579211301  fetchpriority=\"high\" decoding=\"async\" src=\"https:\/\/admin.cnnbrasil.com.br\/wp-content\/uploads\/sites\/12\/2025\/07\/54614447513_d5b17e8477_o.jpg?w=419&amp;h=283&amp;crop=0\" alt=\"Ministro Alexandre de Moraes, do STF (Supremo Tribunal Federal)\"\/><figcaption class=\"wp-element-caption\">Ministro Alexandre de Moraes, do STF (Supremo Tribunal Federal)&nbsp; \u2022&nbsp;Fellipe Sampaio\/STF<\/figcaption><\/figure>\n\n\n\n<p>O ministro&nbsp;<strong>Alexandre de Moraes<\/strong>, do&nbsp;<strong>STF (Supremo Tribunal Federal)<\/strong>, abriu o prazo para apresenta\u00e7\u00e3o das alega\u00e7\u00f5es finais dos sete r\u00e9us do&nbsp;<strong>n\u00facleo 4<\/strong>&nbsp;da a\u00e7\u00e3o penal que apura uma tentativa de&nbsp;<strong>golpe de Estado<\/strong>&nbsp;ap\u00f3s as elei\u00e7\u00f5es de 2022.<\/p>\n\n\n\n<p>Segundo a decis\u00e3o, publicada na \u00faltima sexta-feira (15), primeiro a&nbsp;<strong>PGR (Procuradoria-Geral da Rep\u00fablica)<\/strong>&nbsp;deve ser apresentar as alega\u00e7\u00f5es finais no prazo de 15 dias. Na sequ\u00eancia, as defesas dos sete r\u00e9us desse n\u00facleo dever\u00e3o apresentar as manifesta\u00e7\u00f5es no mesmo prazo.<\/p>\n\n\n\n<p>Segunda a den\u00fancia da PGR,&nbsp;<a href=\"https:\/\/www.cnnbrasil.com.br\/politica\/stf-julgamento-nucleo-4-trama-golpista\/\" target=\"_blank\" rel=\"noopener\">os integrantes do n\u00facleo 4 realizavam &#8220;opera\u00e7\u00f5es estrat\u00e9gicas de desinforma\u00e7\u00e3o&#8221;<\/a>&nbsp;e teriam divulgado not\u00edcias falsas sobre as elei\u00e7\u00f5es, al\u00e9m de orquestrar ataques virtuais contra institui\u00e7\u00f5es democr\u00e1ticas e autoridades.<\/p>\n\n\n\n<p><a href=\"https:\/\/www.cnnbrasil.com.br\/noticias\/veja-quem-sao-os-denunciados-no-nucleo-4-do-suposto-plano-de-golpe\/\" target=\"_blank\" rel=\"noopener\">Veja quem s\u00e3o os r\u00e9us do n\u00facleo 4<\/a>:<\/p>\n\n\n\n<ul class=\"wp-block-list list-style-type-none\">\n<li>Ailton Gon\u00e7alves Moraes Barros, major da reserva;<\/li>\n\n\n\n<li>\u00c2ngelo Martins Denicoli, major da reserva;<\/li>\n\n\n\n<li>Carlos Cesar Moretzsohn Rocha, presidente do IVL (Instituto Voto Legal);<\/li>\n\n\n\n<li>Giancarlo Gomes Rodrigues, subtenente;<\/li>\n\n\n\n<li>Guilherme Marques de Almeida, tenente-coronel;<\/li>\n\n\n\n<li>Marcelo Ara\u00fajo Bormevet, policial federal; e<\/li>\n\n\n\n<li>Reginaldo Vieira de Abreu, coronel.<\/li>\n<\/ul>\n\n\n\n<p>A etapa processual de apresenta\u00e7\u00e3o das alega\u00e7\u00f5es finais \u00e9 a \u00faltima antes do relator, ministro Alexandre de Moraes, concluir seu parecer e voto para disponibilizar o caso para julgamento na Primeira Turma do STF.<\/p>\n\n\n\n<p>Assim como o n\u00facleo 1, onde figura o ex-presidente Jair Bolsonaro (PL), todos os outros n\u00facleos do processo sobre a tentativa de golpe de Estado devem ser julgados neste ano pela Corte.<\/p>\n\n\n\n<p>Na abertura do segundo semestre dos trabalhos do Judici\u00e1rio, o ministro Alexandre de Moraes, relator das a\u00e7\u00f5es que tratam da trama golpista,&nbsp;<a href=\"https:\/\/www.cnnbrasil.com.br\/politica\/moraes-diz-que-julgara-todos-os-nucleos-do-plano-de-golpe-neste-semestre\/\" target=\"_blank\" rel=\"noopener\">afirmou que todos os n\u00facleos ser\u00e3o julgados at\u00e9 o fim deste ano<\/a>.<\/p>\n\n\n\n<p><\/p>\n","protected":false},"excerpt":{"rendered":"<p>PGR ser\u00e1 a primeira a apresentar manifesta\u00e7\u00e3o e depois as defesas dos sete r\u00e9us 18\/08\/25 \u00e0s 21:05&nbsp;|&nbsp;Atualizado&nbsp;18\/08\/25 \u00e0s 21:07 O [&hellip;]<\/p>\n","protected":false},"author":1,"featured_media":0,"comment_status":"closed","ping_status":"","sticky":false,"template":"","format":"image","meta":{"site-sidebar-layout":"default","site-content-layout":"","ast-site-content-layout":"default","site-content-style":"default","site-sidebar-style":"default","ast-global-header-display":"","ast-banner-title-visibility":"","ast-main-header-display":"","ast-hfb-above-header-display":"","ast-hfb-below-header-display":"","ast-hfb-mobile-header-display":"","site-post-title":"","ast-breadcrumbs-content":"","ast-featured-img":"","footer-sml-layout":"","ast-disable-related-posts":"","theme-transparent-header-meta":"","adv-header-id-meta":"","stick-header-meta":"","header-above-stick-meta":"","header-main-stick-meta":"","header-below-stick-meta":"","astra-migrate-meta-layouts":"default","ast-page-background-enabled":"default","ast-page-background-meta":{"desktop":{"background-color":"var(--ast-global-color-4)","background-image":"","background-repeat":"repeat","background-position":"center center","background-size":"auto","background-attachment":"scroll","background-type":"","background-media":"","overlay-type":"","overlay-color":"","overlay-opacity":"","overlay-gradient":""},"tablet":{"background-color":"","background-image":"","background-repeat":"repeat","background-position":"center center","background-size":"auto","background-attachment":"scroll","background-type":"","background-media":"","overlay-type":"","overlay-color":"","overlay-opacity":"","overlay-gradient":""},"mobile":{"background-color":"","background-image":"","background-repeat":"repeat","background-position":"center center","background-size":"auto","background-attachment":"scroll","background-type":"","background-media":"","overlay-type":"","overlay-color":"","overlay-opacity":"","overlay-gradient":""}},"ast-content-background-meta":{"desktop":{"background-color":"var(--ast-global-color-5)","background-image":"","background-repeat":"repeat","background-position":"center center","background-size":"auto","background-attachment":"scroll","background-type":"","background-media":"","overlay-type":"","overlay-color":"","overlay-opacity":"","overlay-gradient":""},"tablet":{"background-color":"var(--ast-global-color-5)","background-image":"","background-repeat":"repeat","background-position":"center center","background-size":"auto","background-attachment":"scroll","background-type":"","background-media":"","overlay-type":"","overlay-color":"","overlay-opacity":"","overlay-gradient":""},"mobile":{"background-color":"var(--ast-global-color-5)","background-image":"","background-repeat":"repeat","background-position":"center center","background-size":"auto","background-attachment":"scroll","background-type":"","background-media":"","overlay-type":"","overlay-color":"","overlay-opacity":"","overlay-gradient":""}},"footnotes":""},"categories":[517],"tags":[],"class_list":["post-29302","post","type-post","status-publish","format-image","hentry","category-aconteceu","post_format-post-format-image"],"_links":{"self":[{"href":"https:\/\/noticiasnoface.com.br\/index.php\/wp-json\/wp\/v2\/posts\/29302","targetHints":{"allow":["GET"]}}],"collection":[{"href":"https:\/\/noticiasnoface.com.br\/index.php\/wp-json\/wp\/v2\/posts"}],"about":[{"href":"https:\/\/noticiasnoface.com.br\/index.php\/wp-json\/wp\/v2\/types\/post"}],"author":[{"embeddable":true,"href":"https:\/\/noticiasnoface.com.br\/index.php\/wp-json\/wp\/v2\/users\/1"}],"replies":[{"embeddable":true,"href":"https:\/\/noticiasnoface.com.br\/index.php\/wp-json\/wp\/v2\/comments?post=29302"}],"version-history":[{"count":1,"href":"https:\/\/noticiasnoface.com.br\/index.php\/wp-json\/wp\/v2\/posts\/29302\/revisions"}],"predecessor-version":[{"id":29303,"href":"https:\/\/noticiasnoface.com.br\/index.php\/wp-json\/wp\/v2\/posts\/29302\/revisions\/29303"}],"wp:attachment":[{"href":"https:\/\/noticiasnoface.com.br\/index.php\/wp-json\/wp\/v2\/media?parent=29302"}],"wp:term":[{"taxonomy":"category","embeddable":true,"href":"https:\/\/noticiasnoface.com.br\/index.php\/wp-json\/wp\/v2\/categories?post=29302"},{"taxonomy":"post_tag","embeddable":true,"href":"https:\/\/noticiasnoface.com.br\/index.php\/wp-json\/wp\/v2\/tags?post=29302"}],"curies":[{"name":"wp","href":"https:\/\/api.w.org\/{rel}","templated":true}]}}