{"id":29309,"date":"2025-08-18T21:57:00","date_gmt":"2025-08-19T00:57:00","guid":{"rendered":"https:\/\/noticiasnoface.com.br\/?p=29309"},"modified":"2025-08-18T21:57:00","modified_gmt":"2025-08-19T00:57:00","slug":"comissao-debate-projetos-em-defesa-das-pessoas-com-deficiencia-em-natal","status":"publish","type":"post","link":"https:\/\/noticiasnoface.com.br\/index.php\/2025\/08\/18\/comissao-debate-projetos-em-defesa-das-pessoas-com-deficiencia-em-natal\/","title":{"rendered":"Comiss\u00e3o debate projetos em defesa das pessoas com defici\u00eancia em Natal&nbsp;"},"content":{"rendered":"\n<figure class=\"wp-block-image foto-noticia\"><img data-opt-id=2056101257  fetchpriority=\"high\" decoding=\"async\" src=\"https:\/\/www.cmnat.rn.gov.br\/_ups\/noticias\/2025\/08\/18\/2b3ab46bdcae93eef7c582ee56935392.jpeg\" alt=\"\"\/><\/figure>\n\n\n\n<p>A Comiss\u00e3o de Defesa dos Direitos das Pessoas com Defici\u00eancia e Mobilidade Reduzida da C\u00e2mara Municipal de Natal realizou reuni\u00e3o nesta segunda-feira (18). Na pauta, foram designados relatores para cinco mat\u00e9rias e analisados seis pareceres.<\/p>\n\n\n\n<p>Entre os projetos discutidos, est\u00e1 o de autoria do vereador Chagas Catarino (Uni\u00e3o Brasil), que institui a alfabetiza\u00e7\u00e3o em Braille nas escolas da rede municipal.<\/p>\n\n\n\n<p>Outro destaque foi o Projeto de Lei n\u00ba 041\/2024, de autoria do vereador Kleber Fernandes (Republicanos) em coautoria com o ex-vereador Raniere Barbosa, que prev\u00ea a obrigatoriedade de inclus\u00e3o do S\u00edmbolo Mundial de Conscientiza\u00e7\u00e3o do Transtorno do Espectro Autista (TEA) nas placas de vagas de estacionamento preferenciais. O vereador T\u00e9rcio Tin\u00f4co (Uni\u00e3o Brasil) defendeu a proposta:<br \/>\u201cHoje j\u00e1 temos as vagas de estacionamento da pessoa com defici\u00eancia, com o s\u00edmbolo do cadeirante. Agora, a ideia \u00e9 incluir tamb\u00e9m o s\u00edmbolo do autismo, para garantir a representatividade das pessoas com TEA\u201d, explicou.<\/p>\n\n\n\n<p>Tamb\u00e9m foi analisado o PL n\u00ba 578\/2023, do vereador Kleber Fernandes, que prev\u00ea a suspens\u00e3o do credenciamento de institui\u00e7\u00f5es privadas que negarem matr\u00edcula a alunos com defici\u00eancia ou transtornos do neurodesenvolvimento.<\/p>\n\n\n\n<p>Do vereador Aldo Clemente (PSDB), o PL n\u00ba 612\/2024, que pro\u00edbe a exig\u00eancia de cadastramento biom\u00e9trico de pessoas com TEA, TDAH ou Parkinson para acesso a servi\u00e7os p\u00fablicos e privados. Segundo o vereador T\u00e9rcio Tin\u00f4co, a medida busca evitar constrangimentos:<br \/>\u201cMuitas vezes essas pessoas n\u00e3o t\u00eam paci\u00eancia ou n\u00e3o conseguem realizar a biometria, e n\u00e3o podem ser prejudicadas por isso\u201d, disse.<\/p>\n\n\n\n<p>J\u00e1 o PL n\u00ba 628\/2023, de autoria do ex-vereador Aroldo, em coautoria com os vereadores Herberth Sena (PV) e Daniel Santiago (PP), institui o Programa de Aten\u00e7\u00e3o Integral ao Autismo no munic\u00edpio. O vereador Daniel Santiago destacou a relev\u00e2ncia da iniciativa:<br \/>\u201cEsse programa vai permitir identificar quantas pessoas t\u00eam autismo em Natal e transformar esses dados em pol\u00edticas p\u00fablicas de acolhimento e melhoria da qualidade de vida&#8221;.<\/p>\n\n\n\n<p>A reuni\u00e3o contou ainda com a participa\u00e7\u00e3o da vereadora Thabatta Pimenta (PSOL) e do vereador Herberth Sena (PV).<\/p>\n\n\n\n<p>Texto: Phablo Galv\u00e3o&nbsp;<br \/>Fotos: Francisco de Assis<\/p>\n","protected":false},"excerpt":{"rendered":"<p>A Comiss\u00e3o de Defesa dos Direitos das Pessoas com Defici\u00eancia e Mobilidade Reduzida da C\u00e2mara Municipal de Natal realizou reuni\u00e3o [&hellip;]<\/p>\n","protected":false},"author":1,"featured_media":0,"comment_status":"closed","ping_status":"","sticky":false,"template":"","format":"image","meta":{"site-sidebar-layout":"default","site-content-layout":"","ast-site-content-layout":"default","site-content-style":"default","site-sidebar-style":"default","ast-global-header-display":"","ast-banner-title-visibility":"","ast-main-header-display":"","ast-hfb-above-header-display":"","ast-hfb-below-header-display":"","ast-hfb-mobile-header-display":"","site-post-title":"","ast-breadcrumbs-content":"","ast-featured-img":"","footer-sml-layout":"","ast-disable-related-posts":"","theme-transparent-header-meta":"","adv-header-id-meta":"","stick-header-meta":"","header-above-stick-meta":"","header-main-stick-meta":"","header-below-stick-meta":"","astra-migrate-meta-layouts":"default","ast-page-background-enabled":"default","ast-page-background-meta":{"desktop":{"background-color":"var(--ast-global-color-4)","background-image":"","background-repeat":"repeat","background-position":"center center","background-size":"auto","background-attachment":"scroll","background-type":"","background-media":"","overlay-type":"","overlay-color":"","overlay-opacity":"","overlay-gradient":""},"tablet":{"background-color":"","background-image":"","background-repeat":"repeat","background-position":"center center","background-size":"auto","background-attachment":"scroll","background-type":"","background-media":"","overlay-type":"","overlay-color":"","overlay-opacity":"","overlay-gradient":""},"mobile":{"background-color":"","background-image":"","background-repeat":"repeat","background-position":"center center","background-size":"auto","background-attachment":"scroll","background-type":"","background-media":"","overlay-type":"","overlay-color":"","overlay-opacity":"","overlay-gradient":""}},"ast-content-background-meta":{"desktop":{"background-color":"var(--ast-global-color-5)","background-image":"","background-repeat":"repeat","background-position":"center center","background-size":"auto","background-attachment":"scroll","background-type":"","background-media":"","overlay-type":"","overlay-color":"","overlay-opacity":"","overlay-gradient":""},"tablet":{"background-color":"var(--ast-global-color-5)","background-image":"","background-repeat":"repeat","background-position":"center center","background-size":"auto","background-attachment":"scroll","background-type":"","background-media":"","overlay-type":"","overlay-color":"","overlay-opacity":"","overlay-gradient":""},"mobile":{"background-color":"var(--ast-global-color-5)","background-image":"","background-repeat":"repeat","background-position":"center center","background-size":"auto","background-attachment":"scroll","background-type":"","background-media":"","overlay-type":"","overlay-color":"","overlay-opacity":"","overlay-gradient":""}},"footnotes":""},"categories":[3816],"tags":[],"class_list":["post-29309","post","type-post","status-publish","format-image","hentry","category-camara-municipal-de-natal","post_format-post-format-image"],"_links":{"self":[{"href":"https:\/\/noticiasnoface.com.br\/index.php\/wp-json\/wp\/v2\/posts\/29309","targetHints":{"allow":["GET"]}}],"collection":[{"href":"https:\/\/noticiasnoface.com.br\/index.php\/wp-json\/wp\/v2\/posts"}],"about":[{"href":"https:\/\/noticiasnoface.com.br\/index.php\/wp-json\/wp\/v2\/types\/post"}],"author":[{"embeddable":true,"href":"https:\/\/noticiasnoface.com.br\/index.php\/wp-json\/wp\/v2\/users\/1"}],"replies":[{"embeddable":true,"href":"https:\/\/noticiasnoface.com.br\/index.php\/wp-json\/wp\/v2\/comments?post=29309"}],"version-history":[{"count":1,"href":"https:\/\/noticiasnoface.com.br\/index.php\/wp-json\/wp\/v2\/posts\/29309\/revisions"}],"predecessor-version":[{"id":29310,"href":"https:\/\/noticiasnoface.com.br\/index.php\/wp-json\/wp\/v2\/posts\/29309\/revisions\/29310"}],"wp:attachment":[{"href":"https:\/\/noticiasnoface.com.br\/index.php\/wp-json\/wp\/v2\/media?parent=29309"}],"wp:term":[{"taxonomy":"category","embeddable":true,"href":"https:\/\/noticiasnoface.com.br\/index.php\/wp-json\/wp\/v2\/categories?post=29309"},{"taxonomy":"post_tag","embeddable":true,"href":"https:\/\/noticiasnoface.com.br\/index.php\/wp-json\/wp\/v2\/tags?post=29309"}],"curies":[{"name":"wp","href":"https:\/\/api.w.org\/{rel}","templated":true}]}}