{"id":29353,"date":"2025-08-20T21:47:59","date_gmt":"2025-08-21T00:47:59","guid":{"rendered":"https:\/\/noticiasnoface.com.br\/?p=29353"},"modified":"2025-08-20T21:47:59","modified_gmt":"2025-08-21T00:47:59","slug":"familias-atipicas-denunciam-falta-de-atendimento-na-cei-dos-planos-de-saude","status":"publish","type":"post","link":"https:\/\/noticiasnoface.com.br\/index.php\/2025\/08\/20\/familias-atipicas-denunciam-falta-de-atendimento-na-cei-dos-planos-de-saude\/","title":{"rendered":"Fam\u00edlias at\u00edpicas denunciam falta de atendimento na CEI dos Planos de Sa\u00fade&nbsp;"},"content":{"rendered":"\n<figure class=\"wp-block-image foto-noticia\"><img data-opt-id=977841113  fetchpriority=\"high\" decoding=\"async\" src=\"https:\/\/www.cmnat.rn.gov.br\/_ups\/noticias\/2025\/08\/20\/1b444c2a317b040511a20f42356e1c9c.jpeg\" alt=\"\"\/><\/figure>\n\n\n\n<p>Nesta quarta-feira (20), a Comiss\u00e3o Especial de Inqu\u00e9rito (CEI) que apura negativas de atendimento a pessoas com Transtorno do Espectro Autista (TEA) por operadoras de planos de sa\u00fade em Natal deu in\u00edcio, ouviu pais e m\u00e3es de crian\u00e7as com condi\u00e7\u00f5es at\u00edpicas que enfrentam dificuldades com negativas dos planos de sa\u00fade na cobertura de terapias essenciais. Todos exigiram que as operadoras cumpram a cobertura obrigat\u00f3ria dos tratamentos e procedimentos necess\u00e1rios, conforme previsto em lei.<\/p>\n\n\n\n<p>As pessoas com autismo podem apresentar dificuldades em diversas \u00e1reas, como linguagem, desenvolvimento motor, habilidades sociais e interesses restritos. O tratamento \u00e9 multidisciplinar e envolve diversas \u00e1reas, como psicologia, fonoaudiologia, fisioterapia, terapia ocupacional, entre outras. A cobertura dos planos de sa\u00fade para o tratamento do TEA \u00e9 fundamental para garantir o acesso a um tratamento adequado. A falta de cobertura pode comprometer o desenvolvimento e a qualidade de vida dessas pessoas.<\/p>\n\n\n\n<p>&#8220;Os planos de sa\u00fade frequentemente se recusam a cobrir tratamentos e terapias, mesmo com decis\u00f5es judiciais favor\u00e1veis. A falta de cobertura dificulta o acesso a tratamentos adequados, levando \u00e0 regress\u00e3o no desenvolvimento das crian\u00e7as. A situa\u00e7\u00e3o causa ansiedade, depress\u00e3o e sofrimento aos pais e tutores, que j\u00e1 enfrentam dificuldades no cuidado di\u00e1rio de seus filhos. Os pais e tutores buscam apoio da C\u00e2mara Municipal para que a justi\u00e7a intervenha e force os planos de sa\u00fade a cumprirem suas obriga\u00e7\u00f5es, garantindo o acesso ao tratamento&#8221;, defendeu Marlaynne Ara\u00fajo, m\u00e3e at\u00edpica.<\/p>\n\n\n\n<p>Em seguida, Bruna Oliveira, m\u00e3e de duas crian\u00e7as com TEA, contou que a neglig\u00eancia das empresas est\u00e1 adoecendo as fam\u00edlias, um desgaste f\u00edsico e mental, sem esperan\u00e7a de dias melhores. &#8220;Mas permanecemos nessa luta, firmes, mesmo fraquejando, se arrastando e lutando. Enquanto tivermos vida, estaremos em busca de tratamento adequado para os nossos filhos. A sociedade precisa entender que n\u00e3o estaremos aqui a vida inteira e, por isso, queremos que as nossas crian\u00e7as tenham tratamento conforme prescri\u00e7\u00e3o m\u00e9dica para que cres\u00e7am, se desenvolvam e se tornem adultos funcionais, capazes de construir fam\u00edlias, profiss\u00f5es e carreiras&#8221;.<\/p>\n\n\n\n<p>Presente na reuni\u00e3o, a vereadora Thabatta Pimentta (PSOL), que tamb\u00e9m \u00e9 m\u00e3e at\u00edpica, ressaltou a import\u00e2ncia de dar voz a essas pessoas a fim de promover a empatia por parte de quem n\u00e3o vivencia essa realidade. &#8220;Ao ouvir estes depoimentos fortes, consigo acessar gatilhos da minha vida, pois enfrento situa\u00e7\u00f5es semelhantes no dia a dia. A viv\u00eancia faz com que a gente se veja em cada palavra dita pelas fam\u00edlias at\u00edpicas, protagonistas do debate. \u00c9 necess\u00e1rio para quem n\u00e3o vive isso ouvir o outro lado: saber como \u00e9 sofrer as negativas di\u00e1rias, os preconceitos di\u00e1rios, as faltas de assist\u00eancia. Est\u00e1 sendo um momento importante para os meus colegas parlamentares que n\u00e3o t\u00eam essas experi\u00eancias no cotidiano. Trata-se de se colocar no lugar do outro&#8221;.<\/p>\n\n\n\n<p>De acordo com o presidente da CEI, vereador Kleber Fernandes (Republicanos), as den\u00fancias s\u00e3o graves, preocupantes e v\u00e3o subsidiar o relat\u00f3rio final do colegiado. &#8220;S\u00e3o relatos de aumentos injustificados de planos de sa\u00fade. Reajustes exorbitantes e depoimentos emocionados de pais e m\u00e3es que n\u00e3o sabem como pagar\u00e3o esses boletos no m\u00eas seguinte, sob pena e risco dos seus filhos terem o cancelamento dos servi\u00e7os e, infelizmente, n\u00e3o darem continuidade \u00e0s suas terapias. Al\u00e9m disso, existem os cancelamentos dos atendimentos, a redu\u00e7\u00e3o do quantitativo de tratamentos j\u00e1 prescritos pelo m\u00e9dico que acompanha a crian\u00e7a. Ent\u00e3o, de fato, um descaso absurdo, um desrespeito, uma neglig\u00eancia, uma afronta \u00e0 dignidade da pessoa humana e ao Direito do Consumidor&#8221;.&nbsp;<\/p>\n\n\n\n<p>Ao final da reuni\u00e3o, a Comiss\u00e3o Especial de Inqu\u00e9rito aprovou por unanimidade a convoca\u00e7\u00e3o da operadora de planos de sa\u00fade Amil, al\u00e9m de cl\u00ednicas e profissionais conveniados para prestarem esclarecimentos.<\/p>\n\n\n\n<p><em><strong>Texto: Junior Martins<br \/>Fotos: Elp\u00eddio J\u00fanior<\/strong><\/em><\/p>\n","protected":false},"excerpt":{"rendered":"<p>Nesta quarta-feira (20), a Comiss\u00e3o Especial de Inqu\u00e9rito (CEI) que apura negativas de atendimento a pessoas com Transtorno do Espectro [&hellip;]<\/p>\n","protected":false},"author":1,"featured_media":0,"comment_status":"closed","ping_status":"","sticky":false,"template":"","format":"image","meta":{"site-sidebar-layout":"default","site-content-layout":"","ast-site-content-layout":"default","site-content-style":"default","site-sidebar-style":"default","ast-global-header-display":"","ast-banner-title-visibility":"","ast-main-header-display":"","ast-hfb-above-header-display":"","ast-hfb-below-header-display":"","ast-hfb-mobile-header-display":"","site-post-title":"","ast-breadcrumbs-content":"","ast-featured-img":"","footer-sml-layout":"","ast-disable-related-posts":"","theme-transparent-header-meta":"","adv-header-id-meta":"","stick-header-meta":"","header-above-stick-meta":"","header-main-stick-meta":"","header-below-stick-meta":"","astra-migrate-meta-layouts":"default","ast-page-background-enabled":"default","ast-page-background-meta":{"desktop":{"background-color":"var(--ast-global-color-4)","background-image":"","background-repeat":"repeat","background-position":"center center","background-size":"auto","background-attachment":"scroll","background-type":"","background-media":"","overlay-type":"","overlay-color":"","overlay-opacity":"","overlay-gradient":""},"tablet":{"background-color":"","background-image":"","background-repeat":"repeat","background-position":"center center","background-size":"auto","background-attachment":"scroll","background-type":"","background-media":"","overlay-type":"","overlay-color":"","overlay-opacity":"","overlay-gradient":""},"mobile":{"background-color":"","background-image":"","background-repeat":"repeat","background-position":"center center","background-size":"auto","background-attachment":"scroll","background-type":"","background-media":"","overlay-type":"","overlay-color":"","overlay-opacity":"","overlay-gradient":""}},"ast-content-background-meta":{"desktop":{"background-color":"var(--ast-global-color-5)","background-image":"","background-repeat":"repeat","background-position":"center center","background-size":"auto","background-attachment":"scroll","background-type":"","background-media":"","overlay-type":"","overlay-color":"","overlay-opacity":"","overlay-gradient":""},"tablet":{"background-color":"var(--ast-global-color-5)","background-image":"","background-repeat":"repeat","background-position":"center center","background-size":"auto","background-attachment":"scroll","background-type":"","background-media":"","overlay-type":"","overlay-color":"","overlay-opacity":"","overlay-gradient":""},"mobile":{"background-color":"var(--ast-global-color-5)","background-image":"","background-repeat":"repeat","background-position":"center center","background-size":"auto","background-attachment":"scroll","background-type":"","background-media":"","overlay-type":"","overlay-color":"","overlay-opacity":"","overlay-gradient":""}},"footnotes":""},"categories":[3816],"tags":[],"class_list":["post-29353","post","type-post","status-publish","format-image","hentry","category-camara-municipal-de-natal","post_format-post-format-image"],"_links":{"self":[{"href":"https:\/\/noticiasnoface.com.br\/index.php\/wp-json\/wp\/v2\/posts\/29353","targetHints":{"allow":["GET"]}}],"collection":[{"href":"https:\/\/noticiasnoface.com.br\/index.php\/wp-json\/wp\/v2\/posts"}],"about":[{"href":"https:\/\/noticiasnoface.com.br\/index.php\/wp-json\/wp\/v2\/types\/post"}],"author":[{"embeddable":true,"href":"https:\/\/noticiasnoface.com.br\/index.php\/wp-json\/wp\/v2\/users\/1"}],"replies":[{"embeddable":true,"href":"https:\/\/noticiasnoface.com.br\/index.php\/wp-json\/wp\/v2\/comments?post=29353"}],"version-history":[{"count":1,"href":"https:\/\/noticiasnoface.com.br\/index.php\/wp-json\/wp\/v2\/posts\/29353\/revisions"}],"predecessor-version":[{"id":29354,"href":"https:\/\/noticiasnoface.com.br\/index.php\/wp-json\/wp\/v2\/posts\/29353\/revisions\/29354"}],"wp:attachment":[{"href":"https:\/\/noticiasnoface.com.br\/index.php\/wp-json\/wp\/v2\/media?parent=29353"}],"wp:term":[{"taxonomy":"category","embeddable":true,"href":"https:\/\/noticiasnoface.com.br\/index.php\/wp-json\/wp\/v2\/categories?post=29353"},{"taxonomy":"post_tag","embeddable":true,"href":"https:\/\/noticiasnoface.com.br\/index.php\/wp-json\/wp\/v2\/tags?post=29353"}],"curies":[{"name":"wp","href":"https:\/\/api.w.org\/{rel}","templated":true}]}}