{"id":29356,"date":"2025-08-20T21:49:29","date_gmt":"2025-08-21T00:49:29","guid":{"rendered":"https:\/\/noticiasnoface.com.br\/?p=29356"},"modified":"2025-08-20T21:49:29","modified_gmt":"2025-08-21T00:49:29","slug":"pf-bolsonaro-e-o-filho-eduardo-buscaram-coagir-autoridades-por-impunidade","status":"publish","type":"post","link":"https:\/\/noticiasnoface.com.br\/index.php\/2025\/08\/20\/pf-bolsonaro-e-o-filho-eduardo-buscaram-coagir-autoridades-por-impunidade\/","title":{"rendered":"PF: Bolsonaro e o filho Eduardo buscaram coagir autoridades por impunidade"},"content":{"rendered":"\n<figure class=\"wp-block-image size-large\"><img data-opt-id=832561369  fetchpriority=\"high\" decoding=\"async\" width=\"418\" height=\"235\" src=\"https:\/\/mlbfrsat7ahr.i.optimole.com\/w:auto\/h:auto\/q:mauto\/ig:avif\/https:\/\/noticiasnoface.com.br\/wp-content\/uploads\/2025\/08\/img_2708.jpg\" class=\"wp-image-29355\" srcset=\"https:\/\/mlbfrsat7ahr.i.optimole.com\/w:418\/h:235\/q:mauto\/ig:avif\/https:\/\/noticiasnoface.com.br\/wp-content\/uploads\/2025\/08\/img_2708.jpg 418w, https:\/\/mlbfrsat7ahr.i.optimole.com\/w:300\/h:169\/q:mauto\/ig:avif\/https:\/\/noticiasnoface.com.br\/wp-content\/uploads\/2025\/08\/img_2708.jpg 300w\" sizes=\"(max-width: 418px) 100vw, 418px\" \/><\/figure>\n\n\n\n<h2 class=\"wp-block-heading subhead\">Ex-presidente e o deputado federal foram indiciados pela Pol\u00edcia Federal nesta quarta-feira (20) por atua\u00e7\u00e3o para obstruir as investiga\u00e7\u00f5es sobre a tentativa de golpe de Estado<\/h2>\n\n\n\n<p>20\/08\/25 \u00e0s 21:43&nbsp;|&nbsp;Atualizado&nbsp;20\/08\/25 \u00e0s 21:43<\/p>\n\n\n\n<p>ouvir not\u00edcia<\/p>\n\n\n\n<p>0:00&nbsp;1.0x<\/p>\n\n\n\n<p>A PF (Pol\u00edcia Federal) indiciou, nesta quarta-feira (20), Jair Bolsonaro e o filho dele, o deputado federal Eduardo Bolsonaro, pela atua\u00e7\u00e3o nos Estados Unidos para obstruir as investiga\u00e7\u00f5es sobre a tentativa de golpe de Estado, na qual o ex-presidente \u00e9 o principal r\u00e9u.<\/p>\n\n\n\n<p>Segundo o relat\u00f3rio da PF, Jair e Eduardo &#8220;atuam de forma subordinada a interesses de agentes estrangeiros&#8221;. Os investigadores ainda apontarem &#8220;fortes ind\u00edcios de repasse de dados estrat\u00e9gicos quanto a poss\u00edveis cen\u00e1rios de natureza eleitoral e pol\u00edtica em troca de apoio internacional&#8221;.<\/p>\n\n\n\n<p>Ainda de acordo com os investigadores, pai e filho teriam praticados &#8220;atos atentat\u00f3rios aos interesses e a soberania nacional, visando objetivos pessoais&#8221;. Para a PF, Bolsonaro e Eduardo tentaram coagir autoridades brasileiras para &#8220;obter uma situa\u00e7\u00e3o jur\u00eddica de impunidade em rela\u00e7\u00e3o \u00e0s imputa\u00e7\u00f5es penais que est\u00e3o sob julgamento na Suprema Corte brasileira&#8221;. O julgamento do ex-presidente no processo da tentativa de golpe de Estado est\u00e1 previsto para acontecer no dia 2 de setembro.<\/p>\n\n\n\n<p>Entre os argumentos de que o ex-presidente atua &#8220;de forma subordinada a interesses de agentes estrangeiros&#8221; est\u00e3o conversas entre Bolsonaro e o advogado Martin De Luca, representante da Trump Media no Brasil.<\/p>\n\n\n\n<p>Um di\u00e1logo destacado pela PF mostra uma mensagem de \u00e1udio que teria sido enviada por Bolsonaro pedindo orienta\u00e7\u00f5es ao advogado da Trump Media sobre uma publica\u00e7\u00e3o que faria nas redes.<\/p>\n\n\n\n<p>&#8220;Martin, pe\u00e7o que voc\u00ea me oriente tamb\u00e9m, me desculpa aqui t\u00e1, minha mod\u00e9stia, como proceder. Eu fiz uma nota, acho que eu te mandei. T\u00e1 certo? Com quatro pequenos par\u00e1grafos, boa, elogiando o Trump, falando que a quest\u00e3o de liberdade t\u00e1 muito acima da quest\u00e3o econ\u00f4mica. A persegui\u00e7\u00e3o a meu nome tamb\u00e9m, coisa que me sinto muito&#8230; p\u00f4 fiquei muito feliz com o Trump, muita gratid\u00e3o a ele. Me orienta uma nota pequena da tua parte, que eu possa fazer aqui, botar nas minhas m\u00eddias, pra chegar a voc\u00eas de volta a\u00ed. Obrigado a\u00ed. Valeu, Martin&#8221;, teria dito.<\/p>\n\n\n\n<p>O advogado respondeu dizendo que enviaria a nota no mesmo dia e que o comunicado seria, na vis\u00e3o dele, um resumo de como &#8220;melhorar a comunica\u00e7\u00e3o em rela\u00e7\u00e3o ao tarifa\u00e7o&#8221;.<\/p>\n\n\n\n<p>A PF indiciou Jair e Eduardo Bolsonaro pelos crimes de coa\u00e7\u00e3o no curso do processo e tentativa de aboli\u00e7\u00e3o do Estado Democr\u00e1tico de Direito, por meio da restri\u00e7\u00e3o ao exerc\u00edcio dos poderes constitucionais.<\/p>\n\n\n\n<p>O relat\u00f3rio foi encaminhado ao ministro Alexandre de Moraes, do STF (Supremo Tribunal Federal), que deve enviar \u00e0 PGR (Procuradoria-Geral da Rep\u00fablica). Caber\u00e1 ao PGR, Paulo Gonet, oferecer ou n\u00e3o a den\u00fancia. Gonet ainda pode requisitar dilig\u00eancias complementares ou pedir o arquivamento da investiga\u00e7\u00e3o.<\/p>\n","protected":false},"excerpt":{"rendered":"<p>Ex-presidente e o deputado federal foram indiciados pela Pol\u00edcia Federal nesta quarta-feira (20) por atua\u00e7\u00e3o para obstruir as investiga\u00e7\u00f5es sobre [&hellip;]<\/p>\n","protected":false},"author":1,"featured_media":0,"comment_status":"closed","ping_status":"","sticky":false,"template":"","format":"image","meta":{"site-sidebar-layout":"default","site-content-layout":"","ast-site-content-layout":"default","site-content-style":"default","site-sidebar-style":"default","ast-global-header-display":"","ast-banner-title-visibility":"","ast-main-header-display":"","ast-hfb-above-header-display":"","ast-hfb-below-header-display":"","ast-hfb-mobile-header-display":"","site-post-title":"","ast-breadcrumbs-content":"","ast-featured-img":"","footer-sml-layout":"","ast-disable-related-posts":"","theme-transparent-header-meta":"","adv-header-id-meta":"","stick-header-meta":"","header-above-stick-meta":"","header-main-stick-meta":"","header-below-stick-meta":"","astra-migrate-meta-layouts":"default","ast-page-background-enabled":"default","ast-page-background-meta":{"desktop":{"background-color":"var(--ast-global-color-4)","background-image":"","background-repeat":"repeat","background-position":"center center","background-size":"auto","background-attachment":"scroll","background-type":"","background-media":"","overlay-type":"","overlay-color":"","overlay-opacity":"","overlay-gradient":""},"tablet":{"background-color":"","background-image":"","background-repeat":"repeat","background-position":"center center","background-size":"auto","background-attachment":"scroll","background-type":"","background-media":"","overlay-type":"","overlay-color":"","overlay-opacity":"","overlay-gradient":""},"mobile":{"background-color":"","background-image":"","background-repeat":"repeat","background-position":"center center","background-size":"auto","background-attachment":"scroll","background-type":"","background-media":"","overlay-type":"","overlay-color":"","overlay-opacity":"","overlay-gradient":""}},"ast-content-background-meta":{"desktop":{"background-color":"var(--ast-global-color-5)","background-image":"","background-repeat":"repeat","background-position":"center center","background-size":"auto","background-attachment":"scroll","background-type":"","background-media":"","overlay-type":"","overlay-color":"","overlay-opacity":"","overlay-gradient":""},"tablet":{"background-color":"var(--ast-global-color-5)","background-image":"","background-repeat":"repeat","background-position":"center center","background-size":"auto","background-attachment":"scroll","background-type":"","background-media":"","overlay-type":"","overlay-color":"","overlay-opacity":"","overlay-gradient":""},"mobile":{"background-color":"var(--ast-global-color-5)","background-image":"","background-repeat":"repeat","background-position":"center center","background-size":"auto","background-attachment":"scroll","background-type":"","background-media":"","overlay-type":"","overlay-color":"","overlay-opacity":"","overlay-gradient":""}},"footnotes":""},"categories":[517],"tags":[],"class_list":["post-29356","post","type-post","status-publish","format-image","hentry","category-aconteceu","post_format-post-format-image"],"_links":{"self":[{"href":"https:\/\/noticiasnoface.com.br\/index.php\/wp-json\/wp\/v2\/posts\/29356","targetHints":{"allow":["GET"]}}],"collection":[{"href":"https:\/\/noticiasnoface.com.br\/index.php\/wp-json\/wp\/v2\/posts"}],"about":[{"href":"https:\/\/noticiasnoface.com.br\/index.php\/wp-json\/wp\/v2\/types\/post"}],"author":[{"embeddable":true,"href":"https:\/\/noticiasnoface.com.br\/index.php\/wp-json\/wp\/v2\/users\/1"}],"replies":[{"embeddable":true,"href":"https:\/\/noticiasnoface.com.br\/index.php\/wp-json\/wp\/v2\/comments?post=29356"}],"version-history":[{"count":1,"href":"https:\/\/noticiasnoface.com.br\/index.php\/wp-json\/wp\/v2\/posts\/29356\/revisions"}],"predecessor-version":[{"id":29357,"href":"https:\/\/noticiasnoface.com.br\/index.php\/wp-json\/wp\/v2\/posts\/29356\/revisions\/29357"}],"wp:attachment":[{"href":"https:\/\/noticiasnoface.com.br\/index.php\/wp-json\/wp\/v2\/media?parent=29356"}],"wp:term":[{"taxonomy":"category","embeddable":true,"href":"https:\/\/noticiasnoface.com.br\/index.php\/wp-json\/wp\/v2\/categories?post=29356"},{"taxonomy":"post_tag","embeddable":true,"href":"https:\/\/noticiasnoface.com.br\/index.php\/wp-json\/wp\/v2\/tags?post=29356"}],"curies":[{"name":"wp","href":"https:\/\/api.w.org\/{rel}","templated":true}]}}