{"id":29359,"date":"2025-08-21T21:23:02","date_gmt":"2025-08-22T00:23:02","guid":{"rendered":"https:\/\/noticiasnoface.com.br\/?p=29359"},"modified":"2025-08-24T19:10:20","modified_gmt":"2025-08-24T22:10:20","slug":"rota-22-revela-quadro-critico-do-rio-grande-do-norte","status":"publish","type":"post","link":"https:\/\/noticiasnoface.com.br\/index.php\/2025\/08\/21\/rota-22-revela-quadro-critico-do-rio-grande-do-norte\/","title":{"rendered":"Rota 22 revela quadro cr\u00edtico do Rio Grande do Norte"},"content":{"rendered":"\n<figure class=\"wp-block-image size-large\"><img data-opt-id=711473490  fetchpriority=\"high\" decoding=\"async\" width=\"1024\" height=\"683\" src=\"https:\/\/mlbfrsat7ahr.i.optimole.com\/w:1024\/h:683\/q:mauto\/ig:avif\/https:\/\/noticiasnoface.com.br\/wp-content\/uploads\/2025\/08\/img_2978-1.jpg\" alt=\"\" class=\"wp-image-29406\" srcset=\"https:\/\/mlbfrsat7ahr.i.optimole.com\/w:1024\/h:683\/q:mauto\/ig:avif\/https:\/\/noticiasnoface.com.br\/wp-content\/uploads\/2025\/08\/img_2978-1.jpg 1024w, https:\/\/mlbfrsat7ahr.i.optimole.com\/w:300\/h:200\/q:mauto\/ig:avif\/https:\/\/noticiasnoface.com.br\/wp-content\/uploads\/2025\/08\/img_2978-1.jpg 300w, https:\/\/mlbfrsat7ahr.i.optimole.com\/w:768\/h:512\/q:mauto\/ig:avif\/https:\/\/noticiasnoface.com.br\/wp-content\/uploads\/2025\/08\/img_2978-1.jpg 768w, https:\/\/mlbfrsat7ahr.i.optimole.com\/w:1153\/h:769\/q:mauto\/ig:avif\/https:\/\/noticiasnoface.com.br\/wp-content\/uploads\/2025\/08\/img_2978-1.jpg 1153w\" sizes=\"(max-width: 1000px) 100vw, 1000px\" \/><\/figure>\n\n\n\n<p><\/p>\n\n\n\n<figure class=\"wp-block-image size-large\"><img data-opt-id=1409732161  fetchpriority=\"high\" decoding=\"async\" src=\"file:\/\/\/private\/var\/mobile\/Containers\/Data\/Application\/2B5F0EFA-9CD2-46DC-A2DC-74FE2949AB0E\/tmp\/org.automattic.MediaImageServiceSymlinks\/thumbnail-38161461-3ffb-427a-9855-ba274180afea-1536x1024.jpeg\" alt=\"\" class=\"wp-image--1171472047\"\/><\/figure>\n\n\n\n<p>O Projeto Rota 22 realizado de fevereiro a agosto deste ano apresentou um diagn\u00f3stico preocupante sobre a atual situa\u00e7\u00e3o do Rio Grande do Norte. Os dados revelam queda acentuada nos indicadores de competitividade, al\u00e9m de fragilidades em \u00e1reas estrat\u00e9gicas como educa\u00e7\u00e3o, sa\u00fade, infraestrutura, seguran\u00e7a e saneamento.<\/p>\n\n\n\n<p>Segundo o Centro de Lideran\u00e7a P\u00fablica (CLP), o estado ocupa hoje a 24\u00aa posi\u00e7\u00e3o no ranking nacional de competitividade, uma queda de oito lugares em rela\u00e7\u00e3o a 2018, quando estava em 16\u00ba. No recorte regional, o cen\u00e1rio \u00e9 ainda mais grave: o Rio Grande do Norte figura como o \u00faltimo colocado do Nordeste, caindo do 4\u00ba para o 9\u00ba lugar em sete anos.<\/p>\n\n\n\n<p>Baixo investimento e infraestrutura prec\u00e1ria<\/p>\n\n\n\n<p>O RN \u00e9 apontado como o estado que menos investe no Brasil, ocupando a 27\u00aa posi\u00e7\u00e3o no ranking nacional de investimentos p\u00fablicos. A malha rodovi\u00e1ria estadual tamb\u00e9m \u00e9 considerada cr\u00edtica: 69,43% das estradas est\u00e3o em estado \u201cp\u00e9ssimo\u201d, segundo a Confedera\u00e7\u00e3o Nacional do Transporte (CNT). Empres\u00e1rios relataram que at\u00e9 polos industriais da Grande Natal enfrentam problemas de log\u00edstica t\u00e3o graves que chegam a depender de tratores para escoar mercadorias durante o per\u00edodo chuvoso.<\/p>\n\n\n\n<p>Despesas p\u00fablicas e gest\u00e3o<\/p>\n\n\n\n<p>O levantamento mostra que os potiguares arcam com o custo mais alto de despesas com pessoal per capita em todo o Nordeste: R$ 3.958,24 ao ano, contra uma m\u00e9dia regional de R$ 2.762,09. Apesar disso, a efici\u00eancia da m\u00e1quina p\u00fablica est\u00e1 entre as piores do pa\u00eds, ocupando a 27\u00aa posi\u00e7\u00e3o no ranking nacional.<\/p>\n\n\n\n<p>Educa\u00e7\u00e3o em crise<\/p>\n\n\n\n<p>Na educa\u00e7\u00e3o, o estado amarga o 27\u00ba lugar no \u00cdndice de Desenvolvimento da Educa\u00e7\u00e3o B\u00e1sica (Ideb). O semin\u00e1rio destacou cr\u00edticas \u00e0 pol\u00edtica estadual de progress\u00e3o autom\u00e1tica de alunos, mesmo em casos de reprova\u00e7\u00e3o em at\u00e9 seis disciplinas. Para especialistas, a pr\u00e1tica \u201cnivela por baixo\u201d e desestimula a meritocracia no sistema de ensino.<\/p>\n\n\n\n<p>Sa\u00fade sobrecarregada<\/p>\n\n\n\n<p>O sistema de sa\u00fade foi outro ponto de alerta. Relatos apontam hospitais regionais prec\u00e1rios e superlotados, o que obriga moradores a percorrer at\u00e9 400 km em busca de cirurgias. A proposta discutida no semin\u00e1rio foi a cria\u00e7\u00e3o de cons\u00f3rcios intermunicipais para fortalecer os servi\u00e7os b\u00e1sicos e aliviar a rede estadual.<\/p>\n\n\n\n<p>Seguran\u00e7a p\u00fablica insuficiente<\/p>\n\n\n\n<p>Na \u00e1rea da seguran\u00e7a, o efetivo policial \u00e9 considerado insuficiente, chegando a ser descrito como cinco vezes menor do que o necess\u00e1rio. Al\u00e9m disso, o combate \u00e0s drogas n\u00e3o \u00e9 tratado como pol\u00edtica multidisciplinar, o que, segundo os participantes, compromete a efetividade das a\u00e7\u00f5es.<\/p>\n\n\n\n<p>Saneamento e abastecimento<\/p>\n\n\n\n<p>O cen\u00e1rio de saneamento b\u00e1sico tamb\u00e9m preocupa. Natal caiu 16 posi\u00e7\u00f5es no ranking do Instituto Trata Brasil, sendo uma das tr\u00eas cidades com pior desempenho entre as 100 maiores do pa\u00eds. A cobertura de esgoto caiu de 53,79% para 43,66%, enquanto as perdas de \u00e1gua atingem 52,2%, colocando o RN como o segundo estado nordestino com maior \u00edndice de desperd\u00edcio. A Companhia de \u00c1guas e Esgotos do RN (Caern) foi apontada como ineficiente, com sugest\u00f5es de desestatiza\u00e7\u00e3o.<\/p>\n\n\n\n<p>Panorama socioecon\u00f4mico<\/p>\n\n\n\n<p>A Regi\u00e3o Metropolitana de Natal concentra 43,1% da popula\u00e7\u00e3o potiguar (1,42 milh\u00e3o de habitantes) e 47,2% do PIB estadual. Apesar disso, a renda per capita regional (R$ 26,6 mil) ainda \u00e9 inferior \u00e0 m\u00e9dia do Brasil (R$ 55 mil). Al\u00e9m disso, 32,9% da popula\u00e7\u00e3o do estado recebe Bolsa Fam\u00edlia, \u00edndice que foi alvo de debates sobre o impacto do programa na desqualifica\u00e7\u00e3o da m\u00e3o de obra.<\/p>\n\n\n\n<p>Mobiliza\u00e7\u00e3o social<\/p>\n\n\n\n<p>O Rota 22 realizou 21 oficinas em munic\u00edpios do RN e cinco semin\u00e1rios regionais, envolvendo mais de 52 horas de debates com a popula\u00e7\u00e3o. Ao todo, foram levantadas 299 propostas para enfrentar os desafios locais. Entre os principais eixos destacados est\u00e3o: empreendedorismo, educa\u00e7\u00e3o, sa\u00fade, seguran\u00e7a, saneamento, infraestrutura, cidadania e governan\u00e7a p\u00fablica.<\/p>\n","protected":false},"excerpt":{"rendered":"<p>O Projeto Rota 22 realizado de fevereiro a agosto deste ano apresentou um diagn\u00f3stico preocupante sobre a atual situa\u00e7\u00e3o do [&hellip;]<\/p>\n","protected":false},"author":1,"featured_media":0,"comment_status":"closed","ping_status":"","sticky":false,"template":"","format":"image","meta":{"site-sidebar-layout":"default","site-content-layout":"","ast-site-content-layout":"default","site-content-style":"default","site-sidebar-style":"default","ast-global-header-display":"","ast-banner-title-visibility":"","ast-main-header-display":"","ast-hfb-above-header-display":"","ast-hfb-below-header-display":"","ast-hfb-mobile-header-display":"","site-post-title":"","ast-breadcrumbs-content":"","ast-featured-img":"","footer-sml-layout":"","ast-disable-related-posts":"","theme-transparent-header-meta":"","adv-header-id-meta":"","stick-header-meta":"","header-above-stick-meta":"","header-main-stick-meta":"","header-below-stick-meta":"","astra-migrate-meta-layouts":"default","ast-page-background-enabled":"default","ast-page-background-meta":{"desktop":{"background-color":"var(--ast-global-color-4)","background-image":"","background-repeat":"repeat","background-position":"center center","background-size":"auto","background-attachment":"scroll","background-type":"","background-media":"","overlay-type":"","overlay-color":"","overlay-opacity":"","overlay-gradient":""},"tablet":{"background-color":"","background-image":"","background-repeat":"repeat","background-position":"center center","background-size":"auto","background-attachment":"scroll","background-type":"","background-media":"","overlay-type":"","overlay-color":"","overlay-opacity":"","overlay-gradient":""},"mobile":{"background-color":"","background-image":"","background-repeat":"repeat","background-position":"center center","background-size":"auto","background-attachment":"scroll","background-type":"","background-media":"","overlay-type":"","overlay-color":"","overlay-opacity":"","overlay-gradient":""}},"ast-content-background-meta":{"desktop":{"background-color":"var(--ast-global-color-5)","background-image":"","background-repeat":"repeat","background-position":"center center","background-size":"auto","background-attachment":"scroll","background-type":"","background-media":"","overlay-type":"","overlay-color":"","overlay-opacity":"","overlay-gradient":""},"tablet":{"background-color":"var(--ast-global-color-5)","background-image":"","background-repeat":"repeat","background-position":"center center","background-size":"auto","background-attachment":"scroll","background-type":"","background-media":"","overlay-type":"","overlay-color":"","overlay-opacity":"","overlay-gradient":""},"mobile":{"background-color":"var(--ast-global-color-5)","background-image":"","background-repeat":"repeat","background-position":"center center","background-size":"auto","background-attachment":"scroll","background-type":"","background-media":"","overlay-type":"","overlay-color":"","overlay-opacity":"","overlay-gradient":""}},"footnotes":""},"categories":[517],"tags":[],"class_list":["post-29359","post","type-post","status-publish","format-image","hentry","category-aconteceu","post_format-post-format-image"],"_links":{"self":[{"href":"https:\/\/noticiasnoface.com.br\/index.php\/wp-json\/wp\/v2\/posts\/29359","targetHints":{"allow":["GET"]}}],"collection":[{"href":"https:\/\/noticiasnoface.com.br\/index.php\/wp-json\/wp\/v2\/posts"}],"about":[{"href":"https:\/\/noticiasnoface.com.br\/index.php\/wp-json\/wp\/v2\/types\/post"}],"author":[{"embeddable":true,"href":"https:\/\/noticiasnoface.com.br\/index.php\/wp-json\/wp\/v2\/users\/1"}],"replies":[{"embeddable":true,"href":"https:\/\/noticiasnoface.com.br\/index.php\/wp-json\/wp\/v2\/comments?post=29359"}],"version-history":[{"count":3,"href":"https:\/\/noticiasnoface.com.br\/index.php\/wp-json\/wp\/v2\/posts\/29359\/revisions"}],"predecessor-version":[{"id":29408,"href":"https:\/\/noticiasnoface.com.br\/index.php\/wp-json\/wp\/v2\/posts\/29359\/revisions\/29408"}],"wp:attachment":[{"href":"https:\/\/noticiasnoface.com.br\/index.php\/wp-json\/wp\/v2\/media?parent=29359"}],"wp:term":[{"taxonomy":"category","embeddable":true,"href":"https:\/\/noticiasnoface.com.br\/index.php\/wp-json\/wp\/v2\/categories?post=29359"},{"taxonomy":"post_tag","embeddable":true,"href":"https:\/\/noticiasnoface.com.br\/index.php\/wp-json\/wp\/v2\/tags?post=29359"}],"curies":[{"name":"wp","href":"https:\/\/api.w.org\/{rel}","templated":true}]}}