{"id":29374,"date":"2025-08-21T21:42:31","date_gmt":"2025-08-22T00:42:31","guid":{"rendered":"https:\/\/noticiasnoface.com.br\/?p=29374"},"modified":"2025-08-21T21:42:31","modified_gmt":"2025-08-22T00:42:31","slug":"moraes-envia-a-pgr-indiciamento-de-bolsonaro-e-eduardo","status":"publish","type":"post","link":"https:\/\/noticiasnoface.com.br\/index.php\/2025\/08\/21\/moraes-envia-a-pgr-indiciamento-de-bolsonaro-e-eduardo\/","title":{"rendered":"Moraes envia \u00e0 PGR indiciamento de Bolsonaro e Eduardo"},"content":{"rendered":"\n<figure class=\"wp-block-image size-large\"><img data-opt-id=256022882  fetchpriority=\"high\" decoding=\"async\" width=\"802\" height=\"526\" src=\"https:\/\/mlbfrsat7ahr.i.optimole.com\/w:auto\/h:auto\/q:mauto\/ig:avif\/https:\/\/noticiasnoface.com.br\/wp-content\/uploads\/2025\/08\/image-3.jpg\" class=\"wp-image-29373\" srcset=\"https:\/\/mlbfrsat7ahr.i.optimole.com\/w:802\/h:526\/q:mauto\/ig:avif\/https:\/\/noticiasnoface.com.br\/wp-content\/uploads\/2025\/08\/image-3.jpg 802w, https:\/\/mlbfrsat7ahr.i.optimole.com\/w:300\/h:197\/q:mauto\/ig:avif\/https:\/\/noticiasnoface.com.br\/wp-content\/uploads\/2025\/08\/image-3.jpg 300w, https:\/\/mlbfrsat7ahr.i.optimole.com\/w:768\/h:504\/q:mauto\/ig:avif\/https:\/\/noticiasnoface.com.br\/wp-content\/uploads\/2025\/08\/image-3.jpg 768w\" sizes=\"(max-width: 802px) 100vw, 802px\" \/><\/figure>\n\n\n\n<h2 class=\"wp-block-heading subhead\">Caber\u00e1 ao procurador-geral, Paulo Gonet, definir se oferece den\u00fancia, se requisita novas dilig\u00eancias ou se pede o arquivamento da investiga\u00e7\u00e3o<\/h2>\n\n\n\n<p>20\/08\/25 \u00e0s 21:36&nbsp;|&nbsp;Atualizado&nbsp;21\/08\/25 \u00e0s 02:14<\/p>\n\n\n\n<p>ouvir not\u00edcia<\/p>\n\n\n\n<p>0:00&nbsp;1.0x<\/p>\n\n\n\n<p>O ministro&nbsp;<strong>Alexandre de Moraes<\/strong>, do&nbsp;<strong>STF (Supremo Tribunal Federal)<\/strong>, enviou \u00e0&nbsp;<strong>PGR (Procuradoria-Geral da Rep\u00fablica)<\/strong>&nbsp;o relat\u00f3rio que cont\u00e9m o indiciamento do ex-presidente&nbsp;<strong>Jair Bolsonaro<\/strong>&nbsp;(PL) e do deputado federal Eduardo Bolsonaro (PL-SP).<\/p>\n\n\n\n<p>Agora, caber\u00e1 ao procurador-geral, Paulo Gonet,&nbsp;<a href=\"https:\/\/www.cnnbrasil.com.br\/politica\/relatorio-investigados-pela-pf-buscavam-coagir-judiciario-e-legislativo\/\" target=\"_blank\" rel=\"noreferrer noopener\">definir se oferece den\u00fancia, se requisita novas dilig\u00eancias ou se pede o arquivamento da investiga\u00e7\u00e3o<\/a>. A \u00faltima hip\u00f3tese \u00e9 considerada remota.<\/p>\n\n\n\n<p>A PF indiciou pai e filho devido \u00e0 atua\u00e7\u00e3o do parlamentar nos Estados Unidos. A conclus\u00e3o \u00e9 de que ambos atuaram em conluio para coagir o Judici\u00e1rio e evitar o avan\u00e7o da investiga\u00e7\u00e3o sobre o golpe de Estado.<\/p>\n\n\n\n<p>Bolsonaro \u00e9 o principal r\u00e9u do &#8220;n\u00facleo 1&#8221; da a\u00e7\u00e3o penal, que come\u00e7ar\u00e1 a ser julgada pela Primeira Turma do STF em 2 de setembro. A a\u00e7\u00e3o tem como relator o ministro Alexandre de Moraes, alvo de san\u00e7\u00f5es por parte dos EUA.<\/p>\n\n\n\n<p>No despacho, assinado poucas horas depois da divulga\u00e7\u00e3o do relat\u00f3rio, Moraes cita o trecho em que a PF diz ver ind\u00edcios de que o ex-presidente e o deputado est\u00e3o tentando interferir no curso da a\u00e7\u00e3o penal sobre a trama golpista.<\/p>\n\n\n\n<p>Logo em seguida, o ministro escreve: &#8220;Encaminhem-se os autos \u00e0 Procuradoria-Geral da Rep\u00fablica para manifesta\u00e7\u00e3o quanto ao relat\u00f3rio final apresentado pela Pol\u00edcia Federal, nos termos do C\u00f3digo de Processo Penal&#8221;.<\/p>\n\n\n\n<p>Gonet n\u00e3o tem um prazo espec\u00edfico para se manifestar, mas auxiliares do procurador-geral dizem que o caso \u00e9 tratado com prioridade, indicando que uma defini\u00e7\u00e3o sobre o tema n\u00e3o deve demorar.<\/p>\n\n\n\n<p><\/p>\n","protected":false},"excerpt":{"rendered":"<p>Caber\u00e1 ao procurador-geral, Paulo Gonet, definir se oferece den\u00fancia, se requisita novas dilig\u00eancias ou se pede o arquivamento da investiga\u00e7\u00e3o [&hellip;]<\/p>\n","protected":false},"author":1,"featured_media":0,"comment_status":"closed","ping_status":"","sticky":false,"template":"","format":"image","meta":{"site-sidebar-layout":"default","site-content-layout":"","ast-site-content-layout":"default","site-content-style":"default","site-sidebar-style":"default","ast-global-header-display":"","ast-banner-title-visibility":"","ast-main-header-display":"","ast-hfb-above-header-display":"","ast-hfb-below-header-display":"","ast-hfb-mobile-header-display":"","site-post-title":"","ast-breadcrumbs-content":"","ast-featured-img":"","footer-sml-layout":"","ast-disable-related-posts":"","theme-transparent-header-meta":"","adv-header-id-meta":"","stick-header-meta":"","header-above-stick-meta":"","header-main-stick-meta":"","header-below-stick-meta":"","astra-migrate-meta-layouts":"default","ast-page-background-enabled":"default","ast-page-background-meta":{"desktop":{"background-color":"var(--ast-global-color-4)","background-image":"","background-repeat":"repeat","background-position":"center center","background-size":"auto","background-attachment":"scroll","background-type":"","background-media":"","overlay-type":"","overlay-color":"","overlay-opacity":"","overlay-gradient":""},"tablet":{"background-color":"","background-image":"","background-repeat":"repeat","background-position":"center center","background-size":"auto","background-attachment":"scroll","background-type":"","background-media":"","overlay-type":"","overlay-color":"","overlay-opacity":"","overlay-gradient":""},"mobile":{"background-color":"","background-image":"","background-repeat":"repeat","background-position":"center center","background-size":"auto","background-attachment":"scroll","background-type":"","background-media":"","overlay-type":"","overlay-color":"","overlay-opacity":"","overlay-gradient":""}},"ast-content-background-meta":{"desktop":{"background-color":"var(--ast-global-color-5)","background-image":"","background-repeat":"repeat","background-position":"center center","background-size":"auto","background-attachment":"scroll","background-type":"","background-media":"","overlay-type":"","overlay-color":"","overlay-opacity":"","overlay-gradient":""},"tablet":{"background-color":"var(--ast-global-color-5)","background-image":"","background-repeat":"repeat","background-position":"center center","background-size":"auto","background-attachment":"scroll","background-type":"","background-media":"","overlay-type":"","overlay-color":"","overlay-opacity":"","overlay-gradient":""},"mobile":{"background-color":"var(--ast-global-color-5)","background-image":"","background-repeat":"repeat","background-position":"center center","background-size":"auto","background-attachment":"scroll","background-type":"","background-media":"","overlay-type":"","overlay-color":"","overlay-opacity":"","overlay-gradient":""}},"footnotes":""},"categories":[517],"tags":[],"class_list":["post-29374","post","type-post","status-publish","format-image","hentry","category-aconteceu","post_format-post-format-image"],"_links":{"self":[{"href":"https:\/\/noticiasnoface.com.br\/index.php\/wp-json\/wp\/v2\/posts\/29374","targetHints":{"allow":["GET"]}}],"collection":[{"href":"https:\/\/noticiasnoface.com.br\/index.php\/wp-json\/wp\/v2\/posts"}],"about":[{"href":"https:\/\/noticiasnoface.com.br\/index.php\/wp-json\/wp\/v2\/types\/post"}],"author":[{"embeddable":true,"href":"https:\/\/noticiasnoface.com.br\/index.php\/wp-json\/wp\/v2\/users\/1"}],"replies":[{"embeddable":true,"href":"https:\/\/noticiasnoface.com.br\/index.php\/wp-json\/wp\/v2\/comments?post=29374"}],"version-history":[{"count":1,"href":"https:\/\/noticiasnoface.com.br\/index.php\/wp-json\/wp\/v2\/posts\/29374\/revisions"}],"predecessor-version":[{"id":29375,"href":"https:\/\/noticiasnoface.com.br\/index.php\/wp-json\/wp\/v2\/posts\/29374\/revisions\/29375"}],"wp:attachment":[{"href":"https:\/\/noticiasnoface.com.br\/index.php\/wp-json\/wp\/v2\/media?parent=29374"}],"wp:term":[{"taxonomy":"category","embeddable":true,"href":"https:\/\/noticiasnoface.com.br\/index.php\/wp-json\/wp\/v2\/categories?post=29374"},{"taxonomy":"post_tag","embeddable":true,"href":"https:\/\/noticiasnoface.com.br\/index.php\/wp-json\/wp\/v2\/tags?post=29374"}],"curies":[{"name":"wp","href":"https:\/\/api.w.org\/{rel}","templated":true}]}}