{"id":29385,"date":"2025-08-22T21:51:03","date_gmt":"2025-08-23T00:51:03","guid":{"rendered":"https:\/\/noticiasnoface.com.br\/?p=29385"},"modified":"2025-08-22T21:51:03","modified_gmt":"2025-08-23T00:51:03","slug":"audiencia-na-camara-discute-implantacao-de-parque-linear-em-natal","status":"publish","type":"post","link":"https:\/\/noticiasnoface.com.br\/index.php\/2025\/08\/22\/audiencia-na-camara-discute-implantacao-de-parque-linear-em-natal\/","title":{"rendered":"Audi\u00eancia na C\u00e2mara discute implanta\u00e7\u00e3o de parque linear em Natal&nbsp;"},"content":{"rendered":"\n<figure class=\"wp-block-image foto-noticia\"><img data-opt-id=848627846  fetchpriority=\"high\" decoding=\"async\" src=\"https:\/\/www.cmnat.rn.gov.br\/_ups\/noticias\/2025\/08\/22\/f08e31b1d0f7d669eabbb8134c12970f.jpeg\" alt=\"\"\/><\/figure>\n\n\n\n<p>A C\u00e2mara Municipal de Natal realizou nesta sexta-feira (22) uma audi\u00eancia p\u00fablica para debater o projeto de implanta\u00e7\u00e3o de um parque linear \u00e0s margens da Avenida Engenheiro Roberto Freire, na zona Sul da cidade. A iniciativa foi proposta pela Mesa Diretora da Casa e reuniu representantes de \u00f3rg\u00e3os p\u00fablicos, entidades da sociedade civil, pesquisadores e especialistas em meio ambiente para esclarecer d\u00favidas sobre o projeto e ouvir sugest\u00f5es sobre a proposta, que pretende transformar uma \u00e1rea do Parque Estadual das Dunas em novo espa\u00e7o de lazer, educa\u00e7\u00e3o ambiental e conviv\u00eancia.<\/p>\n\n\n\n<p>A audi\u00eancia foi aberta pelo presidente da C\u00e2mara, vereador Eriko J\u00e1come (PP), e conduzida pelo primeiro secret\u00e1rio da Mesa Diretora, vereador Kleber Fernandes (Republicanos). Eriko destacou a import\u00e2ncia da discuss\u00e3o p\u00fablica.<br \/>\u201cS\u00e3o muitas d\u00favidas e essa audi\u00eancia veio para esclarecer sobre o que ser\u00e1 esse parque linear, com sugest\u00f5es para que seja feito da melhor forma poss\u00edvel, valorizando e trazendo o crescimento e o fortalecimento da nossa cidade\u201d, afirmou.<\/p>\n\n\n\n<p>O projeto prev\u00ea a utiliza\u00e7\u00e3o de uma \u00e1rea de aproximadamente 10 hectares dentro dos limites do Parque das Dunas \u2014 o maior parque urbano em \u00e1rea cont\u00ednua sobre dunas do Brasil. A cess\u00e3o do terreno, sob responsabilidade do Ex\u00e9rcito Brasileiro, foi formalizada por meio de um termo de concess\u00e3o assinado recentemente pela Prefeitura do Natal e pelo Ex\u00e9rcito.<\/p>\n\n\n\n<p>O secret\u00e1rio municipal de Meio Ambiente e Urbanismo (Semurb), Thiago Mesquita, detalhou o plano e defendeu sua viabilidade. \u201cEssa \u00e1rea representa menos de 1% do total. Vamos transformar 100 mil metros quadrados, atualmente sem uso, em um parque linear com foco em educa\u00e7\u00e3o e percep\u00e7\u00e3o ambiental, atividades esportivas, lazer e espa\u00e7o para eventos\u201d, explicou Mesquita, afirmando que o projeto tamb\u00e9m conta com um trabalho de reflorestamento da \u00e1rea.<\/p>\n\n\n\n<p>Ambientalistas e representantes de \u00f3rg\u00e3os de fiscaliza\u00e7\u00e3o alertaram para os limites legais e a import\u00e2ncia do di\u00e1logo. Mari Soragi, gestora do Parque das Dunas, ressaltou que a categoria de conserva\u00e7\u00e3o integral exige o uso controlado e restrito da \u00e1rea. \u201cA \u00e1rea est\u00e1 preservada e faz parte de uma unidade de conserva\u00e7\u00e3o de prote\u00e7\u00e3o integral. Existe um regramento que precisa ser respeitado. O que pode ser pensado \u00e9 algo semelhante ao Bosque dos Namorados, que \u00e9 uma estrutura de uso p\u00fablico controlado e voltada para os objetivos da conserva\u00e7\u00e3o\u201d, esclareceu Soragi.<\/p>\n\n\n\n<p>Representando o Minist\u00e9rio P\u00fablico Federal, o procurador da Rep\u00fablica Victor Mariz refor\u00e7ou a import\u00e2ncia do di\u00e1logo entre munic\u00edpio, estado e Uni\u00e3o. \u201c\u00c9 imprescind\u00edvel o di\u00e1logo entre os tr\u00eas entes. Ainda faltam dados como o levantamento florestal e estudos morfol\u00f3gicos. Antecipem-se aos problemas. \u00c9 fundamental avaliar se esse tipo de interven\u00e7\u00e3o \u00e9 mesmo compat\u00edvel com uma unidade de conserva\u00e7\u00e3o integral\u201d, ponderou Mariz.<\/p>\n\n\n\n<p>Tamb\u00e9m participaram da audi\u00eancia vereadores, representantes da OAB\/RN, Fecom\u00e9rcio RN, Crea\/RN, UFRN, Minist\u00e9rio P\u00fablico Estadual, Idema, secret\u00e1rios municipais, professores e pesquisadores, que trouxeram contribui\u00e7\u00f5es t\u00e9cnicas e sociais ao debate.<\/p>\n\n\n\n<p><em>Texto: Cl\u00e1udio Oliveira<br \/>Fotos: Ot\u00e1vio Augusto<\/em><\/p>\n","protected":false},"excerpt":{"rendered":"<p>A C\u00e2mara Municipal de Natal realizou nesta sexta-feira (22) uma audi\u00eancia p\u00fablica para debater o projeto de implanta\u00e7\u00e3o de um [&hellip;]<\/p>\n","protected":false},"author":1,"featured_media":0,"comment_status":"closed","ping_status":"","sticky":false,"template":"","format":"image","meta":{"site-sidebar-layout":"default","site-content-layout":"","ast-site-content-layout":"default","site-content-style":"default","site-sidebar-style":"default","ast-global-header-display":"","ast-banner-title-visibility":"","ast-main-header-display":"","ast-hfb-above-header-display":"","ast-hfb-below-header-display":"","ast-hfb-mobile-header-display":"","site-post-title":"","ast-breadcrumbs-content":"","ast-featured-img":"","footer-sml-layout":"","ast-disable-related-posts":"","theme-transparent-header-meta":"","adv-header-id-meta":"","stick-header-meta":"","header-above-stick-meta":"","header-main-stick-meta":"","header-below-stick-meta":"","astra-migrate-meta-layouts":"default","ast-page-background-enabled":"default","ast-page-background-meta":{"desktop":{"background-color":"var(--ast-global-color-4)","background-image":"","background-repeat":"repeat","background-position":"center center","background-size":"auto","background-attachment":"scroll","background-type":"","background-media":"","overlay-type":"","overlay-color":"","overlay-opacity":"","overlay-gradient":""},"tablet":{"background-color":"","background-image":"","background-repeat":"repeat","background-position":"center center","background-size":"auto","background-attachment":"scroll","background-type":"","background-media":"","overlay-type":"","overlay-color":"","overlay-opacity":"","overlay-gradient":""},"mobile":{"background-color":"","background-image":"","background-repeat":"repeat","background-position":"center center","background-size":"auto","background-attachment":"scroll","background-type":"","background-media":"","overlay-type":"","overlay-color":"","overlay-opacity":"","overlay-gradient":""}},"ast-content-background-meta":{"desktop":{"background-color":"var(--ast-global-color-5)","background-image":"","background-repeat":"repeat","background-position":"center center","background-size":"auto","background-attachment":"scroll","background-type":"","background-media":"","overlay-type":"","overlay-color":"","overlay-opacity":"","overlay-gradient":""},"tablet":{"background-color":"var(--ast-global-color-5)","background-image":"","background-repeat":"repeat","background-position":"center center","background-size":"auto","background-attachment":"scroll","background-type":"","background-media":"","overlay-type":"","overlay-color":"","overlay-opacity":"","overlay-gradient":""},"mobile":{"background-color":"var(--ast-global-color-5)","background-image":"","background-repeat":"repeat","background-position":"center center","background-size":"auto","background-attachment":"scroll","background-type":"","background-media":"","overlay-type":"","overlay-color":"","overlay-opacity":"","overlay-gradient":""}},"footnotes":""},"categories":[3816],"tags":[],"class_list":["post-29385","post","type-post","status-publish","format-image","hentry","category-camara-municipal-de-natal","post_format-post-format-image"],"_links":{"self":[{"href":"https:\/\/noticiasnoface.com.br\/index.php\/wp-json\/wp\/v2\/posts\/29385","targetHints":{"allow":["GET"]}}],"collection":[{"href":"https:\/\/noticiasnoface.com.br\/index.php\/wp-json\/wp\/v2\/posts"}],"about":[{"href":"https:\/\/noticiasnoface.com.br\/index.php\/wp-json\/wp\/v2\/types\/post"}],"author":[{"embeddable":true,"href":"https:\/\/noticiasnoface.com.br\/index.php\/wp-json\/wp\/v2\/users\/1"}],"replies":[{"embeddable":true,"href":"https:\/\/noticiasnoface.com.br\/index.php\/wp-json\/wp\/v2\/comments?post=29385"}],"version-history":[{"count":1,"href":"https:\/\/noticiasnoface.com.br\/index.php\/wp-json\/wp\/v2\/posts\/29385\/revisions"}],"predecessor-version":[{"id":29386,"href":"https:\/\/noticiasnoface.com.br\/index.php\/wp-json\/wp\/v2\/posts\/29385\/revisions\/29386"}],"wp:attachment":[{"href":"https:\/\/noticiasnoface.com.br\/index.php\/wp-json\/wp\/v2\/media?parent=29385"}],"wp:term":[{"taxonomy":"category","embeddable":true,"href":"https:\/\/noticiasnoface.com.br\/index.php\/wp-json\/wp\/v2\/categories?post=29385"},{"taxonomy":"post_tag","embeddable":true,"href":"https:\/\/noticiasnoface.com.br\/index.php\/wp-json\/wp\/v2\/tags?post=29385"}],"curies":[{"name":"wp","href":"https:\/\/api.w.org\/{rel}","templated":true}]}}